{"id":637117,"date":"2026-01-02T22:41:13","date_gmt":"2026-01-02T22:41:13","guid":{"rendered":"https:\/\/www.europesays.com\/fr\/637117\/"},"modified":"2026-01-02T22:41:13","modified_gmt":"2026-01-02T22:41:13","slug":"vous-nauriez-probablement-jamais-vu-le-jour-sans-cette-enorme-planete","status":"publish","type":"post","link":"https:\/\/www.europesays.com\/fr\/637117\/","title":{"rendered":"Vous n&rsquo;auriez probablement jamais vu le jour sans cette \u00e9norme plan\u00e8te"},"content":{"rendered":"<p data-start=\"270\" data-end=\"998\"><strong>Si vous vous \u00eates d\u00e9j\u00e0 demand\u00e9 pourquoi la Terre existe et n\u2019a pas \u00e9t\u00e9 engloutie par le Soleil, une partie de la r\u00e9ponse se trouve dans la plus grande plan\u00e8te du syst\u00e8me solaire. Une nouvelle \u00e9tude de l\u2019universit\u00e9 Rice r\u00e9v\u00e8le que Jupiter n\u2019a pas seulement domin\u00e9 par sa masse\u202f: sa pr\u00e9sence et sa migration pr\u00e9coce ont permis aux plan\u00e8tes internes, dont la Terre, de survivre dans le disque protoplan\u00e9taire. Sans elle, notre plan\u00e8te n\u2019aurait peut-\u00eatre jamais atteint son orbite stable, et la vie telle que nous la connaissons n\u2019aurait pas exist\u00e9.\u00a0<\/strong><\/p>\n<p>Les d\u00e9fis de la formation des plan\u00e8tes internes<\/p>\n<p data-start=\"1061\" data-end=\"1709\">La naissance du <a href=\"https:\/\/sciencepost.fr\/un-nouveau-monde-a-ete-decouvert-dans-notre-systeme-solaire\/\" target=\"_blank\" rel=\"noopener\">syst\u00e8me solaire<\/a>, il y a environ 4,57 milliards d\u2019ann\u00e9es, a commenc\u00e9 par un nuage de gaz et de poussi\u00e8re qui s\u2019est effondr\u00e9 pour former le Soleil au centre et un disque d\u2019accr\u00e9tion autour. Ce disque est devenu le berceau des plan\u00e8tes. Cependant, un ph\u00e9nom\u00e8ne appel\u00e9 d\u00e9rive radiale posait un probl\u00e8me\u202f: les petits corps solides, appel\u00e9s plan\u00e9t\u00e9simaux, auraient d\u00fb perdre de l\u2019\u00e9nergie et se difiger vers le Soleil sous l\u2019effet de la friction avec le gaz environnant. Selon les mod\u00e8les classiques, la Terre, Mercure, V\u00e9nus et Mars auraient d\u00fb finir par se d\u00e9sint\u00e9grer dans l\u2019astre central, rendant leur existence presque impossible.<\/p>\n<p data-start=\"1711\" data-end=\"2048\">Des observations r\u00e9centes de syst\u00e8mes extrasolaires avec le t\u00e9lescope ALMA ont montr\u00e9 que la disparition des plan\u00e8tes internes est fr\u00e9quente, renfor\u00e7ant l\u2019id\u00e9e que notre syst\u00e8me solaire est exceptionnel. Ce constat a pouss\u00e9 les scientifiques \u00e0 chercher un facteur qui aurait prot\u00e9g\u00e9 les plan\u00e8tes internes et permis leur formation stable.<\/p>\n<p>Jupiter : une sauvegarde gravitationnelle<\/p>\n<p data-start=\"2105\" data-end=\"2526\">La recherche de l\u2019universit\u00e9 Rice, publi\u00e9e dans <a class=\"Link\" href=\"https:\/\/www.science.org\/doi\/10.1126\/sciadv.ady4823\" target=\"_blank\" rel=\"noopener\" data-cms-ai=\"0\">Science Advances,<\/a>\u00a0apporte une explication fascinante. Jupiter, la g\u00e9ante gazeuse, s\u2019est form\u00e9e tr\u00e8s rapidement et a migr\u00e9 vers l\u2019int\u00e9rieur du syst\u00e8me solaire avant de stabiliser sa trajectoire. Gr\u00e2ce \u00e0 sa puissance gravitationnelle, elle a cr\u00e9\u00e9 un espace relativement vide dans le disque de poussi\u00e8re et de gaz, limitant la friction et les collisions qui auraient d\u00e9truit les plan\u00e9t\u00e9simaux internes.<\/p>\n<p data-start=\"2528\" data-end=\"2987\">Cette action a permis aux plan\u00e8tes de maintenir des orbites stables et d\u2019\u00e9viter la d\u00e9sint\u00e9gration. En parall\u00e8le, Jupiter a contribu\u00e9 \u00e0 s\u00e9parer les m\u00e9t\u00e9orites non carbon\u00e9es (NC) des m\u00e9t\u00e9orites carbon\u00e9es (CC), qui pr\u00e9sentent aujourd\u2019hui des signatures isotopiques distinctes. Cela d\u00e9montre que la g\u00e9ante gazeuse a fa\u00e7onn\u00e9 la structure globale du syst\u00e8me solaire interne, influen\u00e7ant la r\u00e9partition de la mati\u00e8re et la composition des plan\u00e8tes et des ast\u00e9ro\u00efdes.<\/p>\n<p data-start=\"2989\" data-end=\"3261\">Andr\u00e9 Izidoro, professeur adjoint \u00e0 l\u2019universit\u00e9 Rice, r\u00e9sume\u202f: \u00ab\u202fJupiter n\u2019est pas seulement devenue la plus grande plan\u00e8te\u202f; elle a fa\u00e7onn\u00e9 l\u2019architecture de tout le syst\u00e8me solaire interne. Sans elle, la Terre telle que nous la connaissons n\u2019existerait peut-\u00eatre pas.\u202f\u00bb<\/p>\n<p><img loading=\"lazy\" data-lazyloaded=\"1\" decoding=\"async\" class=\"size-full wp-image-319464\" src=\"https:\/\/www.europesays.com\/fr\/wp-content\/uploads\/2026\/01\/telechargement.webp.webp\" alt=\"terre Jupiter\" width=\"1920\" height=\"459\"  data-\/>Cr\u00e9dit : Universit\u00e9 RiceComment Jupiter a fa\u00e7onn\u00e9 le syst\u00e8me solaireLes implications pour notre compr\u00e9hension du cosmos<\/p>\n<p data-start=\"3328\" data-end=\"3894\">Cette d\u00e9couverte a plusieurs cons\u00e9quences importantes. D\u2019abord, elle montre que la survie des plan\u00e8tes telluriques n\u2019est pas un processus automatique, mais d\u00e9pend de la dynamique complexe des corps massifs dans le syst\u00e8me solaire. Ensuite, elle sugg\u00e8re que des syst\u00e8mes solaires similaires au n\u00f4tre, avec des plan\u00e8tes internes stables, pourraient \u00eatre relativement rares dans l\u2019univers. Enfin, elle \u00e9claire l\u2019origine de certains types de m\u00e9t\u00e9orites et leur distribution, donnant aux scientifiques des indices pour retracer l\u2019histoire du disque protoplan\u00e9taire.<\/p>\n<p data-start=\"3896\" data-end=\"4331\">Ces r\u00e9sultats rappellent que m\u00eame les \u00e9v\u00e9nements \u00e0 grande \u00e9chelle dans l\u2019espace \u2014 comme la migration d\u2019une plan\u00e8te g\u00e9ante \u2014 peuvent avoir des cons\u00e9quences directes et d\u00e9terminantes sur la possibilit\u00e9 de vie sur des mondes \u00e9loign\u00e9s. L\u2019\u00e9tude, publi\u00e9e dans Science Advances, illustre comment la combinaison de l\u2019observation moderne et de la mod\u00e9lisation dynamique permet de r\u00e9soudre certains des myst\u00e8res les plus anciens du cosmos.<\/p>\n","protected":false},"excerpt":{"rendered":"Si vous vous \u00eates d\u00e9j\u00e0 demand\u00e9 pourquoi la Terre existe et n\u2019a pas \u00e9t\u00e9 engloutie par le Soleil,&hellip;\n","protected":false},"author":2,"featured_media":637118,"comment_status":"","ping_status":"","sticky":false,"template":"","format":"standard","meta":{"footnotes":""},"categories":[7],"tags":[1011,27,43,40,41,39,42,44],"class_list":{"0":"post-637117","1":"post","2":"type-post","3":"status-publish","4":"format-standard","5":"has-post-thumbnail","7":"category-sciences-et-technologies","8":"tag-fr","9":"tag-france","10":"tag-science","11":"tag-science-and-technology","12":"tag-sciences","13":"tag-sciences-et-technologies","14":"tag-technologies","15":"tag-technology"},"share_on_mastodon":{"url":"https:\/\/pubeurope.com\/@fr\/115827919005083937","error":""},"_links":{"self":[{"href":"https:\/\/www.europesays.com\/fr\/wp-json\/wp\/v2\/posts\/637117","targetHints":{"allow":["GET"]}}],"collection":[{"href":"https:\/\/www.europesays.com\/fr\/wp-json\/wp\/v2\/posts"}],"about":[{"href":"https:\/\/www.europesays.com\/fr\/wp-json\/wp\/v2\/types\/post"}],"author":[{"embeddable":true,"href":"https:\/\/www.europesays.com\/fr\/wp-json\/wp\/v2\/users\/2"}],"replies":[{"embeddable":true,"href":"https:\/\/www.europesays.com\/fr\/wp-json\/wp\/v2\/comments?post=637117"}],"version-history":[{"count":0,"href":"https:\/\/www.europesays.com\/fr\/wp-json\/wp\/v2\/posts\/637117\/revisions"}],"wp:featuredmedia":[{"embeddable":true,"href":"https:\/\/www.europesays.com\/fr\/wp-json\/wp\/v2\/media\/637118"}],"wp:attachment":[{"href":"https:\/\/www.europesays.com\/fr\/wp-json\/wp\/v2\/media?parent=637117"}],"wp:term":[{"taxonomy":"category","embeddable":true,"href":"https:\/\/www.europesays.com\/fr\/wp-json\/wp\/v2\/categories?post=637117"},{"taxonomy":"post_tag","embeddable":true,"href":"https:\/\/www.europesays.com\/fr\/wp-json\/wp\/v2\/tags?post=637117"}],"curies":[{"name":"wp","href":"https:\/\/api.w.org\/{rel}","templated":true}]}}