{"id":637125,"date":"2026-01-02T22:45:22","date_gmt":"2026-01-02T22:45:22","guid":{"rendered":"https:\/\/www.europesays.com\/fr\/637125\/"},"modified":"2026-01-02T22:45:22","modified_gmt":"2026-01-02T22:45:22","slug":"toutes-les-infos-sur-ubb-r92-actualites-union-bordeaux-begles-ubb-rugby","status":"publish","type":"post","link":"https:\/\/www.europesays.com\/fr\/637125\/","title":{"rendered":"Toutes les infos sur UBB-R92 ! &#8211; Actualit\u00e9s &#8211; Union Bordeaux B\u00e8gles (UBB Rugby)"},"content":{"rendered":"<p>                    Pour ce premier match de l&rsquo;ann\u00e9e 2026 , l&rsquo;UBB re\u00e7oit le\u00a0Racing 92 ce samedi \u00e0 21h05 pour la 14e journ\u00e9e de TOP 14 ! Avant-match, buvettes, boutiques&#8230; retrouvez toutes les infos \u00e0 conna\u00eetre sur la rencontre dans notre article :<br \/>\n<img loading=\"lazy\" decoding=\"async\" src=\"https:\/\/www.europesays.com\/fr\/wp-content\/uploads\/2026\/01\/Guichet ferm\u00e9 -16_9-ubbr92.png\" alt=\"\" width=\"782\" height=\"440\"\/><\/p>\n<p>Ce samedi\u00a0<strong>le Racing d\u00e9barque \u00e0 Chaban pour la 14e journ\u00e9e de TOP14.<\/strong><\/p>\n<p>En raison de la forte affluence attendue <strong>(25e guichets ferm\u00e9s de suite)<\/strong>, pensez \u00e0 anticiper votre arriv\u00e9e au stade pour ne rien manquer de cette affiche !<\/p>\n<p>LES INFOS<\/p>\n<p><strong>Le bus de l&rsquo;UBB d\u00e9posera les joueurs Place Johnston autour de 19h15,<\/strong> pour qu&rsquo;ils parcourent les derniers m\u00e8tres au plus proche de vous, <strong>avec speaker et DJ \u00e0 partir de 19h00.<\/strong> Venez partager ce moment privil\u00e9gi\u00e9 !\u00a0<\/p>\n<p>Afin d&rsquo;\u00e9viter tout retard et profiter pleinement de l&rsquo;avant-match, <strong>pensez \u00e0 vous pr\u00e9senter le plus t\u00f4t possible aux portes du stade (ouverture \u00e0 19h30)<\/strong> munis de vos billets\/abonnements et de vos justificatifs si vous b\u00e9n\u00e9ficiez d&rsquo;un tarif r\u00e9duit.<\/p>\n<p><img loading=\"lazy\" decoding=\"async\" src=\"https:\/\/www.europesays.com\/fr\/wp-content\/uploads\/2026\/01\/avantmatch-45-ubbr92 (1).jpg\" alt=\"\" width=\"782\" height=\"978\"\/><\/p>\n<p>Pour fluidifier votre entr\u00e9e dans le stade <strong>pensez \u00e0 pr\u00e9parer votre billet avant le contr\u00f4le<\/strong> d&rsquo;acc\u00e8s.<\/p>\n<p><strong>Pour rappel, en vertu du d\u00e9cret 2025-582 promulgu\u00e9 le 27 juin 2025, il est d\u00e9sormais interdit de fumer au sein et aux abords des enceintes sportives.<\/strong>\u00a0<\/p>\n<p>VENEZ D\u00eeNER \u00e0 chaban<\/p>\n<p><strong>Nos buvettes &amp; snacks vous attendront d\u00e8s l&rsquo;ouverture des portes \u00e0 19h30<\/strong> pour vous proposer de quoi vous restaurer !<\/p>\n<p><strong>Venez d\u00eener \u00e0 Chaban et profitez notamment de nos Burgers Montagnards et Hot-Dog \u00e0 l&rsquo;ancienne et Menus Chauds Chistera et Froids Pick&rsquo;n&rsquo;go !<\/strong><\/p>\n<p><img loading=\"lazy\" decoding=\"async\" src=\"https:\/\/www.europesays.com\/fr\/wp-content\/uploads\/2026\/01\/produit-1920x1080-burger (1).png\" alt=\"\" width=\"1200\" height=\"1200\"\/><\/p>\n<p>Retrouvez \u00e9galement nos corners sucr\u00e9s : Gaufres La Li\u00e8geoise (Village et Virage Sud), La Toque Cuivr\u00e9e (Virage Sud et Village), P\u00e9pite Cookie (Virage Sud) ainsi que notre Corner Spritz Lillet Ros\u00e9 sur le Village UBB by ALS !<\/p>\n<p>En\u00a0ce <strong>mois sans alcool<\/strong>, profitez de notre <strong>Bi\u00e8re<\/strong>\u00a0<strong>Tourtel<\/strong>\u00a0dans toutes les buvettes : d\u00e9salt\u00e9rante, rafra\u00eechissante et id\u00e9ale pour trinquer en toute convivialit\u00e9 !<\/p>\n<p><img loading=\"lazy\" decoding=\"async\" src=\"https:\/\/www.europesays.com\/fr\/wp-content\/uploads\/2026\/01\/menu-story copie-tourtel.jpg\" alt=\"\" width=\"782\" height=\"440\"\/><\/p>\n<p><strong>Profitez \u00e9galement de notre Happy Hour de 19h00 \u00e0 19h30<\/strong>\u00a0dans toutes nos buvettes ainsi que dans nos <strong>Bodega Supporter<\/strong> et <strong>Bodega by Joya<\/strong> pour partager un moment convivial !<\/p>\n<p>CONCERT<\/p>\n<p><img loading=\"lazy\" decoding=\"async\" src=\"https:\/\/www.europesays.com\/fr\/wp-content\/uploads\/2026\/01\/CONCERT 16_9-ubbr92.jpg\" alt=\"\" width=\"1200\" height=\"1200\"\/><\/p>\n<p>Pour cette rencontre <strong>l&rsquo;UBB invite Tsushik0 pour un DJ Set<\/strong><strong>\u00a0au village UBB by ALS.<\/strong><\/p>\n<p>N&rsquo;h\u00e9sitez pas \u00e0 venir\u00a0en famille et profiter du concert en<strong> avant et apr\u00e8s match !<\/strong><\/p>\n<p>Apr\u00e8s match<\/p>\n<p><strong>Retrouvez donc Tsushik0 sur le Village<\/strong> et faites un tour dans nos boutiques et buvettes qui restent ouvertes apr\u00e8s le coup de sifflet final !\u00a0<\/p>\n<p><img loading=\"lazy\" decoding=\"async\" src=\"https:\/\/www.europesays.com\/fr\/wp-content\/uploads\/2026\/01\/mitemps-45-ubbr92 (1).jpg\" alt=\"\" width=\"782\" height=\"978\"\/><\/p>\n<p><strong>Profitez \u00e9galement de la 3e mi-temps<\/strong> dans nos Bodegas Supporters et Joya qui restent ouvertes plus d&rsquo;1 heure apr\u00e8s le coup de sifflet final !<\/p>\n<p>\u00adC\u00d4T\u00c9 BOUTIQUE<\/p>\n<p>Ne manquez pas notre <strong>offre du match<\/strong> ce samedi ! Avec notre grand gant en mousse supporter offert d\u00e8s 55 euros d&rsquo;achat.<\/p>\n<p><img loading=\"lazy\" decoding=\"async\" src=\"https:\/\/www.europesays.com\/fr\/wp-content\/uploads\/2026\/01\/1920x1080-gant.jpg\" alt=\"\" width=\"782\" height=\"440\"\/><\/p>\n<p>\u00a0<\/p>\n<p>Avec l&rsquo;ensemble de nos collections UBB, disponibles \u00e0 l&rsquo;UBB Store ou\u00a0<strong>sur<a href=\"https:\/\/shop.ubbrugby.com\/fr\/10-tenues-de-match\" target=\"_blank\" rel=\"noopener\"> notre shop en ligne<\/a>\u00a0<\/strong>d\u00e8s maintenant<strong>.<\/strong><\/p>\n<p style=\"text-align: center;\"><a class=\"btn\" href=\"https:\/\/shop.ubbrugby.com\/fr\/?utm_source=Site+officiel&amp;utm_medium=header\" target=\"_blank\" rel=\"noopener\">NOS COLLECTIONS<\/a><\/p>\n<p>\u00adVENIR AU STADE<\/p>\n<p>D\u00e9couvrez les <strong>diff\u00e9rents moyens de locomotion pour vous rendre au stade<\/strong> les jours de match. Privil\u00e9giez la mobilit\u00e9 douce, car les places de stationnement aux abords de Chaban sont peu nombreuses.<\/p>\n<p style=\"text-align: center;\"><a class=\"btn\" href=\"https:\/\/www.ubbrugby.com\/actualites\/9879-comment-venir-au-stade-en-jour-de-match.html\" target=\"_blank\" rel=\"noopener\">PLUS D&rsquo;INFOS<\/a><\/p>\n","protected":false},"excerpt":{"rendered":"Pour ce premier match de l&rsquo;ann\u00e9e 2026 , l&rsquo;UBB re\u00e7oit le\u00a0Racing 92 ce samedi \u00e0 21h05 pour la&hellip;\n","protected":false},"author":2,"featured_media":637126,"comment_status":"","ping_status":"","sticky":false,"template":"","format":"standard","meta":{"footnotes":""},"categories":[2],"tags":[1111,47,11,4402,1997,4404,4401,4356,4400,4357,1983,1011,27,1987,1114,2947,955,12,4048,479,517,2858,478,4364,4403,1264],"class_list":{"0":"post-637125","1":"post","2":"type-post","3":"status-publish","4":"format-standard","5":"has-post-thumbnail","7":"category-actualites","8":"tag-actu","9":"tag-actualite","10":"tag-actualites","11":"tag-begles","12":"tag-bordeaux","13":"tag-chaban","14":"tag-challenge-cup","15":"tag-coronavirus","16":"tag-covid","17":"tag-covid-19","18":"tag-essai","19":"tag-fr","20":"tag-france","21":"tag-girondins","22":"tag-infos","23":"tag-lnr","24":"tag-match","25":"tag-news","26":"tag-presse","27":"tag-rugby","28":"tag-sport","29":"tag-stade","30":"tag-top-14","31":"tag-ubb","32":"tag-union","33":"tag-victoire"},"share_on_mastodon":{"url":"https:\/\/pubeurope.com\/@fr\/115827934998399723","error":""},"_links":{"self":[{"href":"https:\/\/www.europesays.com\/fr\/wp-json\/wp\/v2\/posts\/637125","targetHints":{"allow":["GET"]}}],"collection":[{"href":"https:\/\/www.europesays.com\/fr\/wp-json\/wp\/v2\/posts"}],"about":[{"href":"https:\/\/www.europesays.com\/fr\/wp-json\/wp\/v2\/types\/post"}],"author":[{"embeddable":true,"href":"https:\/\/www.europesays.com\/fr\/wp-json\/wp\/v2\/users\/2"}],"replies":[{"embeddable":true,"href":"https:\/\/www.europesays.com\/fr\/wp-json\/wp\/v2\/comments?post=637125"}],"version-history":[{"count":0,"href":"https:\/\/www.europesays.com\/fr\/wp-json\/wp\/v2\/posts\/637125\/revisions"}],"wp:featuredmedia":[{"embeddable":true,"href":"https:\/\/www.europesays.com\/fr\/wp-json\/wp\/v2\/media\/637126"}],"wp:attachment":[{"href":"https:\/\/www.europesays.com\/fr\/wp-json\/wp\/v2\/media?parent=637125"}],"wp:term":[{"taxonomy":"category","embeddable":true,"href":"https:\/\/www.europesays.com\/fr\/wp-json\/wp\/v2\/categories?post=637125"},{"taxonomy":"post_tag","embeddable":true,"href":"https:\/\/www.europesays.com\/fr\/wp-json\/wp\/v2\/tags?post=637125"}],"curies":[{"name":"wp","href":"https:\/\/api.w.org\/{rel}","templated":true}]}}