{"id":637129,"date":"2026-01-02T22:47:11","date_gmt":"2026-01-02T22:47:11","guid":{"rendered":"https:\/\/www.europesays.com\/fr\/637129\/"},"modified":"2026-01-02T22:47:11","modified_gmt":"2026-01-02T22:47:11","slug":"depuis-2014-nous-avons-double-notre-police-municipale-et-elle-est-armee","status":"publish","type":"post","link":"https:\/\/www.europesays.com\/fr\/637129\/","title":{"rendered":"\u00abdepuis 2014 nous avons doubl\u00e9 notre police municipale et elle est arm\u00e9e\u00bb"},"content":{"rendered":"<p>            Description de l&rsquo;\u00e9pisode<\/p>\n<p>Tous les jours de la semaine, invit\u00e9s et chroniqueurs sont autour du micro de Guillaume Lariche pour d\u00e9battre des actualit\u00e9s du jour. Ce soir, il re\u00e7oit le maire Sans \u00e9tiquette de Saint-\u00c9tienne, Jean-Pierre Berger pour revenir sur moyens mis \u00e0 dispositions des forces de l&rsquo;ordre et de la mont\u00e9 inqui\u00e9tante de la violence de notre soci\u00e9t\u00e9.<\/p>\n<p>Invit\u00e9s :<\/p>\n<ul>\n<li><strong>Jean-Pierre Berger, <\/strong>Maire Sans \u00e9tiquette de Saint-\u00c9tienne<\/li>\n<li><strong>Alexandre Malafaye, <\/strong>Fondateur du think tank Synopia<\/li>\n<li><strong>Antonin Andr\u00e9, <\/strong>Chef du service politique du JDD<\/li>\n<li><strong>Mona Jafarian<\/strong>, Cofondatrice et pr\u00e9sidente de l&rsquo;association Femme Azadi et auteure du livre \u201cMon combat\u201d aux \u00c9ditions Stock (avril 2025) <\/li>\n<li><strong>Eliott Mamane, <\/strong>Journaliste ind\u00e9pendant et chroniqueur politique<\/li>\n<li><strong>Florian G\u00e9rard-Mercier, <\/strong>Directeur des \u00e9tudes du Mill\u00e9naire<\/li>\n<\/ul>\n","protected":false},"excerpt":{"rendered":"Description de l&rsquo;\u00e9pisode Tous les jours de la semaine, invit\u00e9s et chroniqueurs sont autour du micro de Guillaume&hellip;\n","protected":false},"author":2,"featured_media":637130,"comment_status":"","ping_status":"","sticky":false,"template":"","format":"standard","meta":{"footnotes":""},"categories":[9653],"tags":[1111,11,2430,1777,674,1011,27,12,25,4001],"class_list":{"0":"post-637129","1":"post","2":"type-post","3":"status-publish","4":"format-standard","5":"has-post-thumbnail","7":"category-saint-etienne","8":"tag-actu","9":"tag-actualites","10":"tag-auvergne-rhone-alpes","11":"tag-eu","12":"tag-europe","13":"tag-fr","14":"tag-france","15":"tag-news","16":"tag-republique-francaise","17":"tag-saint-etienne"},"share_on_mastodon":{"url":"https:\/\/pubeurope.com\/@fr\/115827942510447324","error":""},"_links":{"self":[{"href":"https:\/\/www.europesays.com\/fr\/wp-json\/wp\/v2\/posts\/637129","targetHints":{"allow":["GET"]}}],"collection":[{"href":"https:\/\/www.europesays.com\/fr\/wp-json\/wp\/v2\/posts"}],"about":[{"href":"https:\/\/www.europesays.com\/fr\/wp-json\/wp\/v2\/types\/post"}],"author":[{"embeddable":true,"href":"https:\/\/www.europesays.com\/fr\/wp-json\/wp\/v2\/users\/2"}],"replies":[{"embeddable":true,"href":"https:\/\/www.europesays.com\/fr\/wp-json\/wp\/v2\/comments?post=637129"}],"version-history":[{"count":0,"href":"https:\/\/www.europesays.com\/fr\/wp-json\/wp\/v2\/posts\/637129\/revisions"}],"wp:featuredmedia":[{"embeddable":true,"href":"https:\/\/www.europesays.com\/fr\/wp-json\/wp\/v2\/media\/637130"}],"wp:attachment":[{"href":"https:\/\/www.europesays.com\/fr\/wp-json\/wp\/v2\/media?parent=637129"}],"wp:term":[{"taxonomy":"category","embeddable":true,"href":"https:\/\/www.europesays.com\/fr\/wp-json\/wp\/v2\/categories?post=637129"},{"taxonomy":"post_tag","embeddable":true,"href":"https:\/\/www.europesays.com\/fr\/wp-json\/wp\/v2\/tags?post=637129"}],"curies":[{"name":"wp","href":"https:\/\/api.w.org\/{rel}","templated":true}]}}