{"id":637131,"date":"2026-01-02T22:50:06","date_gmt":"2026-01-02T22:50:06","guid":{"rendered":"https:\/\/www.europesays.com\/fr\/637131\/"},"modified":"2026-01-02T22:50:06","modified_gmt":"2026-01-02T22:50:06","slug":"necrologie-deces-de-jean-claude-maire-cofondateur-du-news-orleans-preachers","status":"publish","type":"post","link":"https:\/\/www.europesays.com\/fr\/637131\/","title":{"rendered":"N\u00e9crologie. D\u00e9c\u00e8s de Jean-Claude Maire, cofondateur du News Orleans Preachers"},"content":{"rendered":"<p>Une figure du monde culturel nanc\u00e9ien s\u2019est \u00e9teinte discr\u00e8tement le 17\u00a0d\u00e9cembre. Jean-Claude Maire, cofondateur du New Orleans Preachers, a en effet tir\u00e9 sa r\u00e9v\u00e9rence, \u00e0 l\u2019\u00e2ge de 81 ans.\u00a0N\u00e9 le 17\u00a0juin 1944, il grandit \u00e0 Nancy, \u00e9lev\u00e9 par sa m\u00e8re et sa grand-m\u00e8re. Tr\u00e8s t\u00f4t, il fait preuve d\u2019ind\u00e9pendance et de courage\u00a0: d\u00e8s l\u2019\u00e2ge de 14 ans, il se lance dans la vie professionnelle. Il encha\u00eene de nombreux emplois, comme gar\u00e7on de caf\u00e9, employ\u00e9 de\u00a0bureau \u00e0 la fonderie de Pont-\u00e0-Mousson, vendeur de voitures puis d\u2019engins de chantier.<\/p>\n<p>\u00c0 18 ans, en 1962, il participe \u00e0 la fin du conflit de la guerre d\u2019Alg\u00e9rie en tant que projectionniste, une exp\u00e9rience marquante de sa jeunesse.\u00a0Mais la musique est le v\u00e9ritable moteur de sa vie. Batteur autodidacte, Jean-Claude Maire apprend seul, guid\u00e9 par l\u2019\u00e9coute, le ressenti et la passion.<\/p>\n<p>  Vice-pr\u00e9sident du NJP<\/p>\n<p>En 1965, \u00e0 la suite de la s\u00e9paration du groupe Wild Cats, <a href=\"https:\/\/www.estrepublicain.fr\/actualite\/2013\/10\/13\/cinquante-ans-de-fete-new-orleans\" target=\"_blank\" rel=\"noopener\">il cofonde le New Orleans Preachers<\/a> , notamment aux c\u00f4t\u00e9s de Gilles Pernet et \u00c9tienne Florentin. Ce groupe deviendra une r\u00e9f\u00e9rence incontournable de la sc\u00e8ne musicale nanc\u00e9ienne. En 2025, le groupe aurait c\u00e9l\u00e9br\u00e9 ses 60 ans d\u2019existence.<\/p>\n<p>Tr\u00e8s engag\u00e9 dans la vie culturelle locale, Jean-Claude Maire est vice-pr\u00e9sident du <a href=\"https:\/\/www.estrepublicain.fr\/culture-loisirs\/nancy-jazz-pulsations\" target=\"_blank\" rel=\"noopener\">Nancy Jazz Pulsations<\/a> de mars\u00a01976 \u00e0 d\u00e9cembre\u00a01983, contribuant activement \u00e0 l\u2019essor et au rayonnement du jazz \u00e0 Nancy. Bien avant cela, dans sa jeunesse, il organisait d\u00e9j\u00e0 des concerts, notamment aux Blue Note, affirmant tr\u00e8s t\u00f4t son r\u00f4le de rassembleur et de passeur culturel.<\/p>\n<p>  Une grande famille<\/p>\n<p>Au fil des ann\u00e9es, il se produit sur de nombreuses sc\u00e8nes et festivals.\u00a0Il continuera longtemps \u00e0 jouer, notamment au parc de la P\u00e9pini\u00e8re et au parc Sainte-Marie \u00e0 Nancy. Au d\u00e9but des ann\u00e9es 1992, il remet au go\u00fbt du jour les parades inspir\u00e9es de la Nouvelle-Orl\u00e9ans, qu\u2019il fait revivre dans toute la ville de Nancy, laissant une empreinte festive et musicale durable.<\/p>\n<p>Sa vie est aussi profond\u00e9ment marqu\u00e9e par sa famille. Mari\u00e9 une premi\u00e8re fois, il devient p\u00e8re d\u2019Alain (1965), Thierry (1967), Pascal (1968) et Dominique (1970). En 1985, il rencontre celle qui deviendra la m\u00e8re de ses plus jeunes enfants. De cette union naissent Vincent en 1986, puis Aurore en 1994, et enfin Clotilde en 2002.<\/p>\n<p>  La passion de la musique<\/p>\n<p>Jean-Claude Maire a \u00e9galement jou\u00e9 un r\u00f4le essentiel dans la transmission musicale. Il a soutenu, rep\u00e9r\u00e9 et encourag\u00e9 de nombreux jeunes musiciens, leur faisant confiance, les aidant \u00e0 se lancer et \u00e0 reprendre le flambeau. Beaucoup doivent aujourd\u2019hui leur parcours musical \u00e0 son regard bienveillant et \u00e0 son engagement.<\/p>\n<p>Nombreux sont ceux qui disent que, lorsqu\u2019il s\u2019approchait de sa batterie, il se passait quelque chose. Une \u00e9nergie particuli\u00e8re, une pr\u00e9sence, une \u00e2me. Parmi les anecdotes rest\u00e9es dans les m\u00e9moires, celle de sa batterie perdue sur l\u2019autoroute lors de la temp\u00eate de 1999 fait encore sourire.<\/p>\n<p>Jean-Claude Maire s\u2019est \u00e9teint le 17\u00a0d\u00e9cembre 2025, en plein hiver, bouclant la boucle d\u2019une vie commenc\u00e9e en \u00e9t\u00e9. Il a \u00e9t\u00e9 accompagn\u00e9 une derni\u00e8re fois par une fanfare, \u00e0 la mani\u00e8re de la Nouvelle-Orl\u00e9ans, fid\u00e8le \u00e0 ce qu\u2019il \u00e9tait\u00a0: un homme de musique, de partage et de transmission.<\/p>\n<p>Nos condol\u00e9ances.<\/p>\n","protected":false},"excerpt":{"rendered":"Une figure du monde culturel nanc\u00e9ien s\u2019est \u00e9teinte discr\u00e8tement le 17\u00a0d\u00e9cembre. Jean-Claude Maire, cofondateur du New Orleans Preachers,&hellip;\n","protected":false},"author":2,"featured_media":637132,"comment_status":"","ping_status":"","sticky":false,"template":"","format":"standard","meta":{"footnotes":""},"categories":[9635],"tags":[1111,11,9223,1687,1704,1777,674,1011,27,775,873,1702,21112,1703,1391,12,25,104],"class_list":{"0":"post-637131","1":"post","2":"type-post","3":"status-publish","4":"format-standard","5":"has-post-thumbnail","7":"category-nancy","8":"tag-actu","9":"tag-actualites","10":"tag-carnet-du-jour","11":"tag-culture-loisirs","12":"tag-edition-nancy-et-agglomeration","13":"tag-eu","14":"tag-europe","15":"tag-fr","16":"tag-france","17":"tag-grand-est","18":"tag-musique","19":"tag-nancy","20":"tag-nancy-jazz-pulsations","21":"tag-nancy-ville-54b","22":"tag-necrologie","23":"tag-news","24":"tag-republique-francaise","25":"tag-societe"},"share_on_mastodon":{"url":"https:\/\/pubeurope.com\/@fr\/115827954341159985","error":""},"_links":{"self":[{"href":"https:\/\/www.europesays.com\/fr\/wp-json\/wp\/v2\/posts\/637131","targetHints":{"allow":["GET"]}}],"collection":[{"href":"https:\/\/www.europesays.com\/fr\/wp-json\/wp\/v2\/posts"}],"about":[{"href":"https:\/\/www.europesays.com\/fr\/wp-json\/wp\/v2\/types\/post"}],"author":[{"embeddable":true,"href":"https:\/\/www.europesays.com\/fr\/wp-json\/wp\/v2\/users\/2"}],"replies":[{"embeddable":true,"href":"https:\/\/www.europesays.com\/fr\/wp-json\/wp\/v2\/comments?post=637131"}],"version-history":[{"count":0,"href":"https:\/\/www.europesays.com\/fr\/wp-json\/wp\/v2\/posts\/637131\/revisions"}],"wp:featuredmedia":[{"embeddable":true,"href":"https:\/\/www.europesays.com\/fr\/wp-json\/wp\/v2\/media\/637132"}],"wp:attachment":[{"href":"https:\/\/www.europesays.com\/fr\/wp-json\/wp\/v2\/media?parent=637131"}],"wp:term":[{"taxonomy":"category","embeddable":true,"href":"https:\/\/www.europesays.com\/fr\/wp-json\/wp\/v2\/categories?post=637131"},{"taxonomy":"post_tag","embeddable":true,"href":"https:\/\/www.europesays.com\/fr\/wp-json\/wp\/v2\/tags?post=637131"}],"curies":[{"name":"wp","href":"https:\/\/api.w.org\/{rel}","templated":true}]}}