{"id":637133,"date":"2026-01-02T22:53:20","date_gmt":"2026-01-02T22:53:20","guid":{"rendered":"https:\/\/www.europesays.com\/fr\/637133\/"},"modified":"2026-01-02T22:53:20","modified_gmt":"2026-01-02T22:53:20","slug":"toulon-perpignan-le-rctsimpose-avec-le-bonus-revivez-le-match-de-la-13e-journee-de-top-14","status":"publish","type":"post","link":"https:\/\/www.europesays.com\/fr\/637133\/","title":{"rendered":"Toulon \u2013 Perpignan\u00a0: le RCTs\u2019impose avec le bonus\u00a0! Revivez le match de la 13e journ\u00e9e de Top 14"},"content":{"rendered":"<p>\n                Bienvenue sur Rugbyrama pour revivre le\u00a0direct comment\u00e9 la rencontre de la 13e journ\u00e9e de Top 14 entre Toulon et Perpignan.\n            <\/p>\n<p>Plus que d\u00e9cevant le week-end pass\u00e9 \u00e0 Bordeaux, Toulon recevait\u00a0l\u2019Usap avec l\u2019obligation de r\u00e9agir.<\/p>\n<p>Apr\u00e8s onze d\u00e9faites cons\u00e9cutives, les Catalans avaient\u00a0enfin gagn\u00e9 lors de la 12e journ\u00e9e.<\/p>\n<p>Jonathan Dufort \u00e9tait l\u2019arbitre de la rencontre.<\/p>\n","protected":false},"excerpt":{"rendered":"Bienvenue sur Rugbyrama pour revivre le\u00a0direct comment\u00e9 la rencontre de la 13e journ\u00e9e de Top 14 entre Toulon&hellip;\n","protected":false},"author":2,"featured_media":637134,"comment_status":"","ping_status":"","sticky":false,"template":"","format":"standard","meta":{"footnotes":""},"categories":[9619],"tags":[1111,11,1777,674,1011,27,74436,12,882,25,68796,478,2310],"class_list":{"0":"post-637133","1":"post","2":"type-post","3":"status-publish","4":"format-standard","5":"has-post-thumbnail","7":"category-toulon","8":"tag-actu","9":"tag-actualites","10":"tag-eu","11":"tag-europe","12":"tag-fr","13":"tag-france","14":"tag-les-matchs-du-top-14-en-direct","15":"tag-news","16":"tag-provence-alpes-cote-dazur","17":"tag-republique-francaise","18":"tag-rugby-u00e0-xv","19":"tag-top-14","20":"tag-toulon"},"share_on_mastodon":{"url":"https:\/\/pubeurope.com\/@fr\/115827966199131592","error":""},"_links":{"self":[{"href":"https:\/\/www.europesays.com\/fr\/wp-json\/wp\/v2\/posts\/637133","targetHints":{"allow":["GET"]}}],"collection":[{"href":"https:\/\/www.europesays.com\/fr\/wp-json\/wp\/v2\/posts"}],"about":[{"href":"https:\/\/www.europesays.com\/fr\/wp-json\/wp\/v2\/types\/post"}],"author":[{"embeddable":true,"href":"https:\/\/www.europesays.com\/fr\/wp-json\/wp\/v2\/users\/2"}],"replies":[{"embeddable":true,"href":"https:\/\/www.europesays.com\/fr\/wp-json\/wp\/v2\/comments?post=637133"}],"version-history":[{"count":0,"href":"https:\/\/www.europesays.com\/fr\/wp-json\/wp\/v2\/posts\/637133\/revisions"}],"wp:featuredmedia":[{"embeddable":true,"href":"https:\/\/www.europesays.com\/fr\/wp-json\/wp\/v2\/media\/637134"}],"wp:attachment":[{"href":"https:\/\/www.europesays.com\/fr\/wp-json\/wp\/v2\/media?parent=637133"}],"wp:term":[{"taxonomy":"category","embeddable":true,"href":"https:\/\/www.europesays.com\/fr\/wp-json\/wp\/v2\/categories?post=637133"},{"taxonomy":"post_tag","embeddable":true,"href":"https:\/\/www.europesays.com\/fr\/wp-json\/wp\/v2\/tags?post=637133"}],"curies":[{"name":"wp","href":"https:\/\/api.w.org\/{rel}","templated":true}]}}