{"id":637135,"date":"2026-01-02T22:54:10","date_gmt":"2026-01-02T22:54:10","guid":{"rendered":"https:\/\/www.europesays.com\/fr\/637135\/"},"modified":"2026-01-02T22:54:10","modified_gmt":"2026-01-02T22:54:10","slug":"les-premiers-elements-enfin-connus","status":"publish","type":"post","link":"https:\/\/www.europesays.com\/fr\/637135\/","title":{"rendered":"les premiers \u00e9l\u00e9ments enfin connus"},"content":{"rendered":"<p>                    Par<br \/>\n        <strong><br \/>\n            <a href=\"https:\/\/actu.fr\/auteur\/lea-pippinato\" title=\"Consulter tous les articles de L\u00e9a Pippinato\" target=\"_blank\" rel=\"noopener\">L\u00e9a Pippinato<\/a><br \/>\n                    <\/strong><\/p>\n<p>        Publi\u00e9 le<\/p>\n<p>            2 janv. 2026 \u00e0 18h28        <\/p>\n<p>Selon les premiers \u00e9l\u00e9ments de l\u2019enqu\u00eate, la cause du d\u00e9c\u00e8s pourrait \u00eatre une hypothermie. <a href=\"https:\/\/actu.fr\/occitanie\/montpellier_34172\/drame-a-montpellier-un-sdf-de-29-ans-meurt-dans-des-circonstances-floues_63639550.html\" target=\"_blank\" rel=\"noopener\">Les faits se sont produits ce mardi 30 d\u00e9cembre 2025 \u00e0 Montpellier<\/a>. Un homme de 29 ans, sans domicile fixe, originaire de Lettonie, a \u00e9t\u00e9 d\u00e9couvert dans un b\u00e2timent du quartier de Tournezy, \u00e0 proximit\u00e9 d\u2019un entrep\u00f4t. Les secours l\u2019ont trouv\u00e9 en arr\u00eat cardio-respiratoire. Les pompiers ont r\u00e9ussi \u00e0 relancer son c\u0153ur sur place et l\u2019ont ensuite transport\u00e9 au CHU de Montpellier. L\u2019homme est d\u00e9c\u00e9d\u00e9 peu avant 13h malgr\u00e9 les soins prodigu\u00e9s.<\/p>\n<p>    <a href=\"https:\/\/www.google.com\/maps\/embed?pb=!1m18!1m12!1m3!1d5780.488957623127!2d3.8722528971442367!3d43.58062378442248!2m3!1f0!2f0!3f0!3m2!1i1024!2i768!4f13.1!3m3!1m2!1s0x12b6afdaf0c866f9%3A0x187cdfad73c217f!2sTournezy%2C%20Montpellier!5e0!3m2!1sfr!2sfr!4v1767369361112!5m2!1sfr!2sfr\" title=\"Ouvrie le lien\" target=\"_blank\" rel=\"noopener\">Cliquez ici pour visualiser le contenu<\/a><\/p>\n<p>Des nuits glaciales dans l\u2019H\u00e9rault<\/p>\n<p class=\" wall-content\">Depuis plusieurs jours, les temp\u00e9ratures nocturnes restent n\u00e9gatives dans le d\u00e9partement. Certaines zones ont connu des pointes proches de moins cinq degr\u00e9s, avec un ressenti encore plus bas. Les temp\u00e9ratures remontent l\u00e9g\u00e8rement en journ\u00e9e. Cette situation n\u2019a pas conduit M\u00e9t\u00e9o France \u00e0 modifier le niveau de vigilance, maintenu au vert pour le risque de grand froid. Malgr\u00e9 l\u2019absence de d\u00e9clenchement officiel, la pr\u00e9fecture de l\u2019H\u00e9rault alerte sur les dangers. <strong>Ce mercredi 31 d\u00e9cembre<\/strong>, elle a rappel\u00e9 que les risques restent \u00ab\u00a0r\u00e9els\u00a0\u00bb, surtout pour les personnes contraintes de dormir dehors. Les services de l\u2019\u00c9tat ont mis en place une veille qualifi\u00e9e de \u00ab\u00a0tr\u00e8s active\u00a0\u00bb afin de limiter les situations les plus critiques.<\/p>\n<p class=\" wall-content\">Le dispositif de premier contact reste inchang\u00e9. Le num\u00e9ro 115, g\u00e9r\u00e9 par le Service int\u00e9gr\u00e9 d\u2019accueil et d\u2019orientation de l\u2019H\u00e9rault, assure une \u00e9coute inconditionnelle. Il coordonne l\u2019acc\u00e8s aux places d\u2019h\u00e9bergement disponibles et priorise les personnes les plus vuln\u00e9rables. \u00c0 la demande de l\u2019\u00c9tat, les \u00e9quipes mobiles interviennent directement sur le terrain. Le Samu social, les maraudes professionnelles et les b\u00e9n\u00e9voles ont vu leurs moyens renforc\u00e9s, en particulier \u00e0 B\u00e9ziers et \u00e0 S\u00e8te.<\/p>\n<p class=\" wall-content\">La pr\u00e9fecture annonce aussi un renforcement de l\u2019\u00e9quipement des associations. Des sacs de couchage adapt\u00e9s aux basses temp\u00e9ratures sont distribu\u00e9s. Les structures restent pr\u00eates \u00e0 ouvrir des lieux ou des places d\u2019h\u00e9bergement suppl\u00e9mentaires durant la nuit si la situation l\u2019exige. \u00c0 Montpellier, le Samu social maintient une veille constante afin d\u2019identifier les personnes en grande vuln\u00e9rabilit\u00e9. Au total, <strong>3 400 places<\/strong> d\u2019h\u00e9bergement d\u2019urgence et de mise \u00e0 l\u2019abri hivernale sont actuellement ouvertes dans l\u2019H\u00e9rault.\u00a0<\/p>\n<p class=\" wall-content\">Personnalisez votre actualit\u00e9 en ajoutant vos villes et m\u00e9dias en favori avec <a href=\"https:\/\/moncompte.actu.fr\" title=\"D\u00e9couvez Mon Actu\" rel=\"nofollow noopener\" data-trk=\"{&quot;cta&quot;:{&quot;action&quot;:&quot;https:\\\/\\\/moncompte.actu.fr&quot;,&quot;category&quot;:&quot;mon compte&quot;,&quot;from&quot;:&quot;article footer&quot;,&quot;name&quot;:&quot;Mon actu&quot;,&quot;type&quot;:&quot;cta&quot;}}\" target=\"_blank\">Mon Actu<\/a>.<\/p>\n","protected":false},"excerpt":{"rendered":"Par L\u00e9a Pippinato Publi\u00e9 le 2 janv. 2026 \u00e0 18h28 Selon les premiers \u00e9l\u00e9ments de l\u2019enqu\u00eate, la cause&hellip;\n","protected":false},"author":2,"featured_media":637136,"comment_status":"","ping_status":"","sticky":false,"template":"","format":"standard","meta":{"footnotes":""},"categories":[9599],"tags":[1111,11,15154,1777,674,118,1011,27,3447,2357,2208,12,2680,25],"class_list":{"0":"post-637135","1":"post","2":"type-post","3":"status-publish","4":"format-standard","5":"has-post-thumbnail","7":"category-montpellier","8":"tag-actu","9":"tag-actualites","10":"tag-chu-de-montpellier","11":"tag-eu","12":"tag-europe","13":"tag-faits-divers","14":"tag-fr","15":"tag-france","16":"tag-froid","17":"tag-meteo-france","18":"tag-montpellier","19":"tag-news","20":"tag-occitanie","21":"tag-republique-francaise"},"share_on_mastodon":{"url":"https:\/\/pubeurope.com\/@fr\/115827970143662681","error":""},"_links":{"self":[{"href":"https:\/\/www.europesays.com\/fr\/wp-json\/wp\/v2\/posts\/637135","targetHints":{"allow":["GET"]}}],"collection":[{"href":"https:\/\/www.europesays.com\/fr\/wp-json\/wp\/v2\/posts"}],"about":[{"href":"https:\/\/www.europesays.com\/fr\/wp-json\/wp\/v2\/types\/post"}],"author":[{"embeddable":true,"href":"https:\/\/www.europesays.com\/fr\/wp-json\/wp\/v2\/users\/2"}],"replies":[{"embeddable":true,"href":"https:\/\/www.europesays.com\/fr\/wp-json\/wp\/v2\/comments?post=637135"}],"version-history":[{"count":0,"href":"https:\/\/www.europesays.com\/fr\/wp-json\/wp\/v2\/posts\/637135\/revisions"}],"wp:featuredmedia":[{"embeddable":true,"href":"https:\/\/www.europesays.com\/fr\/wp-json\/wp\/v2\/media\/637136"}],"wp:attachment":[{"href":"https:\/\/www.europesays.com\/fr\/wp-json\/wp\/v2\/media?parent=637135"}],"wp:term":[{"taxonomy":"category","embeddable":true,"href":"https:\/\/www.europesays.com\/fr\/wp-json\/wp\/v2\/categories?post=637135"},{"taxonomy":"post_tag","embeddable":true,"href":"https:\/\/www.europesays.com\/fr\/wp-json\/wp\/v2\/tags?post=637135"}],"curies":[{"name":"wp","href":"https:\/\/api.w.org\/{rel}","templated":true}]}}