{"id":637139,"date":"2026-01-02T22:56:10","date_gmt":"2026-01-02T22:56:10","guid":{"rendered":"https:\/\/www.europesays.com\/fr\/637139\/"},"modified":"2026-01-02T22:56:10","modified_gmt":"2026-01-02T22:56:10","slug":"pres-delbeuf-une-page-de-lhistoire-de-ce-village-va-se-tourner-apres-les-prochaines-elections-municipales","status":"publish","type":"post","link":"https:\/\/www.europesays.com\/fr\/637139\/","title":{"rendered":"Pr\u00e8s d\u2019Elbeuf, une page de l\u2019histoire de ce village va se tourner apr\u00e8s les prochaines \u00e9lections municipales"},"content":{"rendered":"<p>                    Par<br \/>\n        <strong><br \/>\n            <a href=\"https:\/\/actu.fr\/auteur\/le-journal-delbeuf\" title=\"Consulter tous les articles de R\u00e9daction Elbeuf\" target=\"_blank\" rel=\"noopener\">R\u00e9daction Elbeuf<\/a><br \/>\n                    <\/strong><\/p>\n<p>        Publi\u00e9 le<\/p>\n<p>            2 janv. 2026 \u00e0 18h04        <\/p>\n<p>\u00c0 l\u2019issue des \u00e9lections municipales de mars\u00a02026, c\u2019est une <b>page de l\u2019histoire<\/b> de <a href=\"https:\/\/actu.fr\/normandie\/sotteville-sous-le-val_76682\" target=\"_blank\" rel=\"noopener\">Sotteville-sous-le-Val (Seine-Maritime)<\/a> qui va se tourner avec le retrait de <b>Franck Meyer<\/b>, qui laisse derri\u00e8re lui quatre mandats de maire.<\/p>\n<p>Une d\u00e9cision de longue date<\/p>\n<p class=\" wall-content\">\u00ab\u2009Cette d\u00e9cision, je l\u2019avais prise il y a six ans, j\u2019avais pr\u00e9venu que ce serait mon<b> dernier mandat <\/b>municipal\u2009\u00bb. C\u2019\u00e9tait lors d\u2019une r\u00e9union du conseil municipal, en septembre\u00a02024, que Franck Meyer avait <a href=\"https:\/\/actu.fr\/normandie\/sotteville-sous-le-val_76682\/il-est-temps-de-laisser-sa-place-pres-de-rouen-ce-maire-ne-se-representera-pas-en-2026_62128970.html\" target=\"_blank\" rel=\"noopener\">confirm\u00e9 sa d\u00e9cision<\/a>.<\/p>\n<p class=\" wall-content\">Aujourd\u2019hui, il confie\u2009: \u00ab\u2009Je ne serai pas membre d\u2019une nouvelle \u00e9quipe municipale. Apr\u00e8s 25\u00a0ann\u00e9es, il est temps que je pense \u00e0 autre chose.\u2009\u00bb Franck Meyer souhaite d\u00e9sormais se rapprocher de sa <b>famille<\/b>, de ses enfants et de ses petits-enfants\u2009: \u00ab\u2009Je ne quitte pas Sotteville. J\u2019ai toujours autant d\u2019int\u00e9r\u00eat et de <b>plaisir <\/b>\u00e0 participer \u00e0 la vie de la commune. Je le ferai d\u2019une fa\u00e7on plus mod\u00e9r\u00e9e.\u2009\u00bb<\/p>\n<p>Former les nouveaux<\/p>\n<p class=\" wall-content\">Le maire n\u2019est pas le seul \u00e0 mettre un terme \u00e0 son mandat. D\u2019autres conseillers se retirent \u00e9galement\u2009: \u00ab\u2009Nous nous sommes r\u00e9unis souvent pour \u00e9tudier quels Sottevillais nous verrions bien prendre la <b>rel\u00e8ve<\/b>\u2009\u00bb, annonce le maire sortant.<\/p>\n<blockquote class=\"ac-article-quote wall-content\">\n<p>Une vingtaine a \u00e9t\u00e9 contact\u00e9e et une dizaine est dispos\u00e9e \u00e0 s\u2019investir. Nous avons aussi re\u00e7u quelques candidatures spontan\u00e9es. La liste est pr\u00eate et sera d\u00e9voil\u00e9e lors d\u2019une pr\u00e9sentation publique.<\/p>\n<p>Franck Meyer<\/p><\/blockquote>\n<p>Vid\u00e9os : en ce moment sur Actu<\/p>\n<p class=\" wall-content\">Pour Franck Meyer, il n\u2019est pas question de laisser la nouvelle \u00e9quipe partir \u00e0 l\u2019aventure. \u00ab\u2009On n\u2019int\u00e8gre pas une \u00e9quipe municipale sans connaissances, estime-t-il. G\u00e9rer une commune <b>s\u2019apprend<\/b>. Aussi pendant environ six mois, je resterai aux c\u00f4t\u00e9s de la nouvelle municipalit\u00e9, afin de lui apporter des <b>conseils<\/b>.\u2009\u00bb Sans mandat \u00e0 l\u2019issue des nouvelles \u00e9lections, Franck Meyer ne prendra pas de d\u00e9cisions.<\/p>\n<p>Quel bilan\u2009?<\/p>\n<p class=\" wall-content\">\u00ab\u20092020-2026 a \u00e9t\u00e9 une p\u00e9riode difficile, commence Franck Meyer. Notamment avec la crise sanitaire du <b>Covid<\/b>. Cette p\u00e9riode a provoqu\u00e9 partout une aisance financi\u00e8re plus faible.\u2009\u00bb N\u00e9anmoins des <b>travaux<\/b> ont \u00e9t\u00e9 effectu\u00e9s dans la commune et d\u2019autres sont en projets\u2009: \u00ab\u2009La salle polyvalente va \u00eatre modifi\u00e9e au cours du prochain mandat, il nous fallait acqu\u00e9rir une parcelle voisine, pour agrandir cette salle. Les autres projets ne sont pas abandonn\u00e9s, ils sont <b>report\u00e9s<\/b>.\u2009\u00bb<\/p>\n<p>Votre r\u00e9gion, votre actu !<\/p>\n<p>Recevez chaque jour les infos qui comptent pour vous.<\/p>\n<p>\t<a href=\"https:\/\/actu.fr\/newsletter\" class=\"ac-btn ac-btn--corner ac-btn--medium ac-btn--blue800\" target=\"_blank\" rel=\"noopener\">S&rsquo;incrire<\/a><\/p>\n<p class=\" wall-content\">Pour l\u2019ensemble de la gestion communale, Franck Meyer se montre <b>satisfait\u2009<\/b>: \u00ab\u2009Nous avons fait du bon travail avec tous les \u00e9lus, je les remercie une fois de plus. Cela nous permet de transmettre une commune saine.\u2009\u00bb<\/p>\n<p class=\" wall-content\">Personnalisez votre actualit\u00e9 en ajoutant vos villes et m\u00e9dias en favori avec <a href=\"https:\/\/moncompte.actu.fr\" title=\"D\u00e9couvez Mon Actu\" rel=\"nofollow noopener\" data-trk=\"{&quot;cta&quot;:{&quot;action&quot;:&quot;https:\\\/\\\/moncompte.actu.fr&quot;,&quot;category&quot;:&quot;mon compte&quot;,&quot;from&quot;:&quot;article footer&quot;,&quot;name&quot;:&quot;Mon actu&quot;,&quot;type&quot;:&quot;cta&quot;}}\" target=\"_blank\">Mon Actu<\/a>.<\/p>\n","protected":false},"excerpt":{"rendered":"Par R\u00e9daction Elbeuf Publi\u00e9 le 2 janv. 2026 \u00e0 18h04 \u00c0 l\u2019issue des \u00e9lections municipales de mars\u00a02026, c\u2019est&hellip;\n","protected":false},"author":2,"featured_media":637140,"comment_status":"","ping_status":"","sticky":false,"template":"","format":"standard","meta":{"footnotes":""},"categories":[9587],"tags":[1111,11,1777,674,1011,27,3434,12,5161,316,25,9590],"class_list":{"0":"post-637139","1":"post","2":"type-post","3":"status-publish","4":"format-standard","5":"has-post-thumbnail","7":"category-rouen","8":"tag-actu","9":"tag-actualites","10":"tag-eu","11":"tag-europe","12":"tag-fr","13":"tag-france","14":"tag-municipales-2026","15":"tag-news","16":"tag-normandie","17":"tag-politique","18":"tag-republique-francaise","19":"tag-rouen"},"share_on_mastodon":{"url":"https:\/\/pubeurope.com\/@fr\/115827977938767361","error":""},"_links":{"self":[{"href":"https:\/\/www.europesays.com\/fr\/wp-json\/wp\/v2\/posts\/637139","targetHints":{"allow":["GET"]}}],"collection":[{"href":"https:\/\/www.europesays.com\/fr\/wp-json\/wp\/v2\/posts"}],"about":[{"href":"https:\/\/www.europesays.com\/fr\/wp-json\/wp\/v2\/types\/post"}],"author":[{"embeddable":true,"href":"https:\/\/www.europesays.com\/fr\/wp-json\/wp\/v2\/users\/2"}],"replies":[{"embeddable":true,"href":"https:\/\/www.europesays.com\/fr\/wp-json\/wp\/v2\/comments?post=637139"}],"version-history":[{"count":0,"href":"https:\/\/www.europesays.com\/fr\/wp-json\/wp\/v2\/posts\/637139\/revisions"}],"wp:featuredmedia":[{"embeddable":true,"href":"https:\/\/www.europesays.com\/fr\/wp-json\/wp\/v2\/media\/637140"}],"wp:attachment":[{"href":"https:\/\/www.europesays.com\/fr\/wp-json\/wp\/v2\/media?parent=637139"}],"wp:term":[{"taxonomy":"category","embeddable":true,"href":"https:\/\/www.europesays.com\/fr\/wp-json\/wp\/v2\/categories?post=637139"},{"taxonomy":"post_tag","embeddable":true,"href":"https:\/\/www.europesays.com\/fr\/wp-json\/wp\/v2\/tags?post=637139"}],"curies":[{"name":"wp","href":"https:\/\/api.w.org\/{rel}","templated":true}]}}