{"id":637141,"date":"2026-01-02T23:01:16","date_gmt":"2026-01-02T23:01:16","guid":{"rendered":"https:\/\/www.europesays.com\/fr\/637141\/"},"modified":"2026-01-02T23:01:16","modified_gmt":"2026-01-02T23:01:16","slug":"vitesses-abaissees-et-circulation-restreinte-des-samedi-en-isere","status":"publish","type":"post","link":"https:\/\/www.europesays.com\/fr\/637141\/","title":{"rendered":"vitesses abaiss\u00e9es et circulation restreinte d\u00e8s samedi en Is\u00e8re"},"content":{"rendered":"<p>\u00c0 partir de samedi, une alerte pollution de niveau 1 entra\u00eene un abaissement g\u00e9n\u00e9ralis\u00e9 des vitesses et la mise en place d\u2019une circulation diff\u00e9renci\u00e9e sur de nombreuses communes, a annonc\u00e9 la pr\u00e9fecture de l\u2019Is\u00e8re ce vendredi.<\/p>\n<p>En cause : un \u00e9pisode de pollution atmosph\u00e9rique qui s\u2019intensifie depuis jeudi, favoris\u00e9 par le temps froid et l\u2019absence de couverture nuageuse, selon les pr\u00e9visions de Atmo Auvergne-Rh\u00f4ne-Alpes. Les mesures entreront en vigueur \u00e0 partir de minuit, avec un volet sp\u00e9cifique pour les transports applicable d\u00e8s 5h du matin.<\/p>\n<p>Concr\u00e8tement, la vitesse maximale autoris\u00e9e est r\u00e9duite de 20 km\/h sur tous les axes o\u00f9 elle est habituellement fix\u00e9e \u00e0 90 km\/h ou plus. Les routes limit\u00e9es \u00e0 80 km\/h passent \u00e0 70 km\/h.<\/p>\n<p>Parall\u00e8lement, la circulation diff\u00e9renci\u00e9e est activ\u00e9e dans le Nord-Is\u00e8re : dans plusieurs communes comme Bourgoin-Jallieu, Vienne ou Villefontaine, seuls les v\u00e9hicules disposant d\u2019un certificat Crit\u2019Air \u201cz\u00e9ro \u00e9mission\u201d, 1 ou 2 pourront circuler. Dans le reste du bassin concern\u00e9, les v\u00e9hicules Crit\u2019Air 3 restent autoris\u00e9s. Certaines grandes infrastructures, notamment les autoroutes A7, A43, A48, A49 et la RN7, \u00e9chappent \u00e0 ces restrictions, sous r\u00e9serve de disposer d\u2019un certificat qualit\u00e9 de l\u2019air.<\/p>\n<p>Au-del\u00e0 de la circulation, l\u2019alerte s\u2019accompagne de restrictions dans la vie quotidienne. L\u2019usage du chauffage au bois d\u2019appoint ou d\u2019agr\u00e9ment est interdit, tout comme le br\u00fblage des d\u00e9chets, y compris en cas de d\u00e9rogation. La temp\u00e9rature de chauffage des b\u00e2timents doit \u00eatre limit\u00e9e \u00e0 19 \u00b0C en moyenne. Les travaux g\u00e9n\u00e9rant des \u00e9missions polluantes, notamment ceux utilisant des solvants ou des outils non \u00e9lectriques, doivent \u00eatre report\u00e9s.<\/p>\n<p>Les secteurs agricole, industriel et du BTP sont \u00e9galement concern\u00e9s, avec la suspension de l\u2019\u00e9cobuage, le report des op\u00e9rations les plus \u00e9mettrices de particules et l\u2019activation obligatoire des dispositifs de d\u00e9pollution lorsque les installations en sont \u00e9quip\u00e9es. Les feux d\u2019artifice sont interdits durant toute la dur\u00e9e de l\u2019\u00e9pisode.<\/p>\n<p>Sur le plan sanitaire, la pr\u00e9fecture appelle les personnes sensibles et vuln\u00e9rables \u00e0 la prudence : \u00e9viter les grands axes aux heures de pointe, limiter les sorties entre 13h et 20h, et r\u00e9duire les activit\u00e9s physiques intenses en ext\u00e9rieur. En cas de g\u00eane ou de sympt\u00f4mes, il est recommand\u00e9 de consulter un pharmacien ou un m\u00e9decin.<\/p>\n","protected":false},"excerpt":{"rendered":"\u00c0 partir de samedi, une alerte pollution de niveau 1 entra\u00eene un abaissement g\u00e9n\u00e9ralis\u00e9 des vitesses et la&hellip;\n","protected":false},"author":2,"featured_media":637142,"comment_status":"","ping_status":"","sticky":false,"template":"","format":"standard","meta":{"footnotes":""},"categories":[9566],"tags":[1111,11,2813,2430,1109,251,1112,2811,1777,674,118,1011,27,21780,2731,14004,1922,1110,1114,108,12,316,25,2812,517,800],"class_list":{"0":"post-637141","1":"post","2":"type-post","3":"status-publish","4":"format-standard","5":"has-post-thumbnail","7":"category-grenoble","8":"tag-actu","9":"tag-actualites","10":"tag-article","11":"tag-auvergne-rhone-alpes","12":"tag-breves","13":"tag-culture","14":"tag-depeches","15":"tag-economique","16":"tag-eu","17":"tag-europe","18":"tag-faits-divers","19":"tag-fr","20":"tag-france","21":"tag-gf38","22":"tag-grenoble","23":"tag-grenoblemag","24":"tag-info","25":"tag-informations","26":"tag-infos","27":"tag-isere","28":"tag-news","29":"tag-politique","30":"tag-republique-francaise","31":"tag-sociale","32":"tag-sport","33":"tag-transports"},"share_on_mastodon":{"url":"https:\/\/pubeurope.com\/@fr\/115827997954657256","error":""},"_links":{"self":[{"href":"https:\/\/www.europesays.com\/fr\/wp-json\/wp\/v2\/posts\/637141","targetHints":{"allow":["GET"]}}],"collection":[{"href":"https:\/\/www.europesays.com\/fr\/wp-json\/wp\/v2\/posts"}],"about":[{"href":"https:\/\/www.europesays.com\/fr\/wp-json\/wp\/v2\/types\/post"}],"author":[{"embeddable":true,"href":"https:\/\/www.europesays.com\/fr\/wp-json\/wp\/v2\/users\/2"}],"replies":[{"embeddable":true,"href":"https:\/\/www.europesays.com\/fr\/wp-json\/wp\/v2\/comments?post=637141"}],"version-history":[{"count":0,"href":"https:\/\/www.europesays.com\/fr\/wp-json\/wp\/v2\/posts\/637141\/revisions"}],"wp:featuredmedia":[{"embeddable":true,"href":"https:\/\/www.europesays.com\/fr\/wp-json\/wp\/v2\/media\/637142"}],"wp:attachment":[{"href":"https:\/\/www.europesays.com\/fr\/wp-json\/wp\/v2\/media?parent=637141"}],"wp:term":[{"taxonomy":"category","embeddable":true,"href":"https:\/\/www.europesays.com\/fr\/wp-json\/wp\/v2\/categories?post=637141"},{"taxonomy":"post_tag","embeddable":true,"href":"https:\/\/www.europesays.com\/fr\/wp-json\/wp\/v2\/tags?post=637141"}],"curies":[{"name":"wp","href":"https:\/\/api.w.org\/{rel}","templated":true}]}}