{"id":637154,"date":"2026-01-02T23:11:10","date_gmt":"2026-01-02T23:11:10","guid":{"rendered":"https:\/\/www.europesays.com\/fr\/637154\/"},"modified":"2026-01-02T23:11:10","modified_gmt":"2026-01-02T23:11:10","slug":"anthony-lopes-a-convaincu-remy-cabella-de-venir","status":"publish","type":"post","link":"https:\/\/www.europesays.com\/fr\/637154\/","title":{"rendered":"Anthony Lopes a convaincu R\u00e9my Cabella de venir"},"content":{"rendered":"<p>Il est la recrue phare de l\u2019hiver du FC <a href=\"https:\/\/www.footmercato.net\/club\/fc-nantes\/\" target=\"_blank\" rel=\"noopener\">Nantes<\/a>. Recrut\u00e9 d\u00e8s les premi\u00e8res heures du mercato hivernal, <a href=\"https:\/\/www.footmercato.net\/joueur\/remy-cabella\/\" target=\"_blank\" rel=\"noopener\">R\u00e9my Cabella<\/a> va tenter de se relancer avec le FC Nantes. Un \u00e9ni\u00e8me retour en France pour le milieu offensif de 35 ans, qui avait r\u00e9alis\u00e9 de bons passages \u00e0 Montpellier, Marseille, Saint-Etienne et Lille. En difficult\u00e9 avec l\u2019Olympiakos (10 matches, 0 but), le natif d\u2019Ajaccio rentre au bercail pour permettre aux Canaris de se maintenir dans l\u2019\u00e9lite. Pr\u00e9sent en conf\u00e9rence de presse ce vendredi pour justifier son arriv\u00e9e sur les bords de l\u2019Erdre, l\u2019ancien international fran\u00e7ais (4 s\u00e9lections, 0 but) a expliqu\u00e9 qu\u2019Anthony Lopes avait jou\u00e9 un r\u00f4le dans sa venue \u00e0 la Beaujoire : <\/p>\n<p>            La suite apr\u00e8s cette publicit\u00e9<\/p>\n<p>\u00ab\u00c7a fait deux mois que je discute avec <a href=\"https:\/\/www.footmercato.net\/joueur\/anthony-lopes\/\" target=\"_blank\" rel=\"noopener\">Anthony<\/a>. On a beaucoup parl\u00e9. J\u2019ai donn\u00e9 mon accord, j\u2019ai dit \u00e0 Antho que j\u2019\u00e9tais chaud. Je connais ce club historique, c\u2019est important de rester en <a href=\"https:\/\/www.footmercato.net\/france\/ligue-1\/\" target=\"_blank\" rel=\"noopener\">Ligue 1<\/a>. Je suis tr\u00e8s content d\u2019\u00eatre l\u00e0. C\u2019est un bel objectif et c\u2019est beau d\u2019\u00eatre au FC Nantes, avec un grand public. Je me suis donn\u00e9 pour \u00eatre l\u00e0. C\u2019est normal de discuter avec des joueurs. Je regardais les matchs quand je pouvais. J\u2019ai ensuite discut\u00e9 avec le pr\u00e9sident Kita et avec mon club. Avec Antho, on a \u00e9t\u00e9 rivaux sur le terrain, il vient d\u2019un club (Lyon) qui \u00e9tait oppos\u00e9 au mien. On a parl\u00e9 et \u00e7a m\u2019a donn\u00e9 encore plus envie. Il est un peu comme moi, c\u2019est un comp\u00e9titeur. On a beaucoup parl\u00e9, j\u2019avais toutes les infos, on a discut\u00e9 de tout. Il m\u2019a dit que \u00e7a manquait de joueurs avec l\u2019exp\u00e9rience de la Ligue 1.\u00bb<\/p>\n<p>\n    Pub. le 02\/01\/2026 22:21\n    <\/p>\n","protected":false},"excerpt":{"rendered":"Il est la recrue phare de l\u2019hiver du FC Nantes. Recrut\u00e9 d\u00e8s les premi\u00e8res heures du mercato hivernal,&hellip;\n","protected":false},"author":2,"featured_media":637155,"comment_status":"","ping_status":"","sticky":false,"template":"","format":"standard","meta":{"footnotes":""},"categories":[2818],"tags":[1111,11,1777,674,1011,27,766,12,2636,25],"class_list":{"0":"post-637154","1":"post","2":"type-post","3":"status-publish","4":"format-standard","5":"has-post-thumbnail","7":"category-nantes","8":"tag-actu","9":"tag-actualites","10":"tag-eu","11":"tag-europe","12":"tag-fr","13":"tag-france","14":"tag-nantes","15":"tag-news","16":"tag-pays-de-la-loire","17":"tag-republique-francaise"},"share_on_mastodon":{"url":"https:\/\/pubeurope.com\/@fr\/115828037103703311","error":""},"_links":{"self":[{"href":"https:\/\/www.europesays.com\/fr\/wp-json\/wp\/v2\/posts\/637154","targetHints":{"allow":["GET"]}}],"collection":[{"href":"https:\/\/www.europesays.com\/fr\/wp-json\/wp\/v2\/posts"}],"about":[{"href":"https:\/\/www.europesays.com\/fr\/wp-json\/wp\/v2\/types\/post"}],"author":[{"embeddable":true,"href":"https:\/\/www.europesays.com\/fr\/wp-json\/wp\/v2\/users\/2"}],"replies":[{"embeddable":true,"href":"https:\/\/www.europesays.com\/fr\/wp-json\/wp\/v2\/comments?post=637154"}],"version-history":[{"count":0,"href":"https:\/\/www.europesays.com\/fr\/wp-json\/wp\/v2\/posts\/637154\/revisions"}],"wp:featuredmedia":[{"embeddable":true,"href":"https:\/\/www.europesays.com\/fr\/wp-json\/wp\/v2\/media\/637155"}],"wp:attachment":[{"href":"https:\/\/www.europesays.com\/fr\/wp-json\/wp\/v2\/media?parent=637154"}],"wp:term":[{"taxonomy":"category","embeddable":true,"href":"https:\/\/www.europesays.com\/fr\/wp-json\/wp\/v2\/categories?post=637154"},{"taxonomy":"post_tag","embeddable":true,"href":"https:\/\/www.europesays.com\/fr\/wp-json\/wp\/v2\/tags?post=637154"}],"curies":[{"name":"wp","href":"https:\/\/api.w.org\/{rel}","templated":true}]}}