{"id":637156,"date":"2026-01-02T23:12:15","date_gmt":"2026-01-02T23:12:15","guid":{"rendered":"https:\/\/www.europesays.com\/fr\/637156\/"},"modified":"2026-01-02T23:12:15","modified_gmt":"2026-01-02T23:12:15","slug":"nos-idees-de-sorties-pour-ce-week-end-du-3-et-4-janvier","status":"publish","type":"post","link":"https:\/\/www.europesays.com\/fr\/637156\/","title":{"rendered":"nos id\u00e9es de sorties pour ce week-end du 3 et 4\u00a0janvier"},"content":{"rendered":"<p>Jusqu\u2019au 25\u00a0janvier, <a href=\"https:\/\/www.sudouest.fr\/culture\/cirque\/en-images-le-cirque-arlette-gruss-de-retour-a-bordeaux-avec-son-nouveau-spectacle-parenthese-27207490.php\" target=\"_blank\" rel=\"follow noopener\">le cirque Arlette-Gruss pr\u00e9sente son nouveau spectacle baptis\u00e9 \u00ab\u00a0Parenth\u00e8se\u00a0\u00bb<\/a> dans son chapiteau install\u00e9 sur la place des Quinconces \u00e0 Bordeaux. Au menu\u00a0: num\u00e9ros du clown Francesco Fratellini, acrobaties, spectacles de chevaux, spectacles a\u00e9riens ou encore show de motos. Prix\u00a0: de 16 \u00e0 51\u00a0euros.<\/p>\n<p>D\u00e9marrer l\u2019ann\u00e9e au cin\u00e9ma avec des classiques<\/p>\n<p>Pour bien commencer l\u2019ann\u00e9e 2026, <a href=\"https:\/\/begleslalanterne.cine.boutique\/?tab=media\" target=\"_blank\" rel=\"nofollow noopener\">le cin\u00e9ma La Lanterne \u00e0 B\u00e8gles<\/a> propose de deux s\u00e9ances sp\u00e9ciales pour voir ou revoir deux classiques du cin\u00e9ma ce week-end. Dans la cat\u00e9gorie com\u00e9die romantique, \u00ab\u00a0The Holiday\u00a0\u00bb (en version originale sous-titr\u00e9e fran\u00e7ais) sera projet\u00e9 samedi \u00e0 20\u00a0heures. Vin chaud et grignotage seront propos\u00e9s d\u00e8s 19\u00a0h\u00a030 ainsi qu\u2019un quiz surprise avant la s\u00e9ance. Et dimanche, \u00e0 14\u00a0heures, c\u2019est le film \u00ab\u00a0La Ru\u00e9e vers l\u2019or\u00a0\u00bb de Charlie Chaplin que le public pourra visionner. Un chocolat chaud sera offert apr\u00e8s la s\u00e9ance. Prix\u00a0: de 4,50 \u00e0 7,50 \u20ac.<\/p>\n<p>(Re)d\u00e9couvrir les mus\u00e9es de Bordeaux ouverts gratuitement<\/p>\n<p>Comme chaque premier dimanche du mois, les mus\u00e9es de Bordeaux sont gratuits. L\u2019occasion de (re)d\u00e9couvrir les expositions permanentes et temporaires du mus\u00e9e d\u2019art contemporain (CAPC), mus\u00e9e d&rsquo;Aquitaine, mus\u00e9e des Beaux-Arts et du Mus\u00e9um\u2026 et \u00eatre au chaud alors que les temp\u00e9ratures s\u2019annoncent encore glaciales tout le week-end.<\/p>\n<p>Alors que <a href=\"https:\/\/www.sudouest.fr\/lieux\/gironde\/bordeaux\/exposition-a-bordeaux-ecole-famille-religion-cinquante-visions-de-l-enfance-sur-quatre-siecles-au-musee-des-beaux-arts-24820161.php\" target=\"_blank\" rel=\"follow noopener\">l\u2019exposition \u00ab\u00a0R\u00e9cits d\u2019enfance\u00a0\u00bb au mus\u00e9e des Beaux-Arts<\/a> touche bient\u00f4t \u00e0 sa fin (jusqu\u2019au 5\u00a0janvier), une visite comment\u00e9e des 50\u00a0peintures, dessins, gravures et sculptures\u00a0est programm\u00e9e de 15\u00a0h\u00a030 \u00e0 16\u00a0h\u00a030 ce dimanche.<\/p>\n<p>Derniers jours \u00e9galement pour l\u2019exposition \u00ab\u00a0L\u2019Invention du quotidien\u00a0\u00bb au CAPC. Et pour terminer en beaut\u00e9, le mus\u00e9e s\u2019associe \u00e0 l\u2019Op\u00e9ra national de Bordeaux et propose une performance in\u00e9dite et itin\u00e9rante en \u00e9cho aux \u0153uvres pr\u00e9sent\u00e9es ce dimanche. \u00c0 15\u00a0heures et 16\u00a0h\u00a030, cinq artistes d\u00e9ambuleront dans l\u2019exposition et m\u00ealeront chant, danse et musique live. \u00c0 noter aussi, des visites comment\u00e9es des trois expositions \u00ab\u00a0L\u2019Invention du quotidien\u00a0\u00bb, \u00ab\u00a0Rammellzee Alphabeta Sigma (Face B)\u00a0\u00bb et \u00ab\u00a0Pollen\u00a0\u00bb avec un m\u00e9diateur du mus\u00e9e dimanche de 15 \u00e0 16\u00a0heures. Et la galerie imagin\u00e9e par l\u2019artiste Mathis Collins sp\u00e9cialement pour les familles, le Cool Kids Space, accueillera les plus jeunes.<\/p>\n<p>Ce dimanche, l\u2019entr\u00e9e du Jardin botanique est \u00e9galement gratuite.<\/p>\n<p>Prolonger l\u2019ambiance de No\u00ebl<\/p>\n<p>Si les f\u00eates sont pass\u00e9es et que certains ont d\u00e9j\u00e0 enlev\u00e9 sapins et autres d\u00e9corations de No\u00ebl, certaines communes jouent les prolongations. Le village de No\u00ebl de La Teste-de-Buch investit la place Gambetta jusqu\u2019\u00e0 ce samedi. De quoi faire un dernier tour sur les pistes de luges et de patins \u00e0 roulettes avant No\u00ebl prochain. Une soir\u00e9e de cl\u00f4ture est pr\u00e9vue \u00e0 partir de 18\u00a0heures, avec Dj\u00a0set (jusqu\u2019\u00e0 22\u00a0heures) et feu d\u2019artifice \u00e0 19\u00a0heures.<\/p>\n<p>\u00c0 Bordeaux, c\u2019est \u00e9galement le dernier week-end pour admirer <a href=\"https:\/\/www.sudouest.fr\/corse\/illumination-deambulation-sapin-de-verre-et-mapping-la-ville-de-bordeaux-lance-les-festivites-de-fin-d-annee-27002372.php\" target=\"_blank\" rel=\"follow noopener\">les illuminations de No\u00ebl<\/a>\u00a0: places et rues de la ville scintilleront encore jusqu\u2019\u00e0 dimanche tout comme le Sapin de verre de l\u2019artiste Arnaud Lapierre sur la place Pey-Berland \u2013 illumination du sapin de 7 \u00e0 10\u00a0heures puis de 16\u00a0heures \u00e0 minuit. Le mapping sur la fa\u00e7ade du Grand-Th\u00e9\u00e2tre sera \u00e9galement visible jusqu\u2019\u00e0 dimanche de 17\u00a0h\u00a030 \u00e0 minuit. <a href=\"https:\/\/www.sudouest.fr\/gironde\/bordeaux\/bordeaux-l-odyssee-lumineuse-fait-venir-les-aurores-boreales-au-parc-bordelais-26938688.php\" target=\"_blank\" rel=\"follow noopener\">L\u2019Odyss\u00e9e lumineuse<\/a>, quant \u00e0 elle, reste au Parc bordelais jusqu\u2019au 11\u00a0janvier. Ouverture \u00e0 18\u00a0heures. Entr\u00e9es possibles jusqu\u2019\u00e0 21\u00a0h\u00a030. Environ 1\u00a0h\u00a030 de d\u00e9ambulation. Billets \u00e0 partir de 10\u00a0euros.<\/p>\n<p>La commune de La\u00a0Br\u00e8de propose, avec quelques jours de retard, un r\u00e9veillon solidaire sur le th\u00e8me de la Montagne. Les personnes qui veulent rompre l\u2019isolement, qui n\u2019ont pas pu f\u00eater No\u00ebl ou le Nouvel An ou tout simplement qui souhaite profiter d\u2019un moment chaleureux sont convi\u00e9es \u00e0 la salle des f\u00eates samedi de 16 \u00e0 22\u00a0heures pour ce \u00ab\u00a0Dr\u00f4le de r\u00e9veillon\u00a0\u00bb. Cet \u00e9v\u00e9nement organis\u00e9 par les associations Entraide Montesquieu et Dr\u00f4les and Co est totalement gratuit et propose go\u00fbter-cin\u00e9, animations et repas. <a href=\"https:\/\/www.helloasso.com\/associations\/droles-co\/evenements\/inscription-drole-de-reveillon-resa-d-co?fbclid=IwZXh0bgNhZW0CMTAAYnJpZBEwTVVsSG4zTFFQbnpFMWZHZHNydGMGYXBwX2lkEDIyMjAzOTE3ODgyMDA4OTIAAR5igon0ubUMXXMem-XzTQawbArDWxakG53czvGh5TXkZsAQolZMRZD7WwI8xA_aem_5TxQIaNBrn_McbGgdSWbYg\" target=\"_blank\" rel=\"nofollow noopener\">Inscription sur HelloAsso<\/a>.<\/p>\n<p>Profiter des derniers jours du festival \u00c7a Cartoon<\/p>\n","protected":false},"excerpt":{"rendered":"Jusqu\u2019au 25\u00a0janvier, le cirque Arlette-Gruss pr\u00e9sente son nouveau spectacle baptis\u00e9 \u00ab\u00a0Parenth\u00e8se\u00a0\u00bb dans son chapiteau install\u00e9 sur la place&hellip;\n","protected":false},"author":2,"featured_media":637157,"comment_status":"","ping_status":"","sticky":false,"template":"","format":"standard","meta":{"footnotes":""},"categories":[2817],"tags":[1111,11,1997,1777,674,1011,27,12,2219,25],"class_list":{"0":"post-637156","1":"post","2":"type-post","3":"status-publish","4":"format-standard","5":"has-post-thumbnail","7":"category-bordeaux","8":"tag-actu","9":"tag-actualites","10":"tag-bordeaux","11":"tag-eu","12":"tag-europe","13":"tag-fr","14":"tag-france","15":"tag-news","16":"tag-nouvelle-aquitaine","17":"tag-republique-francaise"},"share_on_mastodon":{"url":"https:\/\/pubeurope.com\/@fr\/115828043040740947","error":""},"_links":{"self":[{"href":"https:\/\/www.europesays.com\/fr\/wp-json\/wp\/v2\/posts\/637156","targetHints":{"allow":["GET"]}}],"collection":[{"href":"https:\/\/www.europesays.com\/fr\/wp-json\/wp\/v2\/posts"}],"about":[{"href":"https:\/\/www.europesays.com\/fr\/wp-json\/wp\/v2\/types\/post"}],"author":[{"embeddable":true,"href":"https:\/\/www.europesays.com\/fr\/wp-json\/wp\/v2\/users\/2"}],"replies":[{"embeddable":true,"href":"https:\/\/www.europesays.com\/fr\/wp-json\/wp\/v2\/comments?post=637156"}],"version-history":[{"count":0,"href":"https:\/\/www.europesays.com\/fr\/wp-json\/wp\/v2\/posts\/637156\/revisions"}],"wp:featuredmedia":[{"embeddable":true,"href":"https:\/\/www.europesays.com\/fr\/wp-json\/wp\/v2\/media\/637157"}],"wp:attachment":[{"href":"https:\/\/www.europesays.com\/fr\/wp-json\/wp\/v2\/media?parent=637156"}],"wp:term":[{"taxonomy":"category","embeddable":true,"href":"https:\/\/www.europesays.com\/fr\/wp-json\/wp\/v2\/categories?post=637156"},{"taxonomy":"post_tag","embeddable":true,"href":"https:\/\/www.europesays.com\/fr\/wp-json\/wp\/v2\/tags?post=637156"}],"curies":[{"name":"wp","href":"https:\/\/api.w.org\/{rel}","templated":true}]}}