{"id":637158,"date":"2026-01-02T23:13:17","date_gmt":"2026-01-02T23:13:17","guid":{"rendered":"https:\/\/www.europesays.com\/fr\/637158\/"},"modified":"2026-01-02T23:13:17","modified_gmt":"2026-01-02T23:13:17","slug":"top-14-premiere-pour-du-preez-retour-de-cazeaux-lbb-sur-le-banc-la-composition-de-bordeaux","status":"publish","type":"post","link":"https:\/\/www.europesays.com\/fr\/637158\/","title":{"rendered":"Top 14. Premi\u00e8re pour Du Preez, retour de Cazeaux, LBB sur le banc : la composition de Bordeaux"},"content":{"rendered":"<p data-start=\"60\" data-end=\"218\">D\u00e9faits sur la pelouse de <a href=\"https:\/\/www.lerugbynistere.fr\/clubs\/asm-clermont-auvergne.php\" ui-sref=\"app.team({teamId: 31})\" alt=\"Clermont\" data-route=\"app.team\" data-param=\"teamId\" data-id=\"31\" target=\"_blank\" rel=\"noopener\">Clermont<\/a> lors de la derni\u00e8re journ\u00e9e de <a href=\"https:\/\/www.lerugbynistere.fr\/championnats\/top-14\" ui-sref=\"app.competition({competitionId: 1})\" alt=\"Top 14\" data-route=\"app.competition\" data-param=\"competitionId\" data-id=\"1\" target=\"_blank\" rel=\"noopener\">Top 14<\/a>, les Bordelais vont tenter de redresser la barre face au <a href=\"https:\/\/www.lerugbynistere.fr\/clubs\/racing-metro-92.php\" ui-sref=\"app.team({teamId: 29})\" alt=\"Racing 92\" data-route=\"app.team\" data-param=\"teamId\" data-id=\"29\" target=\"_blank\" rel=\"noopener\">Racing 92<\/a> \u00e0 Chaban-Delmas.<\/p>\n<p data-start=\"220\" data-end=\"536\">Fort d\u2019une dynamique europ\u00e9enne parfaite et gr\u00e2ce au retour de joueurs importants, <a href=\"https:\/\/www.lerugbynistere.fr\/clubs\/ubb-bordeaux-begles.php\" ui-sref=\"app.team({teamId: 32})\" alt=\"Bordeaux\" data-route=\"app.team\" data-param=\"teamId\" data-id=\"32\" target=\"_blank\" rel=\"noopener\">Bordeaux<\/a> part favori face au Racing. Pour entamer la phase retour, les joueurs de Yannick Bru re\u00e7oivent n\u00e9anmoins une \u00e9quipe qui est sur deux victoires cons\u00e9cutives et faisant trembler le <a href=\"https:\/\/www.lerugbynistere.fr\/clubs\/stade-francais.php\" ui-sref=\"app.team({teamId: 40})\" alt=\"Stade Fran\u00e7ais\" data-route=\"app.team\" data-param=\"teamId\" data-id=\"40\" target=\"_blank\" rel=\"noopener\">Stade Fran\u00e7ais<\/a> \u00e0 Jean-Bouin lors de la derni\u00e8re journ\u00e9e.<\/p>\n<p data-start=\"60\" data-end=\"341\">Plus de quatre mois apr\u00e8s sa derni\u00e8re apparition sur les terrains, le Springbok, cap\u00e9 15 fois, va retrouver la comp\u00e9tition avec sa nouvelle \u00e9quipe. Arriv\u00e9 de Sale \u00e0 l\u2019intersaison, ce num\u00e9ro 8 de 1,94 m pour 114 kg apporte toute son exp\u00e9rience au solide paquet d\u2019avants rochelais.<\/p>\n<p data-start=\"343\" data-end=\"522\">Il n\u2019est pas le seul retour c\u00f4t\u00e9 bordelais : <a href=\"https:\/\/www.lerugbynistere.fr\/fiches-joueurs\/cyril-cazeaux.php\" ui-sref=\"app.player({playerId: 2760})\" alt=\"Cyril Cazeaux\" data-route=\"app.player\" data-param=\"playerId\" data-id=\"2760\" target=\"_blank\" rel=\"noopener\">Cyril Cazeaux<\/a> figure sur la feuille de match apr\u00e8s avoir soign\u00e9 son pouce, tout comme <a href=\"https:\/\/www.lerugbynistere.fr\/fiches-joueurs\/ben-tameifuna.php\" ui-sref=\"app.player({playerId: 2564})\" alt=\"Ben Tameifuna\" data-route=\"app.player\" data-param=\"playerId\" data-id=\"2564\" target=\"_blank\" rel=\"noopener\">Ben Tameifuna<\/a>, qui s\u2019\u00e9tait bless\u00e9 \u00e0 la cuisse.<\/p>\n<p data-start=\"524\" data-end=\"663\">Orphelin de l\u2019autre \u00ab roue du carrosse \u00bb, <a href=\"https:\/\/www.lerugbynistere.fr\/fiches-joueurs\/damian-penaud.php\" ui-sref=\"app.player({playerId: 2467})\" alt=\"Damian Penaud\" data-route=\"app.player\" data-param=\"playerId\" data-id=\"2467\" target=\"_blank\" rel=\"noopener\">Damian Penaud<\/a> sera titulaire aux c\u00f4t\u00e9s de <a href=\"https:\/\/www.lerugbynistere.fr\/fiches-joueurs\/pablo-uberti.php\" ui-sref=\"app.player({playerId: 5586})\" alt=\"Pablo Uberti\" data-route=\"app.player\" data-param=\"playerId\" data-id=\"5586\" target=\"_blank\" rel=\"noopener\">Pablo Uberti<\/a>. <a href=\"https:\/\/www.lerugbynistere.fr\/fiches-joueurs\/romain-buros.php\" ui-sref=\"app.player({playerId: 2670})\" alt=\"Romain Buros\" data-route=\"app.player\" data-param=\"playerId\" data-id=\"2670\" target=\"_blank\" rel=\"noopener\">Romain Buros<\/a> prendra place \u00e0 l\u2019arri\u00e8re.<\/p>\n<p data-start=\"665\" data-end=\"881\">Mathieu Jalibert retrouve son poste de num\u00e9ro 10, associ\u00e9 \u00e0 <a href=\"https:\/\/www.lerugbynistere.fr\/fiches-joueurs\/maxime-lucu.php\" ui-sref=\"app.player({playerId: 6082})\" alt=\"Maxime Lucu\" data-route=\"app.player\" data-param=\"playerId\" data-id=\"6082\" target=\"_blank\" rel=\"noopener\">Maxime Lucu<\/a> qui portera le brassard. La derni\u00e8re fois que les deux hommes ont \u00e9t\u00e9 titulaires \u00e0 la charni\u00e8re, ils avaient rapport\u00e9 21 points \u00e0 leur \u00e9quipe.<\/p>\n<p data-start=\"883\" data-end=\"1127\">Excellent ces derniers temps avec Bordeaux, <a href=\"https:\/\/www.lerugbynistere.fr\/fiches-joueurs\/temo-matiu.php\" ui-sref=\"app.player({playerId: 14690})\" alt=\"Temo Matiu\" data-route=\"app.player\" data-param=\"playerId\" data-id=\"14690\" target=\"_blank\" rel=\"noopener\">Temo Matiu<\/a> d\u00e9butera la rencontre, comme il l\u2019a fait lors des six derniers matchs. Lui aussi performant, <a href=\"https:\/\/www.lerugbynistere.fr\/fiches-joueurs\/tiaan-jacobs.php\" ui-sref=\"app.player({playerId: 13931})\" alt=\"Tiaan Jacobs\" data-route=\"app.player\" data-param=\"playerId\" data-id=\"13931\" target=\"_blank\" rel=\"noopener\">Tiaan Jacobs<\/a> encha\u00eenera \u00e9galement une sixi\u00e8me apparition cons\u00e9cutive sous le maillot de l\u2019UBB.<\/p>\n<p data-start=\"1129\" data-end=\"1304\"><a href=\"https:\/\/www.lerugbynistere.fr\/fiches-joueurs\/nicolas-depoortere.php\" ui-sref=\"app.player({playerId: 12889})\" alt=\"Nicolas Depoort\u00e8re\" data-route=\"app.player\" data-param=\"playerId\" data-id=\"12889\" target=\"_blank\" rel=\"noopener\">Nicolas Depoort\u00e8re<\/a> et Louis Bielle-Biarrey prennent place sur le banc des rempla\u00e7ants ; c\u2019est la premi\u00e8re fois de la saison pour le jeune ailier du <a href=\"https:\/\/www.lerugbynistere.fr\/equipes-nationales\/xv-de-france.php\" ui-sref=\"app.team({teamId: 65})\" alt=\"XV de France\" data-route=\"app.team\" data-param=\"teamId\" data-id=\"65\" target=\"_blank\" rel=\"noopener\">XV de France<\/a> et de l\u2019UBB.<\/p>\n<\/p>\n<p>Quatre Bordelais toujours sur le flanc<\/p>\n<p data-start=\"60\" data-end=\"214\">Si Conor Sa est de nouveau disponible, tout comme Cyril Cazeaux, Ben Tameifuna et Jean-Luc Du Preez, quatre \u00e9l\u00e9ments restent n\u00e9anmoins au soin c\u00f4t\u00e9 UBB.<\/p>\n<p data-start=\"216\" data-end=\"440\"><a href=\"https:\/\/www.lerugbynistere.fr\/fiches-joueurs\/wilfried-rodrigues.php\" ui-sref=\"app.player({playerId: 3369})\" alt=\"Valentin Hutteau\" data-route=\"app.player\" data-param=\"playerId\" data-id=\"3369\" target=\"_blank\" rel=\"noopener\">Valentin Hutteau<\/a> poursuit sa r\u00e9\u00e9ducation apr\u00e8s une op\u00e9ration du genou, tout comme <a href=\"https:\/\/www.lerugbynistere.fr\/fiches-joueurs\/marko-gazzotti.php\" ui-sref=\"app.player({playerId: 14363})\" alt=\"Marko Gazzotti\" data-route=\"app.player\" data-param=\"playerId\" data-id=\"14363\" target=\"_blank\" rel=\"noopener\">Marko Gazzotti<\/a>, touch\u00e9 \u00e0 la cheville en d\u00e9but de saison. Pour ces deux joueurs, aucune date de retour pr\u00e9cise n\u2019est pour l\u2019instant annonc\u00e9e.<\/p>\n<p data-start=\"442\" data-end=\"609\"><a href=\"https:\/\/www.lerugbynistere.fr\/fiches-joueurs\/pierre-bochaton.php\" ui-sref=\"app.player({playerId: 11100})\" alt=\"Pierre Bochaton\" data-route=\"app.player\" data-param=\"playerId\" data-id=\"11100\" target=\"_blank\" rel=\"noopener\">Pierre Bochaton<\/a>, touch\u00e9 aux cervicales, sera \u00e9galement absent pour la r\u00e9ception du Racing 92, tout comme le flanker <a href=\"https:\/\/www.lerugbynistere.fr\/fiches-joueurs\/lachlan-swinton.php\" ui-sref=\"app.player({playerId: 10683})\" alt=\"Lachlan Swinton\" data-route=\"app.player\" data-param=\"playerId\" data-id=\"10683\" target=\"_blank\" rel=\"noopener\">Lachlan Swinton<\/a>, victime d\u2019une blessure au genou. Leur retour est toutefois attendu au cours du prochain bloc de rencontres.<\/p>\n<p data-start=\"442\" data-end=\"609\"><a class=\"inserer_lien_article\" href=\"https:\/\/www.lerugbynistere.fr\/news\/top-14-le-formater-au-haut-niveau-le-jeune-valentin-hutteau-ubb-avec-lucu-comme-mentor-2008251127.php\" data-id=\"45871\" data-route=\"app.article\" data-param=\"articleId\" ui-sref=\"app.article({articleId: 45871})\" alt=\"TOP 14. &#039;&#039;Le formater au haut niveau&#039;&#039; : le jeune Valentin Hutteau (UBB) avec Lucu comme mentor\" title=\"TOP 14. &#039;&#039;Le formater au haut niveau&#039;&#039; : le jeune Valentin Hutteau (UBB) avec Lucu comme mentor\" target=\"_blank\" rel=\"noopener\"><img decoding=\"async\" src=\"https:\/\/www.europesays.com\/fr\/wp-content\/uploads\/2025\/08\/valentin-hutteau-sous-legide-de-maxime-lucu-20-08-25-6444.jpg\" alt=\"TOP 14. ''Le formater au haut niveau'' : le jeune Valentin Hutteau (UBB) avec Lucu comme mentor\"\/>TOP 14. \u00a0\u00bbLe formater au haut niveau\u00a0\u00bb : le jeune Valentin Hutteau (UBB) avec Lucu comme mentor<\/a><\/p>\n","protected":false},"excerpt":{"rendered":"D\u00e9faits sur la pelouse de Clermont lors de la derni\u00e8re journ\u00e9e de Top 14, les Bordelais vont tenter&hellip;\n","protected":false},"author":2,"featured_media":637159,"comment_status":"","ping_status":"","sticky":false,"template":"","format":"standard","meta":{"footnotes":""},"categories":[2817],"tags":[1111,11,1997,1777,674,1011,27,12,2219,25],"class_list":{"0":"post-637158","1":"post","2":"type-post","3":"status-publish","4":"format-standard","5":"has-post-thumbnail","7":"category-bordeaux","8":"tag-actu","9":"tag-actualites","10":"tag-bordeaux","11":"tag-eu","12":"tag-europe","13":"tag-fr","14":"tag-france","15":"tag-news","16":"tag-nouvelle-aquitaine","17":"tag-republique-francaise"},"share_on_mastodon":{"url":"https:\/\/pubeurope.com\/@fr\/115828044852050604","error":""},"_links":{"self":[{"href":"https:\/\/www.europesays.com\/fr\/wp-json\/wp\/v2\/posts\/637158","targetHints":{"allow":["GET"]}}],"collection":[{"href":"https:\/\/www.europesays.com\/fr\/wp-json\/wp\/v2\/posts"}],"about":[{"href":"https:\/\/www.europesays.com\/fr\/wp-json\/wp\/v2\/types\/post"}],"author":[{"embeddable":true,"href":"https:\/\/www.europesays.com\/fr\/wp-json\/wp\/v2\/users\/2"}],"replies":[{"embeddable":true,"href":"https:\/\/www.europesays.com\/fr\/wp-json\/wp\/v2\/comments?post=637158"}],"version-history":[{"count":0,"href":"https:\/\/www.europesays.com\/fr\/wp-json\/wp\/v2\/posts\/637158\/revisions"}],"wp:featuredmedia":[{"embeddable":true,"href":"https:\/\/www.europesays.com\/fr\/wp-json\/wp\/v2\/media\/637159"}],"wp:attachment":[{"href":"https:\/\/www.europesays.com\/fr\/wp-json\/wp\/v2\/media?parent=637158"}],"wp:term":[{"taxonomy":"category","embeddable":true,"href":"https:\/\/www.europesays.com\/fr\/wp-json\/wp\/v2\/categories?post=637158"},{"taxonomy":"post_tag","embeddable":true,"href":"https:\/\/www.europesays.com\/fr\/wp-json\/wp\/v2\/tags?post=637158"}],"curies":[{"name":"wp","href":"https:\/\/api.w.org\/{rel}","templated":true}]}}