{"id":637162,"date":"2026-01-02T23:15:13","date_gmt":"2026-01-02T23:15:13","guid":{"rendered":"https:\/\/www.europesays.com\/fr\/637162\/"},"modified":"2026-01-02T23:15:13","modified_gmt":"2026-01-02T23:15:13","slug":"ligue-1-grace-a-des-buts-de-thomasson-et-de-lancien-du-fc-annecy-ganiou-lens-simpose-a-toulouse","status":"publish","type":"post","link":"https:\/\/www.europesays.com\/fr\/637162\/","title":{"rendered":"Ligue 1. Gr\u00e2ce \u00e0 des buts de Thomasson et de l&rsquo;ancien du FC Annecy Ganiou, Lens s&rsquo;impose \u00e0 Toulouse"},"content":{"rendered":"<p>Nouvelle ann\u00e9e, et m\u00eame s\u00e9rie pour le RC Lens.\u00a0En sup\u00e9riorit\u00e9 num\u00e9rique pendant plus d&rsquo;une heure, le leader lensois s&rsquo;est logiquement impos\u00e9 sur la pelouse de Toulouse (3-0) vendredi soir \u00e0 l&rsquo;occasion du match avanc\u00e9 de la 17e journ\u00e9e, s&rsquo;assurant ainsi le titre de champion d&rsquo;automne. Cela fait d\u00e9sormais sept victoires cons\u00e9cutives pour les Nordistes qui d\u00e9butent l&rsquo;ann\u00e9e 2026 sur les m\u00eames bases que la fin de la pr\u00e9c\u00e9dente. Les Lensois sont d\u00e9finitivement assur\u00e9s de terminer la phase aller du championnat devant le Paris Saint-Germain quel que soit le r\u00e9sultat du PSG au Parc des Princes contre le Paris FC dimanche soir.<\/p>\n<p>Lens si\u00e8ge sur le tr\u00f4ne de la Ligue 1 depuis le 30 novembre et conservera son rang au minimum quinze jours de plus puisque le week-end prochain sera occup\u00e9 par la Coupe de France. Pourtant sur une bonne dynamique jusque-l\u00e0, Toulouse n&rsquo;a rien pu faire face au froid r\u00e9alisme lensois et la s\u00e9rie noire face aux Nordistes se prolonge pour le TFC qui n&rsquo;a plus battu son adversaire du jour \u00e0 domicile depuis&#8230;15 ans (4 d\u00e9faites, 2 nuls) !<\/p>\n<p><strong><a href=\"https:\/\/www.ledauphine.com\/sport\/classement\/football\/national-ligue-1\" target=\"_blank\" rel=\"noopener\">&gt;&gt; Le classement de la Ligue 1<\/a><\/strong><\/p>\n<p><strong>Un rouge qui co\u00fbte cher \u00e0 Toulouse<\/strong><\/p>\n<p>Cette quatri\u00e8me victoire cons\u00e9cutive en d\u00e9placement, depuis leur revers \u00e0 Metz le 29 octobre (2-0), les hommes de <a href=\"https:\/\/www.ledauphine.com\/p\/pierre-sage\" target=\"_blank\" rel=\"noopener\">Pierre Sage<\/a> l&rsquo;ont obtenue en profitant d&rsquo;un fait de jeu qui a pes\u00e9 sur les d\u00e9bats apr\u00e8s vingt minutes tr\u00e8s \u00e9quilibr\u00e9es. Organis\u00e9es dans le m\u00eame sch\u00e9ma tactique (3-5-2), les deux \u00e9quipes s&rsquo;\u00e9taient neutralis\u00e9es jusque-l\u00e0, sans frisson si l&rsquo;on excepte une t\u00eate de Sa\u00efd obligeant le gardien toulousain Guilaume Restes \u00e0 intervenir (22e).<\/p>\n<p>La rencontre a ensuite pris un virage innatendu quand le TFC s&rsquo;est retrouv\u00e9 \u00e0 dix apr\u00e8s un tacle dangereux de son attaquant Emersonn sur son vis-\u00e0-vis Odsonne Edouard (23e), contraignant ce dernier \u00e0 quitter le terrain quinze minutes plus tard. Une sup\u00e9riorit\u00e9 num\u00e9rique que le leader n&rsquo;a pas su exploiter jusqu&rsquo;\u00e0 la pause, ne se procurant alors qu&rsquo;une seule occasion sur un coup franc de Bulatovic parfaitement d\u00e9vi\u00e9 par Restes (42e).Ma\u00eetres du ballon d\u00e8s le coup d&rsquo;envoi du second acte, les Lensois ont fait le si\u00e8ge du but toulousain et c&rsquo;est finalement du pied d&rsquo;un ancien de la maison violette que la d\u00e9livrance est intervenue sur une frappe enroul\u00e9e de Wesley Sa\u00efd depuis l&rsquo;int\u00e9rieur de la surface (1-0, 57e).<\/p>\n<p>Le m\u00eame Sa\u00efd a rat\u00e9 le doubl\u00e9 sur une t\u00eate mal ajust\u00e9e (70e) avant que le capitaine Sang et Or Adrien Thomassson ne mette les siens \u00e0 l&rsquo;abri sur une frappe de Fofana repouss\u00e9e par Restes dans ses pieds (2-0, 85e). Pierre Ganiou, au bout du temps additionnel, corsera l&rsquo;addition sur une belle frappe (3-0, 90e+5).<\/p>\n<p>Lens \u00e9trennera son nouveau statut \u00e0 Sochaux (Nat.) samedi prochain en 16e de finale de la Coupe de France. Avec l&rsquo;objectif, l\u00e0 encore, de faire durer le plaisir le plus longtemps possible&#8230;<\/p>\n","protected":false},"excerpt":{"rendered":"Nouvelle ann\u00e9e, et m\u00eame s\u00e9rie pour le RC Lens.\u00a0En sup\u00e9riorit\u00e9 num\u00e9rique pendant plus d&rsquo;une heure, le leader lensois&hellip;\n","protected":false},"author":2,"featured_media":637163,"comment_status":"","ping_status":"","sticky":false,"template":"","format":"standard","meta":{"footnotes":""},"categories":[2816],"tags":[1111,11,1777,674,107,1701,63,1011,27,4638,7020,12,2680,25,5508,517,1947,2312],"class_list":{"0":"post-637162","1":"post","2":"type-post","3":"status-publish","4":"format-standard","5":"has-post-thumbnail","7":"category-toulouse","8":"tag-actu","9":"tag-actualites","10":"tag-eu","11":"tag-europe","12":"tag-fil-info","13":"tag-fil-info-sport","14":"tag-football","15":"tag-fr","16":"tag-france","17":"tag-haute-savoie","18":"tag-ligue-1-football","19":"tag-news","20":"tag-occitanie","21":"tag-republique-francaise","22":"tag-savoie","23":"tag-sport","24":"tag-sport-national","25":"tag-toulouse"},"share_on_mastodon":{"url":"https:\/\/pubeurope.com\/@fr\/115828052655128643","error":""},"_links":{"self":[{"href":"https:\/\/www.europesays.com\/fr\/wp-json\/wp\/v2\/posts\/637162","targetHints":{"allow":["GET"]}}],"collection":[{"href":"https:\/\/www.europesays.com\/fr\/wp-json\/wp\/v2\/posts"}],"about":[{"href":"https:\/\/www.europesays.com\/fr\/wp-json\/wp\/v2\/types\/post"}],"author":[{"embeddable":true,"href":"https:\/\/www.europesays.com\/fr\/wp-json\/wp\/v2\/users\/2"}],"replies":[{"embeddable":true,"href":"https:\/\/www.europesays.com\/fr\/wp-json\/wp\/v2\/comments?post=637162"}],"version-history":[{"count":0,"href":"https:\/\/www.europesays.com\/fr\/wp-json\/wp\/v2\/posts\/637162\/revisions"}],"wp:featuredmedia":[{"embeddable":true,"href":"https:\/\/www.europesays.com\/fr\/wp-json\/wp\/v2\/media\/637163"}],"wp:attachment":[{"href":"https:\/\/www.europesays.com\/fr\/wp-json\/wp\/v2\/media?parent=637162"}],"wp:term":[{"taxonomy":"category","embeddable":true,"href":"https:\/\/www.europesays.com\/fr\/wp-json\/wp\/v2\/categories?post=637162"},{"taxonomy":"post_tag","embeddable":true,"href":"https:\/\/www.europesays.com\/fr\/wp-json\/wp\/v2\/tags?post=637162"}],"curies":[{"name":"wp","href":"https:\/\/api.w.org\/{rel}","templated":true}]}}