{"id":637164,"date":"2026-01-02T23:17:16","date_gmt":"2026-01-02T23:17:16","guid":{"rendered":"https:\/\/www.europesays.com\/fr\/637164\/"},"modified":"2026-01-02T23:17:16","modified_gmt":"2026-01-02T23:17:16","slug":"le-mois-de-janvier-flippant-qui-attend-bruno-genesio","status":"publish","type":"post","link":"https:\/\/www.europesays.com\/fr\/637164\/","title":{"rendered":"le mois de janvier flippant qui attend Bruno Genesio"},"content":{"rendered":"<p class=\"p1\">Le repos, c&rsquo;est termin\u00e9 ! Alors que la plupart des clubs ont repris l&rsquo;entra\u00eenement depuis plusieurs jours, il faut d\u00e9j\u00e0 oublier les f\u00eates de fin d&rsquo;ann\u00e9e pour se tourner vers le terrain. Ce soir, la Ligue 1 reprend ses droits avec une premi\u00e8re affiche entre Toulouse et le RC Lens pour le compte de la 17e journ\u00e9e du championnat.<\/p>\n<p class=\"p1\">Un mois de janvier promettant d&rsquo;\u00eatre particuli\u00e8rement charg\u00e9, notamment pour le LOSC. Les Dogues lancent 2026 par un premier duel d\u00e9j\u00e0 relev\u00e9 face au Stade Rennais demain \u00e0 Pierre-Mauroy. Le d\u00e9but d&rsquo;un mois marathon o\u00f9 les hommes de Bruno Genesio vont encha\u00eener les duels majuscules en championnat en Coupe d&rsquo;Europe ou en Coupe de France.<\/p>\n<p>Une rencontre face aux Bretons qui s&rsquo;annonce d\u00e9j\u00e0 bien relev\u00e9e puisque l&rsquo;ancien coach de l&rsquo;OL devra faire sans Ethan Mbapp\u00e9, Romain Perraud, Ugo Raghouber, Ousmane Tour\u00e9, Andr\u00e9 Gomes ainsi que les internationaux Hamza Igamane, A\u00efssa Mandi, Chancel Mbemba et Ngal&rsquo;ayel Mukau.<\/p>\n<p>Le PSG au programme<\/p>\n<p class=\"p1\">Cela va donc se poursuivre dimanche prochain avec la r\u00e9ception de l&rsquo;Olympique Lyonnais en 16e de finale de la Coupe de France. Ensuite, en Ligue 1, les Lillois se d\u00e9placent sur la pelouse de l&rsquo;ogre Paris Saint-Germain le vendredi 16 janvier. Apr\u00e8s un court repos, direction l&rsquo;Espagne et le Celta Vigo pour esp\u00e9rer d\u00e9crocher une place dans le top 8 de la C3 le jeudi 22 janvier.<\/p>\n<p class=\"p1\">Retour aux affaires en championnat le 25 janvier et la r\u00e9ception du RC Strasbourg, les Alsaciens pourraient bien avoir chang\u00e9 de coach d&rsquo;ici l\u00e0. Pour terminer janvier, c&rsquo;est les Allemands de Fribourg qui se pr\u00e9senteront \u00e0 Pierre Mauroy le jeudi 29. Six matchs en 26 jours, la bascule de la saison, c&rsquo;est d\u00e9j\u00e0 maintenant pour Lille !<\/p>\n<p>Le calendrier des Dogues<\/p>\n<ul>\n<li>3 janvier, Lille &#8211; Rennes, Ligue 1<\/li>\n<li>11 janvier, Lille &#8211; OL, Coupe de France<\/li>\n<li>16 janvier, PSG &#8211; Lille, Ligue 1<\/li>\n<li>22 janvier, Celta Vigo &#8211; Lille, Ligue Europa<\/li>\n<li>25 janvier, Lille &#8211; Strasbourg, Ligue 1<\/li>\n<li>29 janvier, Lille &#8211; Fribourg, Ligue Europa<\/li>\n<\/ul>\n<p>   Partagez cette info avec vos amis et vos proches en cliquant ici<br \/> Pour r\u00e9sumer<\/p>\n<p>La Ligue 1 reprend ce soir avec Toulouse contre Lens. Lille, tr\u00e8s sollicit\u00e9 en janvier, affronte Rennes demain, puis Lyon en Coupe de France, le PSG en Ligue 1, et le Celta Vigo en C3. Six matchs en 26 jours pour les Dogues.<\/p>\n<p>R\u00e9dacteur<\/p>\n<p><img decoding=\"async\" width=\"76\" height=\"76\" loading=\"lazy\" src=\"https:\/\/www.europesays.com\/fr\/wp-content\/uploads\/2025\/04\/logo-antoine-chirat.jpg\" alt=\"Antoine Chirat\"\/><\/p>\n","protected":false},"excerpt":{"rendered":"Le repos, c&rsquo;est termin\u00e9 ! Alors que la plupart des clubs ont repris l&rsquo;entra\u00eenement depuis plusieurs jours, il&hellip;\n","protected":false},"author":2,"featured_media":637165,"comment_status":"","ping_status":"","sticky":false,"template":"","format":"standard","meta":{"footnotes":""},"categories":[2815],"tags":[1111,11,1777,674,1011,27,811,66,1307,12,25],"class_list":{"0":"post-637164","1":"post","2":"type-post","3":"status-publish","4":"format-standard","5":"has-post-thumbnail","7":"category-lille","8":"tag-actu","9":"tag-actualites","10":"tag-eu","11":"tag-europe","12":"tag-fr","13":"tag-france","14":"tag-hauts-de-france","15":"tag-ligue-1","16":"tag-lille","17":"tag-news","18":"tag-republique-francaise"},"share_on_mastodon":{"url":"https:\/\/pubeurope.com\/@fr\/115828060724743729","error":""},"_links":{"self":[{"href":"https:\/\/www.europesays.com\/fr\/wp-json\/wp\/v2\/posts\/637164","targetHints":{"allow":["GET"]}}],"collection":[{"href":"https:\/\/www.europesays.com\/fr\/wp-json\/wp\/v2\/posts"}],"about":[{"href":"https:\/\/www.europesays.com\/fr\/wp-json\/wp\/v2\/types\/post"}],"author":[{"embeddable":true,"href":"https:\/\/www.europesays.com\/fr\/wp-json\/wp\/v2\/users\/2"}],"replies":[{"embeddable":true,"href":"https:\/\/www.europesays.com\/fr\/wp-json\/wp\/v2\/comments?post=637164"}],"version-history":[{"count":0,"href":"https:\/\/www.europesays.com\/fr\/wp-json\/wp\/v2\/posts\/637164\/revisions"}],"wp:featuredmedia":[{"embeddable":true,"href":"https:\/\/www.europesays.com\/fr\/wp-json\/wp\/v2\/media\/637165"}],"wp:attachment":[{"href":"https:\/\/www.europesays.com\/fr\/wp-json\/wp\/v2\/media?parent=637164"}],"wp:term":[{"taxonomy":"category","embeddable":true,"href":"https:\/\/www.europesays.com\/fr\/wp-json\/wp\/v2\/categories?post=637164"},{"taxonomy":"post_tag","embeddable":true,"href":"https:\/\/www.europesays.com\/fr\/wp-json\/wp\/v2\/tags?post=637164"}],"curies":[{"name":"wp","href":"https:\/\/api.w.org\/{rel}","templated":true}]}}