{"id":637170,"date":"2026-01-02T23:20:12","date_gmt":"2026-01-02T23:20:12","guid":{"rendered":"https:\/\/www.europesays.com\/fr\/637170\/"},"modified":"2026-01-02T23:20:12","modified_gmt":"2026-01-02T23:20:12","slug":"la-prefecture-durcit-les-regles-dans-la-metropole-de-lyon","status":"publish","type":"post","link":"https:\/\/www.europesays.com\/fr\/637170\/","title":{"rendered":"la pr\u00e9fecture durcit les r\u00e8gles dans la m\u00e9tropole de Lyon"},"content":{"rendered":"<p>Face \u00e0 cette situation, la pr\u00e9f\u00e8te du Rh\u00f4ne a pris un arr\u00eat\u00e9 instituant plusieurs mesures d\u2019urgence destin\u00e9es \u00e0 r\u00e9duire les \u00e9missions de polluants.<\/p>\n<p>Dans le domaine des transports, \u00ab\u00a0la circulation diff\u00e9renci\u00e9e est maintenue\u00a0\u00bb. La pr\u00e9fecture pr\u00e9cise que \u00ab\u00a0seuls les v\u00e9hicules affichant un certificat qualit\u00e9 de l\u2019air (vignette Crit\u2019Air) de classe &lsquo;z\u00e9ro \u00e9mission moteur&rsquo;, de classe 1 ou de classe 2 sont autoris\u00e9s \u00e0 circuler au sein de la Zone \u00e0 Faibles \u00c9missions (ZFE) de la M\u00e9tropole de Lyon.\u00a0\u00bb<\/p>\n<p>La d\u00e9rogation dite\u00a0\u00ab\u00a0petits rouleurs\u00a0\u00bb d\u00e9livr\u00e9e par la M\u00e9tropole de Lyon est suspendue pendant l\u2019\u00e9pisode de pollution. Le communiqu\u00e9 indique toutefois qu\u2019\u00a0\u00bbune d\u00e9rogation \u00e0 la restriction de circulation est mise en place pour les voitures particuli\u00e8res transportant trois personnes au moins, les v\u00e9hicules d\u2019int\u00e9r\u00eat g\u00e9n\u00e9ral prioritaires, les convois exceptionnels, les voitures de tourisme avec chauffeur et taxis.\u00a0\u00bb<\/p>\n<p>Les automobilistes ne disposant pas encore de vignette Crit\u2019Air peuvent engager leurs d\u00e9marches en ligne. \u00ab\u00a0Un r\u00e9c\u00e9piss\u00e9 leur sera imm\u00e9diatement d\u00e9livr\u00e9 et pourra \u00eatre pr\u00e9sent\u00e9 en cas de contr\u00f4le\u00a0\u00bb, pr\u00e9cise la pr\u00e9fecture. Par ailleurs, \u00ab\u00a0la vitesse est temporairement limit\u00e9e \u00e0 70 km\/h sur tous les axes routiers du d\u00e9partement \u00e0 80 ou 90 km\/h.\u00a0\u00bb<\/p>\n<p><strong>Chemin\u00e9es \u00e0 foyer ouvert interdite\u00a0<\/strong><\/p>\n<p>Des restrictions concernent \u00e9galement le secteur agricole.\u00a0\u00bbLa pratique de l\u2019\u00e9cobuage est interdite sur l\u2019ensemble du d\u00e9partement du Rh\u00f4ne et le br\u00fblage des sous-produits agricoles et forestiers est interdit sur l\u2019ensemble du d\u00e9partement\u00a0\u00bb. Du c\u00f4t\u00e9 des activit\u00e9s industrielles, \u00ab\u00a0les op\u00e9rations \u00e9mettrices de particules fines, d\u2019oxydes d\u2019azote (NOx) ou de compos\u00e9s organiques volatils (COV) doivent \u00eatre report\u00e9es \u00e0 la fin de l\u2019\u00e9pisode\u00a0\u00bb, notamment \u00ab\u00a0les travaux de maintenance, le d\u00e9gazage d\u2019une installation, le transfert de mat\u00e9riaux ou le broyage.\u00a0\u00bb L\u2019utilisation de groupes \u00e9lectrog\u00e8nes est \u00e9galement encadr\u00e9e et \u00ab\u00a0n\u2019est autoris\u00e9e que pour satisfaire l\u2019alimentation d\u2019int\u00e9r\u00eats essentiels, notamment de s\u00e9curit\u00e9.\u00a0\u00bb<\/p>\n<p>Les chantiers de BTP et les carri\u00e8res sont aussi concern\u00e9s. La pr\u00e9fecture indique que \u00ab\u00a0toute entreprise dont l\u2019activit\u00e9 sur les chantiers est g\u00e9n\u00e9ratrice de poussi\u00e8res doit la r\u00e9duire et que l\u2019usage des engins de manutentions thermiques devra \u00eatre limit\u00e9 au profit d\u2019engins \u00e9lectriques.\u00a0\u00bb Dans le secteur r\u00e9sidentiel, \u00ab\u00a0l\u2019utilisation des chemin\u00e9es \u00e0 foyer ouvert est totalement interdite dans la M\u00e9tropole de Lyon\u00a0\u00bb, tout comme \u00ab\u00a0la pratique du br\u00fblage des d\u00e9chets.\u00a0\u00bb L\u2019usage du bois comme chauffage individuel d\u2019appoint est \u00e9galement interdit.<\/p>\n<p>Les mesures entreront en vigueur \u00ab\u00a0\u00e0 partir du 2 janvier 2026 \u00e0 00h00.\u00a0\u00bb L\u2019abaissement temporaire de la vitesse prendra effet \u00ab\u00a0\u00e0 compter du 3 janvier 2026 \u00e0 05h00.\u00a0\u00bb Des recommandations sanitaires accompagnent ces d\u00e9cisions. Les personnes vuln\u00e9rables et sensibles sont invit\u00e9es \u00e0 \u00ab\u00a0\u00e9viter les activit\u00e9s physiques intenses, \u00e0 reporter les activit\u00e9s qui demandent le plus d\u2019effort, \u00e0 s\u2019\u00e9loigner des grands axes routiers aux p\u00e9riodes de pointe et \u00e0 demander conseil en cas de g\u00eane respiratoire ou cardiaque.\u00a0\u00bb<\/p>\n<blockquote class=\"twitter-tweet\"><p>&#13;<\/p>\n<p dir=\"ltr\" lang=\"fr\"><a href=\"https:\/\/twitter.com\/hashtag\/Qualit%C3%A9Air?src=hash&amp;ref_src=twsrc%5Etfw\" target=\"_blank\" rel=\"noopener\">#Qualit\u00e9Air<\/a> l \ud83d\udca8 \ud83d\udfe0 Face \u00e0 la persistance de l\u2019\u00e9pisode de <a href=\"https:\/\/twitter.com\/hashtag\/pollution?src=hash&amp;ref_src=twsrc%5Etfw\" target=\"_blank\" rel=\"noopener\">#pollution<\/a> de l&rsquo;air sur le bassin Lyonnais Nord-Is\u00e8re, la vigilance orange est activ\u00e9e.<\/p>\n<p>Plusieurs mesures s\u2019appliqueront \u00e0 partir de ce samedi 3 janvier :<\/p>\n<p>\ud83d\udc49 mise en place de la circulation diff\u00e9renci\u00e9e. Selon les\u2026 <a href=\"https:\/\/t.co\/q8vGqbxEdW\">pic.twitter.com\/q8vGqbxEdW<\/a><\/p>\n<p>&#13;<br \/>\n\u2014 Pr\u00e9f\u00e8te de r\u00e9gion Auvergne-Rh\u00f4ne-Alpes et du Rh\u00f4ne (@prefetrhone) <a href=\"https:\/\/twitter.com\/prefetrhone\/status\/2007131400227737697?ref_src=twsrc%5Etfw\" target=\"_blank\" rel=\"noopener\">January 2, 2026<\/a><\/p><\/blockquote>\n<p>  \t\t\t\t\t<script async src=\"https:\/\/platform.twitter.com\/widgets.js\" charset=\"utf-8\"><\/script><\/p>\n","protected":false},"excerpt":{"rendered":"Face \u00e0 cette situation, la pr\u00e9f\u00e8te du Rh\u00f4ne a pris un arr\u00eat\u00e9 instituant plusieurs mesures d\u2019urgence destin\u00e9es \u00e0&hellip;\n","protected":false},"author":2,"featured_media":637171,"comment_status":"","ping_status":"","sticky":false,"template":"","format":"standard","meta":{"footnotes":""},"categories":[1889],"tags":[1111,11,2813,2190,2430,1109,251,1112,2811,1777,674,118,1011,27,1922,1110,1114,2428,2810,12,241,316,25,2812,517,800],"class_list":{"0":"post-637170","1":"post","2":"type-post","3":"status-publish","4":"format-standard","5":"has-post-thumbnail","7":"category-lyon","8":"tag-actu","9":"tag-actualites","10":"tag-article","11":"tag-asvel","12":"tag-auvergne-rhone-alpes","13":"tag-breves","14":"tag-culture","15":"tag-depeches","16":"tag-economique","17":"tag-eu","18":"tag-europe","19":"tag-faits-divers","20":"tag-fr","21":"tag-france","22":"tag-info","23":"tag-informations","24":"tag-infos","25":"tag-lyon","26":"tag-lyonmag","27":"tag-news","28":"tag-ol","29":"tag-politique","30":"tag-republique-francaise","31":"tag-sociale","32":"tag-sport","33":"tag-transports"},"share_on_mastodon":{"url":"https:\/\/pubeurope.com\/@fr\/115828072350900682","error":""},"_links":{"self":[{"href":"https:\/\/www.europesays.com\/fr\/wp-json\/wp\/v2\/posts\/637170","targetHints":{"allow":["GET"]}}],"collection":[{"href":"https:\/\/www.europesays.com\/fr\/wp-json\/wp\/v2\/posts"}],"about":[{"href":"https:\/\/www.europesays.com\/fr\/wp-json\/wp\/v2\/types\/post"}],"author":[{"embeddable":true,"href":"https:\/\/www.europesays.com\/fr\/wp-json\/wp\/v2\/users\/2"}],"replies":[{"embeddable":true,"href":"https:\/\/www.europesays.com\/fr\/wp-json\/wp\/v2\/comments?post=637170"}],"version-history":[{"count":0,"href":"https:\/\/www.europesays.com\/fr\/wp-json\/wp\/v2\/posts\/637170\/revisions"}],"wp:featuredmedia":[{"embeddable":true,"href":"https:\/\/www.europesays.com\/fr\/wp-json\/wp\/v2\/media\/637171"}],"wp:attachment":[{"href":"https:\/\/www.europesays.com\/fr\/wp-json\/wp\/v2\/media?parent=637170"}],"wp:term":[{"taxonomy":"category","embeddable":true,"href":"https:\/\/www.europesays.com\/fr\/wp-json\/wp\/v2\/categories?post=637170"},{"taxonomy":"post_tag","embeddable":true,"href":"https:\/\/www.europesays.com\/fr\/wp-json\/wp\/v2\/tags?post=637170"}],"curies":[{"name":"wp","href":"https:\/\/api.w.org\/{rel}","templated":true}]}}