{"id":637176,"date":"2026-01-02T23:24:32","date_gmt":"2026-01-02T23:24:32","guid":{"rendered":"https:\/\/www.europesays.com\/fr\/637176\/"},"modified":"2026-01-02T23:24:32","modified_gmt":"2026-01-02T23:24:32","slug":"le-paris-fc-sur-un-gros-coup-en-ligue-1-kounde-concurrence-au-barca","status":"publish","type":"post","link":"https:\/\/www.europesays.com\/fr\/637176\/","title":{"rendered":"le Paris FC sur un gros coup en Ligue 1, Kound\u00e9 concurrenc\u00e9 au Bar\u00e7a\u00a0?"},"content":{"rendered":"<p>\n    Rosenior sur le d\u00e9part de Strasbourg, le Bar\u00e7a qui cherche un lat\u00e9ral droit ou le Paris FC qui vise Sidiki Ch\u00e9rif\u00a0: toutes les infos du mercato football de ce vendredi 2 janvier 2026.<\/p>\n<p>                                    Strasbourg pr\u00e9pare l\u2019apr\u00e8s-Rosenior<\/p>\n<p class=\"fig-paragraph\">Chelsea s\u2019est\u00a0<a href=\"http:\/\/www.lefigaro.fr\/sports\/football\/angleterre\/premier-league-chelsea-se-separe-officiellement-de-son-entraineur-enzo-maresca-liam-rosenior-pour-lui-succeder-20260101\" data-fig-type=\"NewsFlash\" data-gtm-custom-categorie=\"navigation\" data-gtm-custom-action=\"crossclick\" data-gtm-custom-label=\"Contextuel\" data-gtm-event=\"customEventSPE\" data-fig-domain=\"LEFIGARO\" target=\"_blank\" rel=\"noopener\">s\u00e9par\u00e9 de son entra\u00eeneur Enzo Maresca<\/a>, et Liam Rosenior est le favori pour lui succ\u00e9der. Strasbourg aura du mal \u00e0 lutter pour garder l\u2019Anglais sur son banc\u00a0: le club alsacien et son homologue londonien ont le m\u00eame propri\u00e9taire, BlueCo. \u00abOn ne sait pas de quoi demain sera fait\u00bb, a \u00e9vacu\u00e9 le principal int\u00e9ress\u00e9 ce vendredi en conf\u00e9rence de presse. Le Racing s\u2019active d\u00e9j\u00e0 pour son successeur. Selon The Guardian, Eric Ramsay est l\u2019un des noms sur la short-list pour l\u2019apr\u00e8s-Rosenior.<\/p>\n<p class=\"fig-paragraph\">\u00c2g\u00e9 de 33 ans, ce jeune coach gallois dirige le Minnesota United FC aux \u00c9tats-Unis depuis presque deux ans. Il a auparavant travaill\u00e9 \u00e0 Chelsea et Manchester United. Strasbourg est 7e de Ligue\u00a01 \u00e0 la tr\u00eave et disputera les 8es de finale de la Ligue Conf\u00e9rence.<\/p>\n<p>                                            <a class=\"fig-a11y-skip\" href=\"#fig-a11y-skip-main-inarticle\" data-module=\"a11y-skip\" data-context=\"was @visible\"><br \/>\n    Passer la publicit\u00e9<br \/>\n<\/a>            <\/p>\n<p>                                            Paris FC, une g\u00e2chette nomm\u00e9e Ch\u00e9rif<\/p>\n<p class=\"fig-paragraph\">Avec 4 buts en 16 matches de L1, Sidiki Ch\u00e9rif montre un fort potentiel sous le maillot d\u2019Angers. L\u2019attaquant de 19 ans ne risque toutefois pas d\u2019y faire de vieux os.\u00a0<a href=\"https:\/\/www.lequipe.fr\/Football\/Actualites\/Mercato-le-paris-fc-a-propose-23-m-et-8364-pour-l-attaquant-d-angers-sidiki-cherif\/1630468\" target=\"_blank\" rel=\"sponsored noopener\" data-gtm-custom-categorie=\"navigation\" data-gtm-custom-action=\"crossclick\" data-gtm-custom-label=\"Contextuel\" data-gtm-event=\"customEventSPE\">L\u2019\u00c9quipe<\/a> \u00a0r\u00e9v\u00e8le une offre de 23 millions d\u2019euros, bonus inclus, formul\u00e9e par le Paris\u00a0FC. Le SCO, conscient que le club espagnol de Villarreal est aussi au taquet, en demanderait 30 millions. Le PFC, 14e de L1 et rachet\u00e9 par Antoine Arnault il y a un an, lutte pour son maintien.<\/p>\n<p>                                            Ryerson (Dortmund) pla\u00eet au Bar\u00e7a<\/p>\n<p class=\"fig-paragraph\">Avec les p\u00e9pins physiques dans la d\u00e9fense barcelonaise, Eric Garcia a d\u00fb souvent d\u00e9panner dans l\u2019axe, laissant toute la responsabilit\u00e9 du poste de lat\u00e9ral droit \u00e0 Jules Kound\u00e9. Le Bar\u00e7a cherche une doublure, voire un concurrent au Fran\u00e7ais. Julian Ryerson, titulaire au Borussia Dortmund, est sa priorit\u00e9 selon\u00a0<a href=\"https:\/\/www.mundodeportivo.com\/futbol\/fc-barcelona\/20260102\/1002594133\/examenes-ryerson.html\" target=\"_blank\" rel=\"sponsored noopener\" data-gtm-custom-categorie=\"navigation\" data-gtm-custom-action=\"crossclick\" data-gtm-custom-label=\"Contextuel\" data-gtm-event=\"customEventSPE\">Mundo Deportivo<\/a> .<\/p>\n<p class=\"fig-paragraph\"><strong>\u00c0 VOIR AUSSI &#8211;<\/strong> Le joli but de Rashford avec le Bar\u00e7a contre Guadalajara en 16es de finale de Coupe du Roi le 16 d\u00e9cembre dernier (0-2)<\/p>\n<p class=\"fig-paragraph\">L\u2019international norv\u00e9gien, qui\u00a0<a href=\"http:\/\/www.lefigaro.fr\/sports\/football\/coupe-du-monde\/bresil-maroc-angleterre-croatie-france-norvege-les-10-affiches-a-suivre-au-mondial-2026-20251206\" data-fig-type=\"NewsFlash\" data-gtm-custom-categorie=\"navigation\" data-gtm-custom-action=\"crossclick\" data-gtm-custom-label=\"Contextuel\" data-gtm-event=\"customEventSPE\" data-fig-domain=\"LEFIGARO\" target=\"_blank\" rel=\"noopener\">affrontera les Bleus \u00e0 la Coupe du monde 2026<\/a>, est sous contrat jusqu\u2019en 2028 \u00e0 Dortmund. Son profil est plus offensif que celui de Kound\u00e9, qui a jou\u00e9 24 des 25 matches du Bar\u00e7a cette saison. Les Blaugranas, leaders de Liga devant le Real Madrid, sont toujours engag\u00e9s en Ligue des champions et en Coupe du Roi, en plus de la Supercoupe d\u2019Espagne ce mois-ci (7-11 janvier). D\u2019o\u00f9 le besoin de renforts.<\/p>\n<p>                                            F\u00fcllkrug \u00e0 l\u2019AC Milan, c\u2019est fait<\/p>\n<p class=\"fig-paragraph\">Jeudi, l\u2019entra\u00eeneur Massimiliano Allegri a confirm\u00e9 l\u2019arriv\u00e9e de\u00a0<a href=\"http:\/\/www.lefigaro.fr\/sports\/football\/ligue-des-champions\/ligue-des-champions-werder-breme-bon-finisseur-giroud-allemand-5-choses-a-savoir-sur-niclas-fuellkrug-le-bourreau-du-psg-20240502\" data-fig-type=\"NewsFlash\" data-gtm-custom-categorie=\"navigation\" data-gtm-custom-action=\"crossclick\" data-gtm-custom-label=\"Contextuel\" data-gtm-event=\"customEventSPE\" data-fig-domain=\"LEFIGARO\" target=\"_blank\" rel=\"noopener\">Niclas F\u00fcllkrug<\/a>\u00a0\u00e0 l\u2019AC MIlan. \u00abIl sera sur le banc\u00bb contre Cagliari ce vendredi soir (20h45), a m\u00eame affirm\u00e9 Allegri. \u00c0 condition que la F\u00e9d\u00e9ration italienne de football accorde une d\u00e9rogation. F\u00fcllkrug, international allemand de 32 ans, est pr\u00eat\u00e9 avec option d\u2019achat par West Ham.<\/p>\n<p>                                            <a class=\"fig-a11y-skip\" href=\"#fig-a11y-skip-main-inarticle_mtf\" data-module=\"a11y-skip\" data-context=\"was @visible\"><br \/>\n    Passer la publicit\u00e9<br \/>\n<\/a>            <\/p>\n<p class=\"fig-paragraph\">Le club anglais l\u2019avait achet\u00e9 pour 27\u00a0M\u20ac \u00e0 Dortmund il y a un an et demi, sans qu\u2019il ne confirme. Il avait auparavant fait toute sa carri\u00e8re en Allemagne. L\u2019AC Milan est dauphin de son rival, l\u2019Inter, avec un petit point de retard en Serie\u00a0A. Les Rossoneri de Mike Maignan, Adrien Rabiot et Christopher Nkunku ne disputent pas de coupe d\u2019Europe cette saison.<\/p>\n<p>                                            Roque Santa Cruz prolonge le plaisir \u00e0 44 ans<\/p>\n<p class=\"fig-paragraph\">Oui, Roque Santa Cruz joue toujours au football. L\u2019ancien attaquant du Bayern Munich (238 matches, 51 buts) vient de s\u2019engager, \u00e0 44 ans, avec le Club Nacional au Paraguay. Il \u00e9tait rentr\u00e9 au pays en 2016 apr\u00e8s d\u2019autres exp\u00e9riences en Europe (Manchester City, Real Betis, Malaga&#8230;). L\u2019ex-international (112 s\u00e9lections, 32 buts) sort d\u2019une ann\u00e9e au Club Libertad Asuncion, avec 4 buts en 26 matches dans un r\u00f4le de rempla\u00e7ant la plupart du temps.<\/p>\n","protected":false},"excerpt":{"rendered":"Rosenior sur le d\u00e9part de Strasbourg, le Bar\u00e7a qui cherche un lat\u00e9ral droit ou le Paris FC qui&hellip;\n","protected":false},"author":2,"featured_media":637177,"comment_status":"","ping_status":"","sticky":false,"template":"","format":"standard","meta":{"footnotes":""},"categories":[1888],"tags":[1111,1928,11,1927,1777,674,1011,27,12,1926,626,1925,4448,25],"class_list":{"0":"post-637176","1":"post","2":"type-post","3":"status-publish","4":"format-standard","5":"has-post-thumbnail","7":"category-paris","8":"tag-actu","9":"tag-actu-paris","10":"tag-actualites","11":"tag-actualites-paris","12":"tag-eu","13":"tag-europe","14":"tag-fr","15":"tag-france","16":"tag-news","17":"tag-news-paris","18":"tag-paris","19":"tag-paris-news","20":"tag-rc-strasbourg","21":"tag-republique-francaise"},"share_on_mastodon":{"url":"https:\/\/pubeurope.com\/@fr\/115828088110842323","error":""},"_links":{"self":[{"href":"https:\/\/www.europesays.com\/fr\/wp-json\/wp\/v2\/posts\/637176","targetHints":{"allow":["GET"]}}],"collection":[{"href":"https:\/\/www.europesays.com\/fr\/wp-json\/wp\/v2\/posts"}],"about":[{"href":"https:\/\/www.europesays.com\/fr\/wp-json\/wp\/v2\/types\/post"}],"author":[{"embeddable":true,"href":"https:\/\/www.europesays.com\/fr\/wp-json\/wp\/v2\/users\/2"}],"replies":[{"embeddable":true,"href":"https:\/\/www.europesays.com\/fr\/wp-json\/wp\/v2\/comments?post=637176"}],"version-history":[{"count":0,"href":"https:\/\/www.europesays.com\/fr\/wp-json\/wp\/v2\/posts\/637176\/revisions"}],"wp:featuredmedia":[{"embeddable":true,"href":"https:\/\/www.europesays.com\/fr\/wp-json\/wp\/v2\/media\/637177"}],"wp:attachment":[{"href":"https:\/\/www.europesays.com\/fr\/wp-json\/wp\/v2\/media?parent=637176"}],"wp:term":[{"taxonomy":"category","embeddable":true,"href":"https:\/\/www.europesays.com\/fr\/wp-json\/wp\/v2\/categories?post=637176"},{"taxonomy":"post_tag","embeddable":true,"href":"https:\/\/www.europesays.com\/fr\/wp-json\/wp\/v2\/tags?post=637176"}],"curies":[{"name":"wp","href":"https:\/\/api.w.org\/{rel}","templated":true}]}}