{"id":637185,"date":"2026-01-02T23:29:16","date_gmt":"2026-01-02T23:29:16","guid":{"rendered":"https:\/\/www.europesays.com\/fr\/637185\/"},"modified":"2026-01-02T23:29:16","modified_gmt":"2026-01-02T23:29:16","slug":"zelensky-choisit-un-jeune-de-34-ans-comme-ministre-de-la-defense","status":"publish","type":"post","link":"https:\/\/www.europesays.com\/fr\/637185\/","title":{"rendered":"Zelensky choisit un jeune de 34 ans comme ministre de la d\u00e9fense"},"content":{"rendered":"<p class=\"sc-7c8a2665-13 eBhjlJ\">L\u2019Ukraine a affirm\u00e9 jeudi qu\u2019un chef militaire russe combattant pour Kiev, dont la mort avait \u00e9t\u00e9 annonc\u00e9e la semaine derni\u00e8re, \u00e9tait en r\u00e9alit\u00e9 vivant et que son d\u00e9c\u00e8s a \u00e9t\u00e9 mis en sc\u00e8ne pour identifier des agents russes.<\/p>\n<p class=\"sc-7c8a2665-13 eBhjlJ\">Le 27 d\u00e9cembre, le Corps des volontaires russes (RDK) avait annonc\u00e9 que son commandant, Denis Kapoustine, avait \u00e9t\u00e9 tu\u00e9 au front dans le secteur de Zaporijjia (sud) lors d\u2019une attaque de drone russe. Les services de renseignement militaires ukrainiens (GUR) ont annonc\u00e9 jeudi que cette mort \u00e9tait fictive et faisait partie d\u2019une \u00abop\u00e9ration sp\u00e9ciale\u00bb ayant \u00e9t\u00e9 men\u00e9e pendant plus d\u2019un mois. \u00abF\u00e9licitations pour ton retour \u00e0 la vie, cela fait toujours plaisir\u00bb, a d\u00e9clar\u00e9 le chef du GUR, Kyrylo Boudanov, dans un \u00e9change par vid\u00e9oconf\u00e9rence avec Denis Kapoustine diffus\u00e9e par ses services. Pour sa part, Denis Kapoustine s\u2019est dit pr\u00eat \u00e0 \u00abretourner dans la zone des op\u00e9rations\u00bb sur le front et \u00e0 poursuivre le commandement de son unit\u00e9.<\/p>\n<p class=\"sc-7c8a2665-13 eBhjlJ\">Selon le GUR, la simulation de ce d\u00e9c\u00e8s a permis d\u2019identifier des membres des services sp\u00e9ciaux russes qui avaient mis \u00e0 prix la t\u00eate de Denis Kapoustine et souhaitaient l\u2019assassiner. \u00abNous avons \u00e9galement re\u00e7u la somme d\u2019argent allou\u00e9e par les services sp\u00e9ciaux russes pour accomplir ce crime\u00bb, \u00e0 savoir 500&rsquo;000 dollars, a affirm\u00e9 un responsable anonyme du GUR dans cette vid\u00e9o.<\/p>\n<p class=\"sc-7c8a2665-13 eBhjlJ\">Figure connue du milieu hooligan et d\u2019extr\u00eame droite en Russie, Denis Kapoustine, a \u00e9t\u00e9 accus\u00e9 par le pass\u00e9 de d\u00e9fendre des id\u00e9es n\u00e9onazies. Connu sous plusieurs pseudonymes comme Nikitine ou White Rex, il s\u2019est install\u00e9 en Ukraine avant l\u2019invasion russe de f\u00e9vrier 2022, o\u00f9 il y organisait des combats de MMA et poss\u00e9dait une marque de v\u00eatements. Apr\u00e8s avoir pris les armes pour combattre pour Kiev, il avait notamment fait parler de lui au printemps 2023. Son unit\u00e9 avait alors men\u00e9 des incursions frontali\u00e8res en Russie depuis l\u2019Ukraine.<\/p>\n","protected":false},"excerpt":{"rendered":"L\u2019Ukraine a affirm\u00e9 jeudi qu\u2019un chef militaire russe combattant pour Kiev, dont la mort avait \u00e9t\u00e9 annonc\u00e9e la&hellip;\n","protected":false},"author":2,"featured_media":637186,"comment_status":"","ping_status":"","sticky":false,"template":"","format":"standard","meta":{"footnotes":""},"categories":[1590],"tags":[11,1777,674,12,220],"class_list":{"0":"post-637185","1":"post","2":"type-post","3":"status-publish","4":"format-standard","5":"has-post-thumbnail","7":"category-ukraine","8":"tag-actualites","9":"tag-eu","10":"tag-europe","11":"tag-news","12":"tag-ukraine"},"share_on_mastodon":{"url":"https:\/\/pubeurope.com\/@fr\/115828107826001942","error":""},"_links":{"self":[{"href":"https:\/\/www.europesays.com\/fr\/wp-json\/wp\/v2\/posts\/637185","targetHints":{"allow":["GET"]}}],"collection":[{"href":"https:\/\/www.europesays.com\/fr\/wp-json\/wp\/v2\/posts"}],"about":[{"href":"https:\/\/www.europesays.com\/fr\/wp-json\/wp\/v2\/types\/post"}],"author":[{"embeddable":true,"href":"https:\/\/www.europesays.com\/fr\/wp-json\/wp\/v2\/users\/2"}],"replies":[{"embeddable":true,"href":"https:\/\/www.europesays.com\/fr\/wp-json\/wp\/v2\/comments?post=637185"}],"version-history":[{"count":0,"href":"https:\/\/www.europesays.com\/fr\/wp-json\/wp\/v2\/posts\/637185\/revisions"}],"wp:featuredmedia":[{"embeddable":true,"href":"https:\/\/www.europesays.com\/fr\/wp-json\/wp\/v2\/media\/637186"}],"wp:attachment":[{"href":"https:\/\/www.europesays.com\/fr\/wp-json\/wp\/v2\/media?parent=637185"}],"wp:term":[{"taxonomy":"category","embeddable":true,"href":"https:\/\/www.europesays.com\/fr\/wp-json\/wp\/v2\/categories?post=637185"},{"taxonomy":"post_tag","embeddable":true,"href":"https:\/\/www.europesays.com\/fr\/wp-json\/wp\/v2\/tags?post=637185"}],"curies":[{"name":"wp","href":"https:\/\/api.w.org\/{rel}","templated":true}]}}