{"id":637188,"date":"2026-01-02T23:31:10","date_gmt":"2026-01-02T23:31:10","guid":{"rendered":"https:\/\/www.europesays.com\/fr\/637188\/"},"modified":"2026-01-02T23:31:10","modified_gmt":"2026-01-02T23:31:10","slug":"au-royaume-uni-les-jardiniers-ont-48-h-pour-traquer-dans-leur-jardin-un-signe-glacant-du-dereglement-climatique","status":"publish","type":"post","link":"https:\/\/www.europesays.com\/fr\/637188\/","title":{"rendered":"Au Royaume-Uni, les jardiniers ont 48 h pour traquer dans leur jardin un signe gla\u00e7ant du d\u00e9r\u00e8glement climatique"},"content":{"rendered":"<p>En plein c\u0153ur de l\u2019hiver, les <strong>jardiniers<br \/>\nbritanniques<\/strong> re\u00e7oivent une consigne inhabituelle : sortir<br \/>\ndans les 48 heures pour inspecter pelouses, plates-bandes et<br \/>\ntrottoirs. Derri\u00e8re cette promenade forc\u00e9e, les scientifiques<br \/>\nesp\u00e8rent rep\u00e9rer un indicateur discret mais lourd de sens pour<br \/>\nl\u2019avenir du climat.<\/p>\n<p>L\u2019appel s\u2019inscrit dans le cadre du <strong>New Year Plant<br \/>\nHunt<\/strong>, une op\u00e9ration de <strong>floraison<br \/>\nhivernale<\/strong> organis\u00e9e chaque d\u00e9but d\u2019ann\u00e9e. Objectif :<br \/>\ncompter les plantes en fleurs autour du Nouvel An et mesurer \u00e0 quel<br \/>\npoint les saisons semblent se d\u00e9r\u00e9gler. Un simple tour de jardin<br \/>\npeut suffire.<\/p>\n<p>New Year Plant Hunt : une chasse aux fleurs express<\/p>\n<p>Port\u00e9 par la <strong>Botanical Society of Britain and<br \/>\nIreland<\/strong> (BSBI), ce programme de <strong>science<br \/>\nparticipative<\/strong> invite habitants et passionn\u00e9s de nature \u00e0<br \/>\nrecenser toutes les plantes sauvages en fleur entre le 1er et le 4<br \/>\njanvier. Quelques heures d\u2019observation, un carnet ou une<br \/>\napplication, puis les r\u00e9sultats partent enrichir une base de<br \/>\ndonn\u00e9es construite depuis dix ans.<\/p>\n<p>Le <strong>Met Office<\/strong>, service m\u00e9t\u00e9o britannique,<br \/>\nanalyse ensuite ces milliers de relev\u00e9s. Ses climatologues ont<br \/>\nmontr\u00e9 qu\u2019\u00e0 chaque hausse d\u20191 \u00b0C de la temp\u00e9rature moyenne sur<br \/>\nnovembre et d\u00e9cembre, on observe environ 2,5 esp\u00e8ces<br \/>\nsuppl\u00e9mentaires en fleurs autour du Nouvel An. Plus l\u2019automne est<br \/>\ndoux, plus l\u2019hiver ressemble \u00e0 un printemps avanc\u00e9.<\/p>\n<p>Des centaines d\u2019esp\u00e8ces en fleurs, un signal du d\u00e9r\u00e8glement<br \/>\nclimatique<\/p>\n<p>Lors de la campagne 2025, les b\u00e9n\u00e9voles ont signal\u00e9 310 esp\u00e8ces<br \/>\nindig\u00e8nes en fleurs, alors qu\u2019une dizaine seulement seraient<br \/>\nattendues \u00e0 cette p\u00e9riode, et 646 esp\u00e8ces en comptant les non<br \/>\nindig\u00e8nes comme le fleabane du Mexique ou les lamiers blanc et<br \/>\nrouge. P\u00e2querettes, pissenlits et s\u00e9ne\u00e7on figurent toujours en t\u00eate<br \/>\nde liste, transformant pelouses et bas-c\u00f4t\u00e9s en tapis de fleurs au<br \/>\nc\u0153ur de l\u2019hiver.<\/p>\n<p>\u00ab\u00a0Cette nouvelle analyse montre un lien tr\u00e8s clair entre la<br \/>\nhausse des temp\u00e9ratures et les impacts sur nos esp\u00e8ces v\u00e9g\u00e9tales.<br \/>\nC\u00a0\u00bbest une preuve suppl\u00e9mentaire que le changement climatique<br \/>\naffecte notre faune sauvage sans distinction. C&rsquo;est un signal<br \/>\nvisible que chacun peut voir dans son propre jardin et sa<br \/>\ncommunaut\u00e9\u00a0\u00bb, a expliqu\u00e9 Kevin Walker, responsable scientifique de<br \/>\nla BSBI, cit\u00e9 par DevonLive. Pour la climatologue Debbie Hemming,<br \/>\n\u00ab\u00a0ces r\u00e9sultats soulignent \u00e0 quel point la hausse des temp\u00e9ratures<br \/>\net la multiplication des \u00e9v\u00e9nements climatiques extr\u00eames d\u00e9placent<br \/>\nles cycles naturels de nos plantes et de notre faune, fournissant<br \/>\ndes preuves tangibles que le changement climatique influence<br \/>\ndirectement le monde qui nous entoure\u00a0\u00bb.<\/p>\n<p>Ce que vos fleurs d\u2019hiver r\u00e9v\u00e8lent, au<br \/>\nRoyaume-Uni comme en France<\/p>\n<p>Au Royaume-Uni, les organisateurs pressent donc les participants<br \/>\nde terminer leurs relev\u00e9s avant le 4 janvier pour capturer cette<br \/>\nphotographie tr\u00e8s pr\u00e9cise de la saison. Mais le ph\u00e9nom\u00e8ne d\u00e9passe<br \/>\nles fronti\u00e8res britanniques : en France aussi, certains jardiniers<br \/>\nconstatent d\u00e8s le 1er janvier un sol d\u00e9j\u00e0 vert, des p\u00e2querettes<br \/>\nouvertes, des pissenlits en fleur et une \u00ab\u00a0fausse impression de<br \/>\ndouceur\u00a0\u00bb qui peut se retourner en gel tardif. Observer ces<br \/>\nmicro-indices hivernaux devient un moyen de suivre, chez soi, les<br \/>\neffets du <strong>d\u00e9r\u00e8glement climatique<\/strong>.<\/p>\n<p>La jeune chercheuse du Met Office Grace Richardson r\u00e9sume<br \/>\nl\u2019enjeu : \u00ab\u00a0Le projet montre d\u00e9j\u00e0 \u00e0 quel point les donn\u00e9es<br \/>\nclimatiques et les relev\u00e9s d\u00e9taill\u00e9s de plantes peuvent \u00eatre r\u00e9unis<br \/>\nefficacement pour expliquer les \u00e9volutions de notre environnement.<br \/>\nAu d\u00e9but de ma carri\u00e8re, c&rsquo;est un privil\u00e8ge de contribuer \u00e0 ce<br \/>\ntravail pr\u00e9cieux\u00a0\u00bb. Qu\u2019on saisisse ses observations sur une<br \/>\nplateforme officielle ou dans un simple carnet, chaque fleur<br \/>\nd\u2019hiver not\u00e9e raconte une partie de l\u2019histoire qui se joue dans nos<br \/>\njardins.<\/p>\n","protected":false},"excerpt":{"rendered":"En plein c\u0153ur de l\u2019hiver, les jardiniers britanniques re\u00e7oivent une consigne inhabituelle : sortir dans les 48 heures&hellip;\n","protected":false},"author":2,"featured_media":637189,"comment_status":"","ping_status":"","sticky":false,"template":"","format":"standard","meta":{"footnotes":""},"categories":[1588],"tags":[47,11,51,1777,674,2574,3354,12,4896,473,1853,1851,1850,1852],"class_list":{"0":"post-637188","1":"post","2":"type-post","3":"status-publish","4":"format-standard","5":"has-post-thumbnail","7":"category-royaume-uni","8":"tag-actualite","9":"tag-actualites","10":"tag-ecologie","11":"tag-eu","12":"tag-europe","13":"tag-fleurs","14":"tag-jardin","15":"tag-news","16":"tag-plantes","17":"tag-royaume-uni","18":"tag-royaume-uni-de-grande-bretagne-et-dirlande-du-nord","19":"tag-uk","20":"tag-united-kingdom","21":"tag-united-kingdom-of-great-britain-and-northern-ireland"},"share_on_mastodon":{"url":"https:\/\/pubeurope.com\/@fr\/115828115625168494","error":""},"_links":{"self":[{"href":"https:\/\/www.europesays.com\/fr\/wp-json\/wp\/v2\/posts\/637188","targetHints":{"allow":["GET"]}}],"collection":[{"href":"https:\/\/www.europesays.com\/fr\/wp-json\/wp\/v2\/posts"}],"about":[{"href":"https:\/\/www.europesays.com\/fr\/wp-json\/wp\/v2\/types\/post"}],"author":[{"embeddable":true,"href":"https:\/\/www.europesays.com\/fr\/wp-json\/wp\/v2\/users\/2"}],"replies":[{"embeddable":true,"href":"https:\/\/www.europesays.com\/fr\/wp-json\/wp\/v2\/comments?post=637188"}],"version-history":[{"count":0,"href":"https:\/\/www.europesays.com\/fr\/wp-json\/wp\/v2\/posts\/637188\/revisions"}],"wp:featuredmedia":[{"embeddable":true,"href":"https:\/\/www.europesays.com\/fr\/wp-json\/wp\/v2\/media\/637189"}],"wp:attachment":[{"href":"https:\/\/www.europesays.com\/fr\/wp-json\/wp\/v2\/media?parent=637188"}],"wp:term":[{"taxonomy":"category","embeddable":true,"href":"https:\/\/www.europesays.com\/fr\/wp-json\/wp\/v2\/categories?post=637188"},{"taxonomy":"post_tag","embeddable":true,"href":"https:\/\/www.europesays.com\/fr\/wp-json\/wp\/v2\/tags?post=637188"}],"curies":[{"name":"wp","href":"https:\/\/api.w.org\/{rel}","templated":true}]}}