{"id":637190,"date":"2026-01-02T23:32:48","date_gmt":"2026-01-02T23:32:48","guid":{"rendered":"https:\/\/www.europesays.com\/fr\/637190\/"},"modified":"2026-01-02T23:32:48","modified_gmt":"2026-01-02T23:32:48","slug":"europe-allemagne-chanteurs-a-letoile-le-travail-des-enfants-nest-pas-une-fatalite","status":"publish","type":"post","link":"https:\/\/www.europesays.com\/fr\/637190\/","title":{"rendered":"EUROPE\/ALLEMAGNE &#8211; Chanteurs \u00e0 L&rsquo;\u00c9toile : \u00ab Le travail des enfants n&rsquo;est pas une fatalit\u00e9 \u00bb"},"content":{"rendered":"<p>\n\t\t\tEUROPE\/ALLEMAGNE &#8211; Chanteurs \u00e0 L&rsquo;\u00c9toile : \u00ab Le travail des enfants n&rsquo;est pas une fatalit\u00e9 \u00bb<\/p>\n<p>\t\t\t\t\t<img decoding=\"async\" src=\"https:\/\/www.europesays.com\/fr\/wp-content\/uploads\/2026\/01\/primopiano_21305.jpg\" class=\"img-responsive\" alt=\"\"\/>\t\t\t\t\t<\/p>\n<p style=\"font-size:9px\">VaticanMedia<\/p>\n<p style=\"font-size:1.2em;\">par Monika Schiefer<\/p>\n<p>Aix-la-Chapelle (Agence Fides) \u2013 La lutte contre l&rsquo;exploitation du travail des enfants est au c\u0153ur de la 68e \u00e9dition de l&rsquo;initiative des Chanteurs \u00e0 l&rsquo;\u00c9toile 2026, intitul\u00e9e \u00ab \u00c0 l&rsquo;\u00e9cole plut\u00f4t qu&rsquo;\u00e0 l&rsquo;usine \u2013 Chanteurs \u00e0 l&rsquo;\u00c9toile contre le travail des enfants \u00bb. <br \/>&#13;<br \/>\nCette initiative sensibilise les Chanteurs \u00e0 l&rsquo;\u00c9toile au th\u00e8me du travail des enfants et montre l&rsquo;importance des droits des enfants \u00e0 la protection et \u00e0 l&rsquo;\u00e9ducation. <br \/>&#13;<br \/>\nLe travail des enfants est interdit au niveau international et le nombre d&rsquo;enfants qui travaillent a r\u00e9cemment diminu\u00e9. Cependant, 138 millions d&rsquo;enfants dans le monde sont encore contraints de travailler, dont 54 millions dans des conditions particuli\u00e8rement dangereuses, nocives pour la sant\u00e9 et dans un contexte d&rsquo;exploitation. Les organisations partenaires de Mission Enfance s&rsquo;engagent dans de nombreux pays pour lib\u00e9rer les enfants du travail et leur permettre d&rsquo;aller \u00e0 l&rsquo;\u00e9cole. Elles sensibilisent les parents, les communaut\u00e9s, les entreprises et les autorit\u00e9s locales aux droits des enfants, en particulier aux droits \u00e0 la protection et \u00e0 l&rsquo;\u00e9ducation, afin de briser le cercle vicieux de la pauvret\u00e9, du travail des enfants et du manque d&rsquo;opportunit\u00e9s de croissance.<br \/>&#13;<br \/>\n\u00ab Le travail des enfants n&rsquo;est toutefois pas une fatalit\u00e9, mais la cons\u00e9quence de d\u00e9cisions politiques et \u00e9conomiques \u00bb, a d\u00e9clar\u00e9 le p\u00e8re Dirk Bingener, pr\u00e9sident de l&rsquo;Enfance Missionnaire allemande, dans une d\u00e9claration \u00e0 l&rsquo;occasion de la Journ\u00e9e internationale des droits de l&rsquo;enfant. \u00ab J&rsquo;appelle donc les responsables politiques en Allemagne, en Europe et dans le monde entier \u00e0 faire en sorte que les droits des enfants soient respect\u00e9s partout dans le monde&#8230; Engagez-vous, comme le font les Chanteurs \u00e0 l&rsquo;\u00c9toile, pour que les enfants puissent aller \u00e0 l&rsquo;\u00e9cole et ne soient pas exploit\u00e9s comme main-d&rsquo;\u0153uvre bon march\u00e9 \u00bb.<br \/>&#13;<br \/>\nV\u00eatus des habits des Rois mages, avec l&rsquo;\u00e9toile com\u00e8te et leurs chants, chaque ann\u00e9e, dans les jours qui pr\u00e9c\u00e8dent l&rsquo;\u00c9piphanie, les \u00ab Cantori della Stella \u00bb (Chanteurs de l&rsquo;\u00e9toile) frappent aux portes des maisons allemandes. Les enfants des paroisses catholiques d&rsquo;Allemagne, membres de l&rsquo;Infanzia missionaria (Enfance missionnaire), apportent la b\u00e9n\u00e9diction aux familles de maison en maison, collectant des dons pour leurs camarades qui souffrent.<br \/>&#13;<br \/>\nDepuis ses d\u00e9buts en 1959, la campagne de l&rsquo;\u00c9piphanie s&rsquo;est d\u00e9velopp\u00e9e pour devenir la plus grande campagne de solidarit\u00e9 au monde men\u00e9e par des enfants pour des enfants. Elle soutient des projets en faveur des enfants en Afrique, en Am\u00e9rique latine, en Asie, en Oc\u00e9anie et en Europe de l&rsquo;Est. L&rsquo;\u0152uvre Pontificale de la Sainte Enfance utilise les fonds pour soutenir des projets dans le monde entier dans les domaines de l&rsquo;\u00e9ducation, de la sant\u00e9, de la pastorale, de l&rsquo;alimentation et de l&rsquo;int\u00e9gration sociale.<br \/>&#13;<br \/>\nCette ann\u00e9e, les Chanteurs \u00e0 l&rsquo;\u00c9toile c\u00e9l\u00e8brent un anniversaire sp\u00e9cial : il y a dix ans, le 4 d\u00e9cembre 2015, la tradition missionnaire des \u00ab Chanteurs \u00e0 l&rsquo;\u00c9toile \u00bb (\u00ab Aktion Dreik\u00f6nigssingen \u00bb) a \u00e9t\u00e9 reconnue comme patrimoine culturel immat\u00e9riel de l&rsquo;Unesco (voir Fides 18\/12\/2015). \u00ab L&rsquo;action des Chanteurs \u00e0 l&rsquo;\u00c9toile est encore aujourd&rsquo;hui une initiative qui enthousiasme les enfants. Ici, ils peuvent s&rsquo;engager personnellement pour un monde meilleur. Ils apportent la b\u00e9n\u00e9diction et deviennent une b\u00e9n\u00e9diction pour les autres enfants \u00bb, affirme le p\u00e8re Dirk Bingener.<br \/>&#13;<br \/>\nUne d\u00e9l\u00e9gation de Chanteurs \u00e0 l&rsquo;\u00c9toile venue d&rsquo;Allemagne, d&rsquo;Autriche, de Suisse, d&rsquo;Italie, de Slovaquie et de Hongrie a particip\u00e9 \u00e0 la c\u00e9l\u00e9bration liturgique du jeudi 1er janvier, solennit\u00e9 de Marie, M\u00e8re de Dieu, pr\u00e9sid\u00e9e par le Pape L\u00e9on XIV dans la basilique Saint-Pierre.<br \/>&#13;<br \/>\n(Agence  Fides 1\/1\/\/2026)<\/p>\n<p><\/p>\n<p>\t\t\tPartager:<\/p>\n","protected":false},"excerpt":{"rendered":"EUROPE\/ALLEMAGNE &#8211; Chanteurs \u00e0 L&rsquo;\u00c9toile : \u00ab Le travail des enfants n&rsquo;est pas une fatalit\u00e9 \u00bb VaticanMedia par&hellip;\n","protected":false},"author":2,"featured_media":637191,"comment_status":"","ping_status":"","sticky":false,"template":"","format":"standard","meta":{"footnotes":""},"categories":[1587],"tags":[11,672,1804,1805,1803,1777,674,1801,12,1802],"class_list":{"0":"post-637190","1":"post","2":"type-post","3":"status-publish","4":"format-standard","5":"has-post-thumbnail","7":"category-allemagne","8":"tag-actualites","9":"tag-allemagne","10":"tag-bundesrepublik-deutschland","11":"tag-de","12":"tag-deutschland","13":"tag-eu","14":"tag-europe","15":"tag-germany","16":"tag-news","17":"tag-republique-federale-dallemagne"},"share_on_mastodon":{"url":"https:\/\/pubeurope.com\/@fr\/115828123632410730","error":""},"_links":{"self":[{"href":"https:\/\/www.europesays.com\/fr\/wp-json\/wp\/v2\/posts\/637190","targetHints":{"allow":["GET"]}}],"collection":[{"href":"https:\/\/www.europesays.com\/fr\/wp-json\/wp\/v2\/posts"}],"about":[{"href":"https:\/\/www.europesays.com\/fr\/wp-json\/wp\/v2\/types\/post"}],"author":[{"embeddable":true,"href":"https:\/\/www.europesays.com\/fr\/wp-json\/wp\/v2\/users\/2"}],"replies":[{"embeddable":true,"href":"https:\/\/www.europesays.com\/fr\/wp-json\/wp\/v2\/comments?post=637190"}],"version-history":[{"count":0,"href":"https:\/\/www.europesays.com\/fr\/wp-json\/wp\/v2\/posts\/637190\/revisions"}],"wp:featuredmedia":[{"embeddable":true,"href":"https:\/\/www.europesays.com\/fr\/wp-json\/wp\/v2\/media\/637191"}],"wp:attachment":[{"href":"https:\/\/www.europesays.com\/fr\/wp-json\/wp\/v2\/media?parent=637190"}],"wp:term":[{"taxonomy":"category","embeddable":true,"href":"https:\/\/www.europesays.com\/fr\/wp-json\/wp\/v2\/categories?post=637190"},{"taxonomy":"post_tag","embeddable":true,"href":"https:\/\/www.europesays.com\/fr\/wp-json\/wp\/v2\/tags?post=637190"}],"curies":[{"name":"wp","href":"https:\/\/api.w.org\/{rel}","templated":true}]}}