{"id":637199,"date":"2026-01-02T23:37:42","date_gmt":"2026-01-02T23:37:42","guid":{"rendered":"https:\/\/www.europesays.com\/fr\/637199\/"},"modified":"2026-01-02T23:37:42","modified_gmt":"2026-01-02T23:37:42","slug":"en-direct-incendie-a-crans-montana-dix-blesses-pris-en-charge-en-france-precise-la-ministre-de-la-sante","status":"publish","type":"post","link":"https:\/\/www.europesays.com\/fr\/637199\/","title":{"rendered":"EN DIRECT &#8211; Incendie \u00e0 Crans-Montana : dix bless\u00e9s pris en charge en France, pr\u00e9cise la ministre de la Sant\u00e9"},"content":{"rendered":"<ul class=\"jsx-862013697 ArticleChapo__List\">\n<li class=\"jsx-862013697 ArticleChapo__List_Item flex\">Une dizaines de lits sp\u00e9cialis\u00e9s en prise en charge des br\u00fbl\u00e9s ont \u00e9t\u00e9 ouverts en France pour accueillir des victimes de l&rsquo;incendie de Crans-Montana, en Suisse.<\/li>\n<li class=\"jsx-862013697 ArticleChapo__List_Item flex\">Un dernier bilan fait \u00e9tat de 40 morts et 119 bless\u00e9s, dont 14 Fran\u00e7ais.<\/li>\n<li class=\"jsx-862013697 ArticleChapo__List_Item flex\">Suivez les derni\u00e8res informations.<\/li>\n<\/ul>\n<p><a href=\"https:\/\/www.tf1info.fr\/actualite\/suisse-drame-a-crans-montana-plusieurs-morts-dans-l-incendie-d-un-bar-le-soir-du-nouvel-an-2025-14466\/\" rel=\"noopener\" class=\"jsx-484472199 Link jsx-1428418400 jsx-554215408\" target=\"_blank\"><\/p>\n<p style=\"font-weight:400\" class=\"jsx-1837267516\">Suivez la couverture compl\u00e8te<\/p>\n<p style=\"font-weight:800\" class=\"jsx-1837267516\">Drame \u00e0 Crans-Montana : des dizaines de morts dans l&rsquo;incendie d&rsquo;un bar le soir du Nouvel An<\/p>\n<p><\/a>Les \u00e9l\u00e9ments marquantsUN NUM\u00c9RO POUR LES FRAN\u00c7AIS15:59<\/p>\n<p>Pour les personnes toujours \u00e0 la recherche d\u2019information concernant un proche sur place, le Centre de crise et de soutien du minist\u00e8re des Affaires \u00e9trang\u00e8res est joignable au <strong>01 53 59 11 10<\/strong><\/p>\n<p>Voir plus d&rsquo;\u00e9l\u00e9ments marquants<\/p>\n<p>Valider les filtresR\u00e9initialiser les filtres<\/p>\n<p>Minute par minuteFiltrer par Temps fortsFiltrer<\/p>\n<p>vendredi 2 janvier 2026<\/p>\n<p>SOLIDARIT\u00c9 DES FAMILLES DES VICTIMES DE L&rsquo;INCENDIE D&rsquo;UNE DISCOTH\u00c8QUE EN MAC\u00c9DOINE DU NORD22:06<\/p>\n<p>Les parents des victimes du tragique incendie survenu en mars dernier dans une discoth\u00e8que en Mac\u00e9doine du Nord, ont adress\u00e9 un message de condol\u00e9ances et de solidarit\u00e9 aux familles des dizaines de jeunes d\u00e9c\u00e9d\u00e9s \u00e0 Crans-Montana. \u00ab\u00a0C&rsquo;est avec le c\u0153ur bris\u00e9 que nous avons appris la tragique catastrophe en Suisse. La nouvelle nous a ramen\u00e9s l\u00e0 o\u00f9 la douleur n&rsquo;est jamais partie &#8211; au moment o\u00f9 la vie a \u00e9t\u00e9 divis\u00e9e \u00e0 jamais entre avant et apr\u00e8s\u00a0\u00bb, a \u00e9crit sur sa page Facebook l&rsquo;association Le 16 mars, en m\u00e9moire de la date du dramatique incendie de Ko\u010dani, dont le bilan s&rsquo;\u00e9l\u00e8ve \u00e0 63 morts et plus de 200 bless\u00e9s.<\/p>\n<p>ATTENTE INSOUTENABLE22:02<\/p>\n<p>L&rsquo;attente insoutenable fr\u00f4le maintenant les 48 heures \u00e0 Crans Montana. 40 personnes sont mortes dans l&rsquo;incendie d&rsquo;un bar de cette station suisse, et toutes les victimes n&rsquo;ont pas encore \u00e9t\u00e9 identifi\u00e9es, y compris parmi les bless\u00e9s. Leurs proches sont engag\u00e9s dans un marathon macabre, \u00e0 la recherche de la moindre information. Regardez le reportage du 20H de TF1.<\/p>\n<p> \u00ab\u00a0AUCUN PAYS D&rsquo;EUROPE N&rsquo;EST EN MESURE D&rsquo;AVOIR UN AFFLUX DE 119 BR\u00dbL\u00c9S GRAVES\u00a0\u00bb21:58<\/p>\n<p>Pour prendre en charge l&rsquo;ensemble des bless\u00e9s dans l&rsquo;incendie d&rsquo;un bar \u00e0 Crans-Montana, la Suisse a besoin d&rsquo;une aide internationale. Onze d&rsquo;entre eux vont \u00eatre transf\u00e9r\u00e9s sur le sol fran\u00e7ais. Les explications sur LCI du lieutenant-colonel Fr\u00e9d\u00e9ric Harrault, porte-parole de la S\u00e9curit\u00e9 civile, sont \u00e0 retrouver dans cet article.<\/p>\n<p>International<\/p>\n<p>VU SUR LCI<\/p>\n<p><img decoding=\"async\" src=\"https:\/\/www.europesays.com\/fr\/wp-content\/uploads\/2026\/01\/suisse-crans-montana-1er-janvier-2025-2026-83fb14-0@1x.jpeg\" alt=\"Bless\u00e9s de Crans-Montana : la solidarit\u00e9 internationale est n\u00e9cessaire car &quot;aucun pays d'Europe n'est en mesure d'avoir un afflux de 119 br\u00fbl\u00e9s graves&quot;\" loading=\"lazy\" importance=\"low\" fetchpriority=\"low\" class=\"\" aria-hidden=\"true\"\/><\/p>\n<p>Publi\u00e9 hier \u00e0 18h22<\/p>\n<p>FOOTBALL21:52<\/p>\n<p>\u00ab\u00a0Pens\u00e9e \u00e0 toutes les victimes de Crans-Montana\u00a0\u00bb, ont \u00e9crit les supporters du club de football de Toulouse sur une bandelore, d\u00e9ploy\u00e9e lors du match face au RC Lens.<\/p>\n<blockquote data-testid=\"EmbedTwitter\" id=\"tweet-2007191139074642140-:R1pgh6b96cmj9v79m:\" class=\"jsx-aeff1a1c40f54d7a twitter-tweet flex justify-center items-center\"><p>Crans-Montana \ud83d\udd4a\ufe0f\ud83d\udda4 #TFCRCL pic.twitter.com\/wdtCtC99Zd \u2014 Toulouse FC (@ToulouseFC)  January 2, 2026<\/p><\/blockquote>\n<p>AVANT CRANS-MONTANA20:49<\/p>\n<p>Avant le drame de Crans-Montana, plusieurs autres d\u00e9parts de feu tragiques ont fait des dizaines voire des centaines de victimes ces derni\u00e8res d\u00e9cennies, dans des bars ou des discoth\u00e8ques. Des nuits de f\u00eate basculant soudainement dans l&rsquo;horreur, un traumatisme pour de nombreuses villes, y compris en France.<\/p>\n<p>International<img decoding=\"async\" src=\"https:\/\/www.europesays.com\/fr\/wp-content\/uploads\/2026\/01\/archive-5-7-incendie-tragedie-discotheque-1970-7dfa9d-0@1x.jpeg\" alt=\"Cette photo prise le 2 novembre 1970 montre les pompiers constatant les d\u00e9g\u00e2ts provoqu\u00e9s par l'incendie qui a ravag\u00e9 la veille la discoth\u00e8que &quot;5-7&quot; \u00e0 Saint-Laurent-du-Pont, o\u00f9 146 personnes ont trouv\u00e9 la mort. \" loading=\"lazy\" importance=\"low\" fetchpriority=\"low\" class=\"\" aria-hidden=\"true\"\/><\/p>\n<p>Publi\u00e9 hier \u00e0 20h13<\/p>\n<p>DIX LITS ONT \u00c9T\u00c9 MOBILIS\u00c9S DANS LES H\u00d4PITAUX FRAN\u00c7AIS \u00ab\u00a0\u00c0 CE STADE\u00a0\u00bb20:48<\/p>\n<p>L&rsquo;ensemble des services de sant\u00e9 fran\u00e7ais est \u00ab\u00a0pleinement mobilis\u00e9 pour assurer la prise en charge des victimes\u00a0\u00bb, assure la ministre de la Sant\u00e9 St\u00e9phanie Rist, dans un message publi\u00e9 sur son compte X, avant de pr\u00e9ciser : \u00ab\u00a0\u00c0 ce stade, deux lits ont \u00e9t\u00e9 mobilis\u00e9s \u00e0 la suite des transferts r\u00e9alis\u00e9s ou en cours hier\u00a0\u00bb et \u00ab\u00a0huit lits suppl\u00e9mentaires ont \u00e9t\u00e9 mobilis\u00e9s \u00e0 la suite des transferts r\u00e9alis\u00e9s ou en cours aujourd\u2019hui\u00a0\u00bb.<\/p>\n<blockquote data-testid=\"EmbedTwitter\" id=\"tweet-2007150278118621551-:R1pgp6b96cmj9v79m:\" class=\"jsx-aeff1a1c40f54d7a twitter-tweet flex justify-center items-center\"><p>Je tiens \u00e0 vous tenir inform\u00e9s de l\u2019\u00e9volution de la situation \u00e0 la suite du drame survenu en Suisse. L\u2019ensemble des services de sant\u00e9 est pleinement mobilis\u00e9 pour assurer la prise en charge des victimes, en coordination \u00e9troite avec les autorit\u00e9s suisses. \u00c0 ce stade : \u2013 2 lits\u2026 \u2014 St\u00e9phanie RIST (@stephanie_rist)  January 2, 2026<\/p><\/blockquote>\n<p>M\u00c9DECINS MILITAIRES FRAN\u00c7AIS EN SUISSE20:30<\/p>\n<p>Une \u00e9quipe de m\u00e9decins militaires fran\u00e7ais a \u00e9t\u00e9 d\u00e9p\u00each\u00e9e en Suisse apr\u00e8s l&rsquo;incendie dans un bar de Crans-Montana qui a fait 119 bless\u00e9s, dont une dizaine doivent \u00eatre pris en charge en France d&rsquo;ici vendredi soir, selon le gouvernement. Cette \u00e9quipe, compos\u00e9e d&rsquo;un plasticien, d&rsquo;un anesth\u00e9siste et d&rsquo;une infirmi\u00e8re sp\u00e9cialis\u00e9e ainsi que d&rsquo;un m\u00e9decin des pompiers, \u00ab\u00a0restera plusieurs jours pour soutenir le travail des autorit\u00e9s sanitaires suisses\u00a0\u00bb, a d\u00e9clar\u00e9 \u00e0 l&rsquo;AFP le minist\u00e8re des Arm\u00e9es. Elle participera \u00e0 l&rsquo;\u00e9valuation des personnes br\u00fbl\u00e9es \u00ab\u00a0en vue de leur \u00e9vacuation dans les structures comp\u00e9tentes selon l&rsquo;\u00e9tat des l\u00e9sions\u00a0\u00bb, a-t-on pr\u00e9cis\u00e9.<\/p>\n<p>NORMES DE S\u00c9CURIT\u00c9 DANS LES BARS19:29<\/p>\n<p>Le drame de Crans-Montana met en lumi\u00e8re les mesures de s\u00e9curit\u00e9 de l&rsquo;\u00e9tablissement et interroge sur celles en vigueur en France. De ce c\u00f4t\u00e9-ci des Alpes, les bars sont class\u00e9s selon leur nature et selon le type, avec des normes de s\u00e9curit\u00e9 plus ou moins s\u00e9v\u00e8res. Lisez notre article pour en savoir plus.<\/p>\n<p>Sujets de soci\u00e9t\u00e9<img decoding=\"async\" src=\"https:\/\/www.europesays.com\/fr\/wp-content\/uploads\/2026\/01\/photo-illustration-bar-dansant-unsplash-82b7c4-0@1x.jpeg\" alt=\"Photo d'illustration\" loading=\"lazy\" importance=\"low\" fetchpriority=\"low\" class=\"\" aria-hidden=\"true\"\/><\/p>\n<p>Publi\u00e9 hier \u00e0 18h43<\/p>\n<p>\u00ab\u00a0TOUT S&rsquo;EST FAIT DANS LES NORMES\u00a0\u00bb SELON LE PROPRI\u00c9TAIRE DU BAR19:04<\/p>\n<p>Jacques Moretti, le propri\u00e9taire fran\u00e7ais du bar Le Constellation, a assur\u00e9 aupr\u00e8s du \u00a0quotidien suisse <a href=\"https:\/\/www.tdg.ch\/constellation-le-patron-assure-que-le-bar-etait-aux-normes-687137781454\" rel=\"nofollow noopener\" target=\"_blank\">La Tribune de Gen\u00e8ve<\/a> que son \u00e9tablissement a \u00e9t\u00e9 contr\u00f4l\u00e9 \u00ab\u00a0trois fois en dix ans\u00a0\u00bb et que \u00ab\u00a0tout s&rsquo;est fait dans les normes\u00a0\u00bb.\u00a0<\/p>\n<p>L&rsquo;homme de 49 ans a \u00e9galement dit que le couple ferait \u00ab\u00a0tout (son) possible pour aider \u00e0 clarifier les causes\u00a0\u00bb du drame. \u00ab\u00a0Nous ne pouvons ni dormir ni manger, nous allons tous tr\u00e8s mal\u00a0\u00bb, a encore confi\u00e9 l&rsquo;entrepreneur.<\/p>\n<p>LES DEUX G\u00c9RANTS FRAN\u00c7AIS DU BAR AUDITIONN\u00c9S18:20<\/p>\n<p>Le couple de g\u00e9rants du bar Le Constellation a \u00e9t\u00e9 entendu par la police comme \u00ab\u00a0personnes appel\u00e9es \u00e0 donner des renseignements\u00a0\u00bb.<\/p>\n<p>International<img decoding=\"async\" src=\"https:\/\/www.europesays.com\/fr\/wp-content\/uploads\/2026\/01\/bar-crans-montana-e9daeb-3@1x.jpeg\" alt=\"Le bar Le Constellation, \u00e0 Crans-Montana. \" loading=\"lazy\" importance=\"low\" fetchpriority=\"low\" class=\"\" aria-hidden=\"true\"\/><\/p>\n<p>Publi\u00e9 hier \u00e0 18h00<\/p>\n<p>\u00ab\u00a0SES MAINS RESSEMBLAIENT \u00c0 CELLES DE LA PETITE FILLE VIETNAMIENNE\u00a0\u00bb18:16<\/p>\n<p>\u00ab\u00a0Mon fils est mal, mais il va bien. Il est en vie, c&rsquo;est le plus important. Il a des br\u00fblures sur 30 \u00e0 40% du corps, il a des br\u00fblures sur les bras, le dos et les cheveux. Il a \u00e9t\u00e9 touch\u00e9 par les flammes alors qu&rsquo;il s&rsquo;enfuyait du club\u00a0\u00bb, a d\u00e9clar\u00e9 Umberto Marucci, devant les journalistes pr\u00e9sents \u00e0 Crans-Montana.<\/p>\n<p>\u00ab\u00a0Il m&rsquo;a dit &lsquo;papa \u00e7a fait mal, je ne sais pas quoi faire, je me sens tr\u00e8s mal, j&rsquo;ai mal aux mains&rsquo;. Ses mains ressemblaient \u00e0 celles de la petite fille vietnamienne (La petite fille au napalm, ndlr) sur les photos pour ainsi dire. Tout le monde avait les mains dans cet \u00e9tat. Malheureusement, les filles \u00e9taient plus gravement touch\u00e9es car elles portaient des jupes et des collants tandis que les gar\u00e7ons portaient des jeans qui prot\u00e9geaient leurs jambes\u00a0\u00bb, a ajout\u00e9 l&rsquo;Italien, dont le fils a \u00e9t\u00e9 gravement bless\u00e9 dans l&rsquo;incendie du bar.<\/p>\n<p>Le t\u00e9moignage du p\u00e8re d&rsquo;un adolescent italien gri\u00e8vement bless\u00e9Source : TF1 Info<\/p>\n<p><img decoding=\"async\" src=\"https:\/\/www.europesays.com\/fr\/wp-content\/uploads\/2026\/01\/le-temoignage-du-pere-d-un-adolescent-italien-grievement-blesse-6aa6a1-0@1x.jpg\" alt=\"Le t\u00e9moignage du p\u00e8re d'un adolescent italien gri\u00e8vement bless\u00e9\" loading=\"lazy\" class=\"jsx-d0de44c05fe3042c PlayerLazyload__Image\"\/><img decoding=\"async\" src=\"https:\/\/www.tf1info.fr\/images\/icons\/player-logo-play.svg\" alt=\"Logo lecture\" class=\"jsx-d0de44c05fe3042c PlayerLazyload__Play\"\/>FEUX DE BENGALE17:51<\/p>\n<p>Selon les premiers \u00e9l\u00e9ments de l&rsquo;enqu\u00eate, des bougies incandescentes, aussi appel\u00e9es feux de Bengale, seraient \u00e0 l&rsquo;origine de l&rsquo;incendie survenu \u00e0 Crans-Montana. Librement accessibles en France et r\u00e9guli\u00e8rement utilis\u00e9es pour un usage domestique, elles ne pr\u00e9sentent pas de risques dans des conditions normales d&rsquo;utilisation.<\/p>\n<p>Police, justice et faits divers<img decoding=\"async\" src=\"https:\/\/www.europesays.com\/fr\/wp-content\/uploads\/2026\/01\/illustation-feux-de-bengale-05ba44-0@1x.jpeg\" alt=\"Incendie mortel en Suisse : focus sur les &quot;feux de Bengale&quot; potentiellement \u00e0 l'origine du drame\" loading=\"lazy\" importance=\"low\" fetchpriority=\"low\" class=\"\" aria-hidden=\"true\"\/><\/p>\n<p>Publi\u00e9 hier \u00e0 17h44<\/p>\n<p>PRONOSTIC VITAL ENGAG\u00c9 DURANT TOUT LE S\u00c9JOUR EN SOINS INTENSIFS17:49<\/p>\n<p>Le Dr Olivier Pantet, m\u00e9decin adjoint du service des soins intensifs adultes, a d\u00e9clar\u00e9 que le pronostic vital des patients reste engag\u00e9 durant toute la dur\u00e9e de leur s\u00e9jour aux soins intensifs, et tout particuli\u00e8rement au d\u00e9but. La gravit\u00e9 des \u00e9tats de sant\u00e9 d\u00e9pend de l\u2019\u00e2ge des victimes, de l\u2019inhalation de fum\u00e9e qu\u2019ils ont subi et l\u2019\u00e9tendue de leurs br\u00fblures. \u00ab\u00a0Malgr\u00e9 tout on peut esp\u00e9rer tirer d\u2019affaire tous ces patients en mettant les moyens n\u00e9cessaires pour le faire\u00a0\u00bb, estime-t-il.<\/p>\n<p>H\u00d4PITAL DE LAUSANNE17:27<\/p>\n<p>Dans le cadre d\u2019un point presse \u00e0 l&rsquo;h\u00f4pital de Lausanne, sp\u00e9cialis\u00e9 dans les grands br\u00fbl\u00e9s, 22 patients ont \u00e9t\u00e9 accueillis et toutes identifi\u00e9es. Le Pr Pierre-Nicolas Carron, chef de service des urgences, a affirm\u00e9 qu\u2019une partie des bless\u00e9s sont arriv\u00e9s en \u00e9tat de r\u00e9pondre, ou avec des documents pour les identifier ; les autres ont pu \u00eatre identifi\u00e9s en collaboration avec les services de police. Le CHUV a \u00e9galement pr\u00e9cis\u00e9 que les familles sont toutes inform\u00e9es et ont pu entrer en contact avec leur proche.<\/p>\n<p>\u00ab\u00a0EMBRASEMENT G\u00c9N\u00c9RALIS\u00c9 \u00c9CLAIR\u00a0\u00bb17:09<\/p>\n<p>Pourquoi l&rsquo;incendie dans le bar de Crans-Montana a \u00e9t\u00e9 si fulgurant ? Lisez notre article avec les explications du commandant Aur\u00e9lien Sabourdy, membre de la commission nationale pr\u00e9vention des sapeurs-pompiers de France.<\/p>\n<p>Police, justice et faits divers<img decoding=\"async\" src=\"https:\/\/www.europesays.com\/fr\/wp-content\/uploads\/2026\/01\/crans-montana-image-issue-clip-police-valaisianne-90b82e-1@1x.jpeg\" alt=\"Une image issue de la s\u00e9quence vid\u00e9o fournie par les autorit\u00e9s suisses.\" loading=\"lazy\" importance=\"low\" fetchpriority=\"low\" class=\"\" aria-hidden=\"true\"\/><\/p>\n<p>Publi\u00e9 hier \u00e0 17h15<\/p>\n<p>11 BLESS\u00c9S SOIGN\u00c9S EN FRANCE17:06<\/p>\n<p>\u00ab\u00a0D\u2019ici ce soir, la France aura par ailleurs accueilli 11 personnes dans ses h\u00f4pitaux \u00e0 Lyon, Metz, Nantes et en r\u00e9gion parisienne, dont trois ressortissants suisses\u00a0\u00bb, a indiqu\u00e9 vendredi le ministre des Affaires \u00e9trang\u00e8res Jean-No\u00ebl Barrot dans un post sur X, confirmant le nombre de 14 bless\u00e9s Fran\u00e7ais et de 8 compatriotes encore disparus.<\/p>\n<p>\u00ab\u00a0Nous avons \u00e9galement d\u00e9p\u00each\u00e9 sur place une \u00e9quipe sp\u00e9cialis\u00e9e dans les pathologies li\u00e9es aux grandes br\u00fblures, en soutien et \u00e0 la demande de la Suisse\u00a0\u00bb, a \u00e9galement affirm\u00e9 le ministre.<\/p>\n<p>CONF\u00c9RENCE DE PRESSE \u00c0 L&rsquo;H\u00d4PITAL DE LAUSANNE16:48<\/p>\n<p>Une nouvelle conf\u00e9rence de presse est en cours, cette fois-ci \u00e0 l&rsquo;h\u00f4pital de Lausanne, o\u00f9 sont pris en charge des grands br\u00fbl\u00e9s. La marge de la surface de peau br\u00fbl\u00e9e est \u00ab\u00a0relativement grande, entre 15% et 60%\u00a0\u00bb, a dit le professeur Anthony De Buys.<\/p>\n<p>FIN DE LA CONF\u00c9RENCE DE PRESSE16:29<\/p>\n<p>La conf\u00e9rence de presse est \u00e0 pr\u00e9sent termin\u00e9e.<\/p>\n<p> \u00ab\u00a0LA MAJORIT\u00c9 DES VICTIMES ONT \u00c9T\u00c9 RETROUV\u00c9ES DANS LE BAR\u00a0\u00bb16:26<\/p>\n<p>Concernant les personnes d\u00e9c\u00e9d\u00e9es, \u00ab\u00a0la majorit\u00e9 des victimes ont \u00e9t\u00e9 retrouv\u00e9es dans le bar\u00a0\u00bb, font savoir les autorit\u00e9s.\u00a0<\/p>\n<p>\u00ab\u00a0AUCUNE RESPONSABILIT\u00c9 P\u00c9NALE N&rsquo;A \u00c9T\u00c9 \u00c9TABLIE\u00a0\u00bb 16:22<\/p>\n<p>\u00ab\u00a0Aucune responsabilit\u00e9 p\u00e9nale n&rsquo;a \u00e9t\u00e9 \u00e9tablie\u00a0\u00bb apr\u00e8s l&rsquo;audition des deux g\u00e9rants du bar, insiste B\u00e9atrice Pilloid, procureure gen\u00e9rale.<\/p>\n<p>IDENTIFICATION DES 40 PERSONNES D\u00c9C\u00c9D\u00c9ES EN COURS16:16<\/p>\n<p>Sur les 40 personnes d\u00e9c\u00e9d\u00e9es, certaines ont-elles \u00e9t\u00e9 identifi\u00e9es? \u00ab\u00a0Leur identification se poursuit sans rel\u00e2che. Nous sommes encore en train de chercher les identifications formelles et d\u00e9finitives\u00a0\u00bb, r\u00e9pond Fr\u00e9d\u00e9ric Gisler, commandant de la police cantonale valaisanne.\u00a0<\/p>\n<p>LES G\u00c9RANTS DU BAR ENTENDUS16:15<\/p>\n<p>Les deux g\u00e9rants fran\u00e7ais du bar qui a \u00e9t\u00e9 ravag\u00e9 la nuit du nouvel an par un incendie meurtrier dans la station de ski suisse de Crans-Montana ont \u00e9t\u00e9 auditionn\u00e9s, a annonc\u00e9 la procureure du canton du Valais vendredi.<\/p>\n<p>IMPOSSIBLE DE CONNA\u00ceTRE LE NOMBRE EXACT DE PERSONNES DANS LE BAR16:14<\/p>\n<p>B\u00e9atrice Pilloud, procureure g\u00e9n\u00e9rale, confirme que les deux g\u00e9rants du bar ont \u00e9t\u00e9 auditionn\u00e9s. \u00ab\u00a0Ils ont \u00e9t\u00e9 auditionn\u00e9s \u00e0 titre de &lsquo;personne appel\u00e9e \u00e0 donner renseignement'\u00a0\u00bb, pr\u00e9cise-t-elle.\u00a0<\/p>\n<p>Concernant le nombre de personnes dans le Bar Le constellation au moment du drame, il sera sans doute impossible \u00e0 \u00e9tablir, notamment car les personnes dans les bars \u00ab\u00a0vont et viennent\u00a0\u00bb.\u00a0<\/p>\n<p>La magistrate confirme par ailleurs que \u00ab\u00a0l&rsquo;hypoth\u00e8se des bougies incandescentes est privil\u00e9gi\u00e9e aujourd&rsquo;hui\u00a0\u00bb. \u00a0<\/p>\n<p>QUESTIONS DES JOURNALISTES16:07<\/p>\n<p>Les journalistes vont maintenant poser leur question.\u00a0<\/p>\n<p>DES CHIFFRES AMEN\u00c9S \u00c0 \u00c9VOLUER16:04<\/p>\n<p>\u00ab\u00a0Il y a divers chiffres qui vous ont \u00e9t\u00e9 pr\u00e9sent\u00e9s. Ce ne sont pas des chiffres d\u00e9finitifs\u00a0\u00bb, rappelle B\u00e9atrice Pilloud, procureure g\u00e9n\u00e9rale.\u00a0<\/p>\n<p>La magistrate explique ces chiffres avec notamment des personnes qui se sont pr\u00e9sent\u00e9es spontan\u00e9ment \u00e0 l&rsquo;h\u00f4pital, des personnes qui ne sont pas formellement identifi\u00e9es. \u00ab\u00a0Tout \u00e7a est amen\u00e9 \u00e0 \u00e9voluer dans les heures et les jours \u00e0 venir\u00a0\u00bb, insiste-t-elle.<\/p>\n<p>\u00ab\u00a0UNE GRANDE CHARGE \u00c9MOTIONNELLE\u00a0\u00bb16:02<\/p>\n<p>\u00ab\u00a0Tr\u00e8s spontan\u00e9ment, apr\u00e8s le d\u00e9clenchement du plan catastrophe, de nombreux coll\u00e8gues sont venus travailler \u00e0 l&rsquo;h\u00f4pital. \u00c7a a \u00e9t\u00e9 un moment de solidarit\u00e9 professionnelle\u00a0\u00bb, salue Eric Bonvin, directeur g\u00e9n\u00e9ral de l&rsquo;h\u00f4pital du Valais.\u00a0<\/p>\n<p>Il pr\u00e9cise qu&rsquo;il y avait \u00ab\u00a0une grande charge \u00e9motionnelle pr\u00e9sente\u00a0\u00bb, avec notamment des personnels qui se demandaient s&rsquo;ils n&rsquo;avaient pas des proches parmi les victimes.\u00a0<\/p>\n<p>\u00ab\u00a0Nous avons fait face professionnellement \u00e0 cette situation\u00a0\u00bb, souligne-t-il.\u00a0<\/p>\n<p>\u00ab\u00a0UN LONG TEMPS DE TRAITEMENT\u00a0\u00bb15:59<\/p>\n<p>\u00ab\u00a0La majorit\u00e9 des personnes bless\u00e9es n\u00e9cessiteront un long temps de traitement\u00a0\u00bb, indique Eric Bonvin, directeur g\u00e9n\u00e9ral de l&rsquo;h\u00f4pital du Valais.\u00a0<\/p>\n<p>UN NUM\u00c9RO POUR LES FRAN\u00c7AIS15:59<\/p>\n<p>Pour les personnes toujours \u00e0 la recherche d\u2019information concernant un proche sur place, le Centre de crise et de soutien du minist\u00e8re des Affaires \u00e9trang\u00e8res est joignable au <strong>01 53 59 11 10<\/strong><\/p>\n<p>RESPECTER L&rsquo;INTIMIT\u00c9 DES FAMILLES15:58<\/p>\n<p>\u00ab\u00a0Aujourd&rsquo;hui nous sommes dans une phase d\u00e9licate. Les familles prennent contact avec leurs proches bless\u00e9s (&#8230;) Nous mettons certaines limites pour prot\u00e9ger l&rsquo;intimit\u00e9 des familles, intimit\u00e9 qui est un \u00e9l\u00e9ment th\u00e9rapeutique indispensable pour les bless\u00e9s et pour leurs proches\u00a0\u00bb, dit Eric Bonvin, directeur g\u00e9n\u00e9ral de l&rsquo;h\u00f4pital du Valais.\u00a0<\/p>\n<p>L&rsquo;\u00e9tablissement a admis 55 bless\u00e9s le soir du drame. 11 sont encore dans cet h\u00f4pital, dont plusieurs avec un pronostic vital engag\u00e9. 28 ont \u00e9t\u00e9 transf\u00e9r\u00e9s, 13 ont pu regagner leur domicile.\u00a0<\/p>\n<p>DES URGENCES EN PLEINE ACTIVIT\u00c9 AVANT M\u00caME LE DRAME15:56<\/p>\n<p>Eric Bonvin, directeur g\u00e9n\u00e9ral de l&rsquo;h\u00f4pital du Valais, s&rsquo;adresse maintenant aux journalistes. \u00ab\u00a0Ce drame survient dans un contexte festif de vacances, moment qui est pour nous un moment de fortes activit\u00e9s\u00a0\u00bb, commence-t-il.\u00a0<\/p>\n<p>\u00ab\u00a0La nuit du drame, le centre des urgences \u00e9tait d\u00e9j\u00e0 en pleine activit\u00e9\u00a0\u00bb, souligne-t-il.\u00a0<\/p>\n<p>50 TRANSFERTS DE BLESS\u00c9S PR\u00c9VUS D&rsquo;ICI \u00c0 DIMANCHE15:54<\/p>\n<p>\u00ab\u00a0Environ 50 transferts sont pr\u00e9vus d&rsquo;ici dimanche\u00a0\u00bb vers les pays voisins, notamment la France, la Roumanie et l&rsquo;Italie, fait savoir Fredy-Michel Roten, directeur de l&rsquo;Organisation cantonale valaisanne des secours.\u00a0<\/p>\n<p>COMPLEXIT\u00c9 \u00c0 G\u00c9RER LES GRANDS BR\u00dbL\u00c9S15:52<\/p>\n<p>Fredy-Michel Roten, directeur de l&rsquo;Organisation cantonale valaisanne des secours, rappelle que la prise en charge des br\u00fblures des patients est complexe compte tenu d&rsquo;abord du nombre \u00e9lev\u00e9 de bless\u00e9s, dont de nombreux tr\u00e8s gri\u00e8vement, et du nombre de lieux de prise en charge d\u00e9di\u00e9s insuffisants. \u00ab\u00a0Certains ont des br\u00fblures s\u00e9v\u00e8res n\u00e9cessitant un traitement lourd\u00a0\u00bb, insiste-t-il.\u00a0<\/p>\n<p>DES PATIENTS PLAC\u00c9S EN COMA ARTIFICIEL15:50<\/p>\n<p>Fredy-Michel Roten, directeur de l&rsquo;Organisation cantonale valaisanne des secours, revient \u00e0 pr\u00e9sent sur le dispositif mis en place hier, apr\u00e8s la survenue du drame.\u00a0<\/p>\n<p>\u00ab\u00a0Les patients ont \u00e9t\u00e9 pr\u00e9-tri\u00e9s selon la gravit\u00e9 de leur \u00e9tat\u00a0\u00bb, d\u00e9taille-t-il. Ils ont \u00e9t\u00e9 ensuite \u00e9vacu\u00e9s vers les h\u00f4pitaux. Il pr\u00e9cise que des \u00ab\u00a0patients ont \u00e9t\u00e9 intub\u00e9s et plac\u00e9s dans un coma artificiel\u00a0\u00bb.<\/p>\n<p>40 ambulances ont \u00e9t\u00e9 mobilis\u00e9es ainsi que 13 h\u00e9licopt\u00e8res, deux camions lourds de m\u00e9decine de catastrophe. 150 intervenants sanitaires (ambulanciers, m\u00e9decins, psychologues d&rsquo;urgence) ont travaill\u00e9 jeudi.\u00a0<\/p>\n<p>PRIMO-INTERVENANTS15:46<\/p>\n<p>St\u00e9phane Ganzer, chef du d\u00e9partement de la s\u00e9curit\u00e9, salue enfin les primo-intervenants, les habitants du quartier, les personnes qui continuent \u00e0 oeuvrer apr\u00e8s cette trag\u00e9die.\u00a0<\/p>\n<p>\u00ab\u00a0AUJOURD&rsquo;HUI, LES TRANSFERTS HOSPITALIERS SONT UNE PRIORIT\u00c9\u00a0\u00bb15:45<\/p>\n<p>\u00ab\u00a0Aujourd&rsquo;hui, les transferts hospitaliers sont une priorit\u00e9. Il y a un intense ballet \u00e0 l&rsquo;a\u00e9roport de Sion notamment\u00a0\u00bb, explique St\u00e9phane Ganzer, chef du d\u00e9partement de la s\u00e9curit\u00e9.<\/p>\n<p>\u00ab\u00a0TROIS PRIORIT\u00c9S AUJOURD&rsquo;HUI\u00a0\u00bb15:42<\/p>\n<p>St\u00e9phane Ganzer, chef du d\u00e9partement de la s\u00e9curit\u00e9, souligne qu&rsquo;il y a \u00ab\u00a0trois priorit\u00e9s\u00a0\u00bb aujourd&rsquo;hui : \u00ab\u00a0l&rsquo;accompagnement des familles, l&rsquo;identification des victimes, l&rsquo;\u00e9tablissement des faits\u00a0\u00bb.\u00a0<\/p>\n<p>IDENTIFICATION DES VICTIMES15:40<\/p>\n<p>Le lieutenant-colonel Pierre-Antoine Lengen d\u00e9taille maintenant le dispositif participant \u00e0 l&rsquo;identification des victimes, une trentaine de personnes donc. Il explique que des comparaisons ante-mortem et post-mortem vont \u00eatre r\u00e9alis\u00e9es pour permettre d&rsquo;identifier les victimes.\u00a0<\/p>\n<p>30 PERSONNES TRAVAILLENT \u00c0 L&rsquo;IDENTIFICATION15:36<\/p>\n<p>\u00ab\u00a0Plus de 30 personnes s&rsquo;affairent pour permettre aux familles d&rsquo;\u00eatre au clair pour savoir si leur enfant est d\u00e9c\u00e9d\u00e9 ou victime\u00a0\u00bb, fait savoir B\u00e9atrice Pilloud, procureure g\u00e9n\u00e9rale,<\/p>\n<p>\u00ab\u00a0TOUT LAISSE \u00c0 PENSER QUE LE FEU EST PARTI DES BOUGIES INCANDESCENTES\u00a0\u00bb15:33<\/p>\n<p>Concernant l&rsquo;enqu\u00eate, B\u00e9atrice Pilloud, procureure g\u00e9n\u00e9rale du Canton du Valais, assure que \u00ab\u00a0toutes les pistes sont explor\u00e9es, aucune n&rsquo;est laiss\u00e9e \u00e0 l&rsquo;abandon\u00a0\u00bb.\u00a0<\/p>\n<p>Toutefois, \u00ab\u00a0Tout laisse \u00e0 penser que le feu est parti des bougies incandescentes ou des feux de Bengale qui ont \u00e9t\u00e9 mis sur les bouteilles de champagne et le tout a \u00e9t\u00e9 approch\u00e9 de trop pr\u00e8s du plafond. De l\u00e0, il s&rsquo;est produit un embrasement rapide, tr\u00e8s rapide et g\u00e9n\u00e9ral\u00a0\u00bb, d\u00e9clare la magistrate.\u00a0<\/p>\n<p>La suite de l&rsquo;enqu\u00eate va notamment viser \u00e0 voir si le respect des normes incendies \u00e9tait assur\u00e9 dans le bar, si les portes de sortie \u00e9taient suffisantes&#8230;\u00a0\u00a0<\/p>\n<p>B\u00e9atrice Pilloud, procureure g\u00e9n\u00e9rale, assure par ailleurs que si des personnes sont impliqu\u00e9es et qu&rsquo;elles sont encore en vie, une enqu\u00eate sera ouverte pour \u00ab\u00a0pour incendie par n\u00e9gligence, homicide par n\u00e9gligence et l\u00e9sions corporelles par n\u00e9gligence\u00a0\u00bb.<\/p>\n<p>\u00ab\u00a061 SUISSES, 14 FRAN\u00c7AIS, 11 ITALIENS&#8230;\u00a0\u00bb PARMI LES BLESS\u00c9S15:31<\/p>\n<p>Fr\u00e9d\u00e9ric Gisler, commandant de la Police cantonale valaisanne, est le second participant \u00e0 prendre la parole dans cette conf\u00e9rence de presse. Il donne la nationalit\u00e9 des bless\u00e9s (sur 119 bless\u00e9s, 113 ont pu \u00eatre identifi\u00e9s) et cite entre autres : \u00ab\u00a061 Suisses, 14 Fran\u00e7ais, 11 Italiens, 4 Serbes, 1 Bosniaque, 1 Polonais et 1 Portugais\u00a0\u00bb, D&rsquo;autres nationalit\u00e9s ne sont pas connues, pr\u00e9cise-t-il, citant le chiffre de 14 personnes.\u00a0<\/p>\n<p>Concernant les personnes d\u00e9c\u00e9d\u00e9es, il y a 40 victimes. \u00ab\u00a0Leur identification formelle se poursuit sans rel\u00e2che\u00a0\u00bb, indique le policier.\u00a0<\/p>\n<p>UNE C\u00c9R\u00c9MONIE \u00c0 CRANS-MONTANA LE VENDREDI 9 JANVIER 202615:27<\/p>\n<p>Une c\u00e9r\u00e9monie sera organis\u00e9e le vendredi 9 janvier 2026 \u00e0 Crans-Montana, annonce aussi Mathias Reynard, pr\u00e9sident du canton de Valais.\u00a0<\/p>\n<p>\u00ab\u00a040 PERSONNES D\u00c9C\u00c9D\u00c9ES ET DE NOMBREUX PRONOSTICS VITAUX ENGAG\u00c9S\u00a0\u00bb15:26<\/p>\n<p>Mathias Reynard, pr\u00e9sident du canton de Valais annonce \u00e9galement que \u00ab\u00a040 personnes sont d\u00e9c\u00e9d\u00e9es\u00a0\u00bb et que de \u00ab\u00a0nombreux pronostics vitaux sont engag\u00e9s\u00a0\u00bb pour les bless\u00e9s.\u00a0Cinquante personnes figurant parmi les bless\u00e9s sont des \u00ab\u00a0grands br\u00fbl\u00e9s\u00a0\u00bb, dit-il.\u00a0<\/p>\n<p>\u00ab\u00a0LES TRANSFERTS ONT COMMENC\u00c9 VERS LES H\u00d4PITAUX FRAN\u00c7AIS\u00a0\u00bb15:25<\/p>\n<p>Mathias Reynard, pr\u00e9sident du canton de Valais, indique s&rsquo;\u00eatre entretenu avec St\u00e9phanie Rist, inistre de la Sant\u00e9 fran\u00e7aise.\u00a0<\/p>\n<p>\u00ab\u00a0Les transferts ont commenc\u00e9 vers les h\u00f4pitaux fran\u00e7ais\u00a0\u00bb, d\u00e9clare-t-il.\u00a0<\/p>\n<p>Une cinquantaine de bless\u00e9s vont \u00eatre transf\u00e9r\u00e9s dans diff\u00e9rents pays europ\u00e9ens disposant de services pour les grands br\u00fbl\u00e9s, fait-il encore savoir.<\/p>\n<p>119 BLESS\u00c9S PRIS EN CHARGE15:22<\/p>\n<p>Mathias Reynard, pr\u00e9sident du canton de Valais, adresse \u00e0 nouveau ses pens\u00e9es aux familles des victimes, des bless\u00e9s, aux familles et aux proches qui attendent. Il \u00e9voque \u00ab\u00a0ces minutes qui passent sans r\u00e9ponse\u00a0\u00bb mais rappelle que toutes les \u00e9quipes sont mobilis\u00e9es. \u00ab\u00a0Une coop\u00e9ration s&rsquo;est mise en place dans la prise en charge des bless\u00e9s\u00a0\u00bb, dit-il, annon\u00e7ant que 119 bless\u00e9s ont \u00e9t\u00e9 pris en charge.\u00a0<\/p>\n<p>D\u00c9BUT DE LA CONF\u00c9RENCE DE PRESSE15:16<\/p>\n<p>Une nouvelle conf\u00e9rence de presse donn\u00e9e par les autorit\u00e9s suisses vient de d\u00e9buter.\u00a0<\/p>\n<p>\u00ab\u00a0LE PLUS COMPLIQU\u00c9, C&rsquo;EST DE NE PAS SAVOIR\u00a0\u00bb14:48<\/p>\n<p>Aur\u00e9lie, 20 ans, a perdu un ami dans la trag\u00e9die de jeudi et en cherche un autre port\u00e9 disparu.\u00a0<\/p>\n<p>Ce vendredi, elle s&rsquo;est rendue pr\u00e8s du bar o\u00f9 ses amis ont \u00e9t\u00e9 touch\u00e9s. \u00ab\u00a0J&rsquo;ai perdu un de mes amis qui \u00e9tait comme mon fr\u00e8re. Il est malheureusement d\u00e9c\u00e9d\u00e9 dans l&rsquo;incendie. Pour mon autre ami, on a toujours pas de nouvelles o\u00f9 il peut \u00eatre\u00a0\u00bb, dit-elle au micro de LCI<\/p>\n<p>\u00ab\u00a0Le plus compliqu\u00e9, c&rsquo;est de pas savoir s&rsquo;il est \u00e0 l&rsquo;h\u00f4pital, s&rsquo;il est d\u00e9c\u00e9d\u00e9 ou pas; \u00eatre dans l&rsquo;incompr\u00e9hension et ne pas avoir d&rsquo;information\u00a0\u00bb, ajoute-t-elle.\u00a0<\/p>\n<p>La jeune femme n&rsquo;\u00e9tait pas au Constellation le soir du drame. Elle a eu ses amis sur Facetime 15 minutes avant que l&rsquo;incendie ne se d\u00e9clare.\u00a0<\/p>\n<p>Incendie mortel en Suisse : \u00ab\u00a0Le plus compliqu\u00e9 c&rsquo;est de pas savoir\u00a0\u00bbSource : TF1 Info<\/p>\n<p><img decoding=\"async\" src=\"https:\/\/www.europesays.com\/fr\/wp-content\/uploads\/2026\/01\/incendie-mortel-en-suisse-le-plus-complique-c-est-de-pas-savoir-4bd3d1-0@1x.jpg\" alt=\"Incendie mortel en Suisse : &quot;Le plus compliqu\u00e9 c'est de pas savoir&quot;\" loading=\"lazy\" class=\"jsx-d0de44c05fe3042c PlayerLazyload__Image\"\/><img decoding=\"async\" src=\"https:\/\/www.tf1info.fr\/images\/icons\/player-logo-play.svg\" alt=\"Logo lecture\" class=\"jsx-d0de44c05fe3042c PlayerLazyload__Play\"\/>NOMBREUX \u00c9TRANGERS 14:14<\/p>\n<p>Les autorit\u00e9s pensent que de nombreux \u00e9trangers font partie des victimes, mais elles n&rsquo;ont encore donn\u00e9 aucun \u00e9l\u00e9ment sur leur identit\u00e9. Des bless\u00e9s ont \u00e9t\u00e9 transf\u00e9r\u00e9s vers diff\u00e9rents h\u00f4pitaux comme \u00e0 Lausanne, Gen\u00e8ve ou Zurich, et m\u00eame en France et en Italie voisines.<\/p>\n<p>Neuf Fran\u00e7ais figurent parmi les bless\u00e9s et huit autres ne sont pas encore localis\u00e9s, selon le minist\u00e8re fran\u00e7ais des Affaires \u00e9trang\u00e8res, alors que le chef de la diplomatie italienne Antonio Tajani, qui s&rsquo;est rendu ce vendredi \u00e0 Crans-Montana, a rapport\u00e9 que treize Italiens avaient \u00e9t\u00e9 bless\u00e9s et que six \u00e9taient toujours port\u00e9s disparus.\u00a0<\/p>\n<p>Six autres jeunes Italiens hospitalis\u00e9s en Suisse sont dans des conditions \u00ab tr\u00e8s graves \u00bb et ne peuvent pas \u00eatre transport\u00e9s pour le moment.\u00a0<\/p>\n<p>La Suisse a demand\u00e9 \u00e0 la France d&rsquo;accueillir huit bless\u00e9s suppl\u00e9mentaires, en plus des trois d\u00e9j\u00e0 pris en charge jeudi, a indiqu\u00e9 le porte-parole du Quai d&rsquo;Orsay, Pascal Confavreux.<\/p>\n<p>\u00c0 Crans-Montana, une cellule de crise a \u00e9t\u00e9 install\u00e9e dans le centre des congr\u00e8s pour recevoir et orienter les familles.<\/p>\n<p>NOUVELLE CONF\u00c9RENCE DE PRESSE \u00c0 15H13:44<\/p>\n<p>Une troisi\u00e8me conf\u00e9rence de presse depuis le drame est annonc\u00e9e ce vendredi \u00e0 15 heures par les autorit\u00e9s suisses.\u00a0<\/p>\n<p>DES BOUGIES \u00c9TINCELANTES \u00c0 L&rsquo;ORIGINE DU DRAME13:20<\/p>\n<p>Plusieurs t\u00e9moignages concordent sur l&rsquo;\u00e9ventuelle cause du sinistre. Selon eux, des bougies-\u00e9tincelles fix\u00e9es sur des bouteilles brandies par une personne ont provoqu\u00e9 l&rsquo;incendie en touchant le plafond. Ces m\u00eames t\u00e9moins ont pr\u00e9cis\u00e9 qu&rsquo;il s&rsquo;agissait d&rsquo;un \u00ab\u00a0show\u00a0\u00bb habituel dans l&rsquo;\u00e9tablissement.<\/p>\n<p>L&rsquo;incendie a entra\u00een\u00e9 \u00ab\u00a0un embrasement g\u00e9n\u00e9ralis\u00e9 qui a provoqu\u00e9 une ou plusieurs explosions\u00a0\u00bb dans le bar, ont indiqu\u00e9 jeudi les autorit\u00e9s cantonales. Une enqu\u00eate est en cours pour d\u00e9terminer les causes de l&rsquo;incendie, les autorit\u00e9s ayant exclu la piste de l&rsquo;attentat.<\/p>\n<p>Incendie mortel \u00e0 Crans-Montana: des bougies \u00e9tincelantes \u00e0 l&rsquo;origine de l&rsquo;incendie ? Source : TF1 Info<\/p>\n<p><img decoding=\"async\" src=\"https:\/\/www.europesays.com\/fr\/wp-content\/uploads\/2026\/01\/incendie-mortel-a-crans-montana-des-bougies-etincelantes-a-l-origine-de-l-incendie-d4e262-0@1x.jpeg\" alt=\"Incendie mortel \u00e0 Crans-Montana: des bougies \u00e9tincelantes \u00e0 l'origine de l'incendie ? \" loading=\"lazy\" importance=\"low\" fetchpriority=\"low\" class=\"\"\/><img decoding=\"async\" src=\"https:\/\/www.tf1info.fr\/images\/icons\/player-logo-play.svg\" alt=\"Logo lecture\" class=\"jsx-d0de44c05fe3042c PlayerLazyload__Play\"\/>LE PAPE EXPRIME \u00ab\u00a0SA COMPASSION ET SA SOLLICITUDE\u00a0\u00bb 12:39<\/p>\n<p>Le pape L\u00e9on XIV a pri\u00e9 vendredi pour les victimes de l\u2019incendie meurtrier dans la nuit du nouvel an dans un bar en Suisse et exprim\u00e9 \u00ab\u00a0sa compassion et sa sollicitude\u00a0\u00bb aux familles des victimes, selon le secr\u00e9taire d&rsquo;Etat du Vatican.<\/p>\n<p>\u00ab\u00a0Il d\u00e9sire manifester aux proches des victimes sa compassion et sa sollicitude. Il prie le Seigneur d&rsquo;accueillir les d\u00e9funts dans sa demeure de paix et de lumi\u00e8re, et de soutenir le courage de ceux qui souffrent dans leur coeur ou dans leur corps\u00a0\u00bb, indique un message envoy\u00e9 par le secr\u00e9taire d&rsquo;Etat du Vatican, le cardinal Pietro Parolin, \u00e0 l&rsquo;\u00e9v\u00eaque de Sion (Suisse), Jean\u2011Marie Lovey.<\/p>\n<p>Voir plus<\/p>\n<p>LA POLOGNE PR\u00caTE \u00c0 ACCUEILLIR 14 BLESS\u00c9S12:37<\/p>\n<p>La Pologne est pr\u00eate \u00e0 accueillir dans ses h\u00f4pitaux 14 bless\u00e9s de l&rsquo;incendie qui a ravag\u00e9 un bar de la station de ski suisse de Crans-Montana, a indiqu\u00e9 vendredi le Premier ministre polonais.<\/p>\n<p>\u00ab\u00a0\u00c0 la demande de la Suisse, nous sommes pr\u00eats \u00e0 fournir des soins m\u00e9dicaux sp\u00e9cialis\u00e9s \u00e0 14 bless\u00e9s dans des h\u00f4pitaux polonais\u00a0\u00bb, a indiqu\u00e9 Donald Tusk sur X.<\/p>\n<p>Selon la porte-parole du minist\u00e8re de l&rsquo;Int\u00e9rieur, la Pologne a pr\u00e9par\u00e9 14 places \u00e0 l&rsquo;h\u00f4pital de Siemianowice Slaskie (sud), sp\u00e9cialis\u00e9 dans le traitement des br\u00fblures et des plaies chroniques.<\/p>\n<p>Il s&rsquo;agit de quatre places en soins intensifs et de dix pour les patients l\u00e9g\u00e8rement bless\u00e9s, a d\u00e9clar\u00e9 Karolina Galecka \u00e0 l&rsquo;agence de presse polonaise PAP.<\/p>\n<p>ARRIV\u00c9E DES CORBILLARDS AU CENTRE FUN\u00c9RAIRE12:35<\/p>\n<p>Plusieurs corbillards transportant les d\u00e9pouilles de victimes du terrible incendie meurtrier \u00e0 Crans-Montana en Suisse ont commenc\u00e9 \u00e0 arriver au centre fun\u00e9raire de Sion.<\/p>\n<p>Peu apr\u00e8s 11h, un premier corbillard est arriv\u00e9 dans ce centre, situ\u00e9 \u00e0 une trentaine de kilom\u00e8tres de la station de ski de Crans-Montana, o\u00f9 un incendie dans un bar pendant la nuit de nouvel an a fait une quarantaine de morts et plus d&rsquo;une centaine de bless\u00e9s.<\/p>\n<p>UN BILAN QUI POURRAIT S&rsquo;ALOURDIR C\u00d4T\u00c9 FRAN\u00c7AIS11:29<\/p>\n<p>Pascal Confavreux, porte-parole du Quai d&rsquo;Orsay, revient sur LCI sur les suites de l&rsquo;incendie survenu en Suisse, incendie qui a fait une quarantaine de morts et 118 bless\u00e9s selon un dernier bilan.\u00a0<\/p>\n<p>Selon le Quai d&rsquo;Orsay, neuf Fran\u00e7ais ont \u00e9t\u00e9 bless\u00e9s dans ce drame et huit sont toujours recherch\u00e9s, soit un total de 17 Fran\u00e7ais touch\u00e9s \u00e0 cette heure. Un bilan qui pourrait toutefois s&rsquo;alourdir. \u00ab\u00a0Il peut y en avoir d&rsquo;autres (victimes NDLR)\u00a0\u00bb, confirme le porte-parole du Quai d&rsquo;Orsay sur notre antenne. \u00ab\u00a0Il faut \u00eatre tr\u00e8s mesur\u00e9 et humble sur ces chiffres\u00a0\u00bb, ajoute-t-il.\u00a0<\/p>\n<p>Incendie mortel en Suisse : le porte-parole du Quai d&rsquo;Orsay \u00e9voque les bless\u00e9s fran\u00e7ais et les Fran\u00e7ais toujours recherch\u00e9s Source : TF1 Info<\/p>\n<p><img decoding=\"async\" src=\"https:\/\/www.europesays.com\/fr\/wp-content\/uploads\/2026\/01\/incendie-mortel-en-suisse-le-porte-parole-du-quai-d-orsay-evoque-les-blesses-francais-et-les-francai.jpeg\" alt=\"Incendie mortel en Suisse : le porte-parole du Quai d'Orsay \u00e9voque les bless\u00e9s fran\u00e7ais et les Fran\u00e7ais toujours recherch\u00e9s \" loading=\"lazy\" importance=\"low\" fetchpriority=\"low\" class=\"\"\/><img decoding=\"async\" src=\"https:\/\/www.tf1info.fr\/images\/icons\/player-logo-play.svg\" alt=\"Logo lecture\" class=\"jsx-d0de44c05fe3042c PlayerLazyload__Play\"\/>LA\u00cbTITIA RECHERCHE D\u00c9SESP\u00c9R\u00c9MENT SON FILS ARTHUR11:17<\/p>\n<p>Depuis plus de 30 heures maintenant, La\u00ebtitia, m\u00e8re de famille suisse, recherche son fils Arthur. Le jeune homme de 16 ans \u00e9tait au bar Le Constellation dans la nuit de mercredi \u00e0 jeudi quand un incendie a ravag\u00e9 les lieux.\u00a0<\/p>\n<p>Elle fait face, elle le sait, \u00e0 une r\u00e9alit\u00e9 qui sera maintenant difficile. \u00ab\u00a0Dans tous les cas, il ne fait plus partie des bless\u00e9s l\u00e9gers, j&rsquo;en suis bien consciente. Donc, maintenant, o\u00f9 qu&rsquo;il soit, qu&rsquo;il soit \u00e0 la morgue ou qu&rsquo;il soit en soins intensifs dans un h\u00f4pital \u00e0 l&rsquo;\u00e9tranger ou ici en Suisse, sa maman doit \u00eatre \u00e0 ses c\u00f4t\u00e9s. Je ne sers \u00e0 rien ici \u00e0 Crans-Montana. Moi, je veux \u00eatre aupr\u00e8s de mon enfant que j&rsquo;ai mis au monde\u00a0\u00bb, d\u00e9clare-t-elle avant de fondre en larmes.\u00a0<\/p>\n<p>International<\/p>\n<p>VU SUR LCI<\/p>\n<p><img decoding=\"async\" src=\"https:\/\/www.europesays.com\/fr\/wp-content\/uploads\/2026\/01\/arthur-16-ans-a-disparu-dans-la-nuit-de-mercredi-a-jeudi-alors-qu-il-se-trouvait-au-bar-le-constella.jpeg\" alt=\"Arthur, 16 ans, a disparu dans la nuit de mercredi \u00e0 jeudi alors qu'il se trouvait au bar Le Constellation \u00e0 Crans-Mantana, ravag\u00e9 par un terrible incendie. Sa maman La\u00ebtitia le recherche d\u00e9sesp\u00e9r\u00e9ment depuis. \" loading=\"lazy\" importance=\"low\" fetchpriority=\"low\" class=\"\" aria-hidden=\"true\"\/><\/p>\n<p>Publi\u00e9 hier \u00e0 11h11<\/p>\n<p>POURQUOI L&rsquo;IDENTIFICATION DES VICTIMES EST SI DIFFICILE ?09:42<\/p>\n<p>Le lieutenant-colonel Francis Comas, porte-parole de la F\u00e9d\u00e9ration nationale des sapeurs-pompiers, \u00e9tait invit\u00e9 sur LCI ce matin. Il a expliqu\u00e9 pourquoi l&rsquo;identification des victimes \u00e9tait si difficile. \u00ab\u00a0Les services m\u00e9dicaux et la police scientifique sont confront\u00e9s \u00e0 un double probl\u00e8me : l&rsquo;inconscience de certaines victimes qui ne peuvent pas donner leur identit\u00e9, des jeunes qui partent en vacances sans avoir forc\u00e9ment des proches qui les connaissent, et derri\u00e8re un feu qui monte \u00e0 600-800 degr\u00e9s et qui peut d\u00e9truire \u00e9norm\u00e9ment de traces et indices\u00a0\u00bb, explique-t-il.\u00a0<\/p>\n<p>\u00ab\u00a0En tant que professionnel, je comprends tout \u00e0 fait, et je sais que c&rsquo;est difficile \u00e0 entendre, le d\u00e9lai que les autorit\u00e9s mettent pour donner des \u00e9l\u00e9ments s\u00fbrs \u00e0 400% \u00e0 l&rsquo;ensemble des familles qui sont dans l&rsquo;attente\u00a0\u00bb, ajoute-t-il.<\/p>\n<p>Incendie mortel dans un bar de Crans-Montana : pourquoi l&rsquo;identification des victimes est si difficile ?Source : TF1 Info<\/p>\n<p><img decoding=\"async\" src=\"https:\/\/www.europesays.com\/fr\/wp-content\/uploads\/2026\/01\/incendie-mortel-dans-un-bar-de-crans-montana-pourquoi-l-identification-des-victimes-est-si-difficile.jpeg\" alt=\"Incendie mortel dans un bar de Crans-Montana : pourquoi l'identification des victimes est si difficile ?\" loading=\"lazy\" importance=\"low\" fetchpriority=\"low\" class=\"\"\/><img decoding=\"async\" src=\"https:\/\/www.tf1info.fr\/images\/icons\/player-logo-play.svg\" alt=\"Logo lecture\" class=\"jsx-d0de44c05fe3042c PlayerLazyload__Play\"\/>118 PERSONNES BLESS\u00c9ES09:23<\/p>\n<p>Mathias Reynard, pr\u00e9sident du Conseil d&rsquo;\u00c9tat valaisan, \u00e9tait sur LCI ce matin. Il a fait savoir qu&rsquo;au moins 118 personnes avaient \u00e9t\u00e9 bless\u00e9es dans cet incendie.\u00a0<\/p>\n<p>Jeudi soir, les autorit\u00e9s avaient donn\u00e9 un bilan provisoire d&rsquo;une quarantaine de morts et d&rsquo;environ 115 bless\u00e9s.\u00a0<\/p>\n<p>Le pr\u00e9sident du Conseil d&rsquo;\u00c9tat valaisan rappelle que les victimes sont jeunes, voire tr\u00e8s jeunes.<\/p>\n<p>Incendie mortel de Crans-Montana : Mathias Reynard, pr\u00e9sident du conseil d&rsquo;Etat Valaisan revient sur le profil des victimes.Source : TF1 Info<\/p>\n<p><img decoding=\"async\" src=\"https:\/\/www.europesays.com\/fr\/wp-content\/uploads\/2026\/01\/incendie-mortel-de-crans-montana-mathias-reynard-president-du-conseil-d-etat-valaisan-revient-sur-le.jpeg\" alt=\"Incendie mortel de Crans-Montana : Mathias Reynard, pr\u00e9sident du conseil d'Etat Valaisan revient sur le profil des victimes.\" loading=\"lazy\" importance=\"low\" fetchpriority=\"low\" class=\"\"\/><img decoding=\"async\" src=\"https:\/\/www.tf1info.fr\/images\/icons\/player-logo-play.svg\" alt=\"Logo lecture\" class=\"jsx-d0de44c05fe3042c PlayerLazyload__Play\"\/>UN ITALIEN DE 16 ANS, GOLFEUR RECONNU, A PERDU LA VIE08:59<\/p>\n<p>La F\u00e9d\u00e9ration Italienne de Golf annonce le d\u00e9c\u00e8s d&rsquo;Emanuele Galeppini, \u00ab\u00a0un jeune athl\u00e8te qui portait avec lui passion et valeurs authentiques\u00a0\u00bb. \u00ab\u00a0En cette p\u00e9riode de grande peine, nos pens\u00e9es vont \u00e0 sa famille et \u00e0 tous ceux qui l&rsquo;aimaient. Emanuele, tu resteras \u00e0 jamais dans nos c\u0153urs\u00a0\u00bb,, peut-on lire sur le compte Instagram de la f\u00e9d\u00e9ration. Le jeune homme \u00e9tait \u00e2g\u00e9 de 16 ans.\u00a0<\/p>\n<p>O\u00d9 SONT ACCUEILLIS LES BLESS\u00c9S ?08:49<\/p>\n<p>Plusieurs dizaines de bless\u00e9s sont accueillis dans les h\u00f4pitaux suisses depuis le terrible incendie. Hier, trois bless\u00e9s ont \u00e9t\u00e9 admis dans des structures de soin fran\u00e7aises, \u00e0 Paris et \u00e0 Lyon. Ce matin, le Quai d&rsquo;Orsay a annonc\u00e9 que huit autres bless\u00e9s allaient arriver en France.\u00a0<\/p>\n<p>Incendie mortel en Suisse : plusieurs dizaines de bless\u00e9s hospitalis\u00e9s, dont certains en FranceSource : TF1 Info<\/p>\n<p><img decoding=\"async\" src=\"https:\/\/www.europesays.com\/fr\/wp-content\/uploads\/2026\/01\/incendie-mortel-en-suisse-plusieurs-dizaines-de-blesses-hospitalises-dont-certains-en-france-51b8c6-.jpeg\" alt=\"Incendie mortel en Suisse : plusieurs dizaines de bless\u00e9s hospitalis\u00e9s, dont certains en France\" loading=\"lazy\" importance=\"low\" fetchpriority=\"low\" class=\"\"\/><img decoding=\"async\" src=\"https:\/\/www.tf1info.fr\/images\/icons\/player-logo-play.svg\" alt=\"Logo lecture\" class=\"jsx-d0de44c05fe3042c PlayerLazyload__Play\"\/>UN HOMMAGE NATIONAL EN SUISSE ?08:46<\/p>\n<p>Mathias Reynard, pr\u00e9sident du comt\u00e9 de Valois \u00e9tait ce matin l\u2019invit\u00e9 de Bonjour\u00a0! la matinale de TF1. Il n&rsquo;a pas cach\u00e9 son \u00e9motion et pense qu&rsquo;il y aura bien \u00e9videmment un hommage national pour les victimes. \u00ab\u00a0Ne pas \u00eatre touch\u00e9 par \u00e7a, ce ne serait pas \u00eatre un \u00eatre humain. Il y a d\u00e9j\u00e0 eu des rassemblements spontan\u00e9s de soutien. \u00c9videmment, une fois que les victimes seront identifi\u00e9es, la question d\u2019un hommage national sera sur la table.\u00a0\u00bb<\/p>\n<p>HUIT BLESS\u00c9S SUPPL\u00c9MENTAIRES ACCUEILLIS EN FRANCE08:28<\/p>\n<p>Le Quai d&rsquo;Orsay indique ce vendredi matin que \u00a0\u00bb la Suisse a demand\u00e9 l\u2019accueil de 8 bless\u00e9s suppl\u00e9mentaires en France. Leur accueil est en pr\u00e9paration\u00a0\u00bb.<\/p>\n<p>DES HOMMAGES AUX VICTIMES ET DES T\u00c9MOINS SOUS LE CHOC07:59<\/p>\n<p>De nombreux hommages ont \u00e9t\u00e9 rendus jeudi soir aux victimes de l&rsquo;incendie survenu dans le Bar Le Constellation quelques heures plus t\u00f4t.\u00a0<\/p>\n<p>\u00ab\u00a0Quand on est arriv\u00e9 sur les lieux, c&rsquo;\u00e9tait&#8230;La guerre. Ce sont les seuls mots que je peux dire. L&rsquo;apocalypse. C&rsquo;\u00e9tait terrible\u00a0\u00bb, confie un jeune homme boulevers\u00e9 au micro de TF1-LCI.<\/p>\n<p>En larmes, une jeune fille parvient \u00e0 l\u00e2cher ces quelques mots devant notre cam\u00e9ra : \u00a0\u00ab\u00a0J&rsquo;ai d\u00e9j\u00e0 perdu des gens et&#8230;On en cherche encore et j&rsquo;ai pas envie. Parce que j&rsquo;ai d\u00e9j\u00e0 eu tellement peur. Peur pour moi, peur pour mes copines, peur pour tout le monde \u00e0 l&rsquo;int\u00e9rieur\u00a0\u00bb.<\/p>\n<p>Incendie mortel de Crans-Montana : des hommages aux victimes et des t\u00e9moins sous le chocSource : TF1 Info<\/p>\n<p><img decoding=\"async\" src=\"https:\/\/www.europesays.com\/fr\/wp-content\/uploads\/2026\/01\/incendie-mortel-de-crans-montana-des-hommages-aux-victimes-et-des-temoins-sous-le-choc-378cc4-0@1x.j.jpeg\" alt=\"Incendie mortel de Crans-Montana : des hommages aux victimes et des t\u00e9moins sous le choc\" loading=\"lazy\" importance=\"low\" fetchpriority=\"low\" class=\"\"\/><img decoding=\"async\" src=\"https:\/\/www.tf1info.fr\/images\/icons\/player-logo-play.svg\" alt=\"Logo lecture\" class=\"jsx-d0de44c05fe3042c PlayerLazyload__Play\"\/>PLUSIEURS JOURS POUR PARVENIR \u00c0 IDENTIFIER LES VICTIMES07:43<\/p>\n<p>Le dernier bilan donn\u00e9 jeudi en fin de journ\u00e9e par les autorit\u00e9s suisse fait \u00e9tat d&rsquo;une quarantaine de morts, et d&rsquo;environ 115 bless\u00e9s apr\u00e8s l&rsquo;incendie mortel de Crans-Montana. D&rsquo;importants moyens sont mobilis\u00e9s \u00ab\u00a0pour identifier les victimes et restituer leurs corps aux familles le plus rapidement possible\u00a0\u00bb, a indiqu\u00e9 B\u00e9atrice Pilloud, la procureure g\u00e9n\u00e9rale du canton du Valais, dans le sud-ouest de la Suisse. \u00ab\u00a0Ce travail pourra prendre plusieurs jours\u00a0\u00bb, a pr\u00e9cis\u00e9 le chef de la police cantonale, Fr\u00e9d\u00e9ric Gisler.<\/p>\n<p>International<img decoding=\"async\" src=\"https:\/\/www.europesays.com\/fr\/wp-content\/uploads\/2026\/01\/hommage-aux-victimes-de-crans-montana-cf0416-0@1x.jpeg\" alt=\"Hommage aux victimes de Crans-Montana.\" loading=\"lazy\" importance=\"low\" fetchpriority=\"low\" class=\"\" aria-hidden=\"true\"\/><\/p>\n<p>Publi\u00e9 hier \u00e0 7h36<\/p>\n<p>IL A PORT\u00c9 SECOURS AUX VICTIMES06:13<\/p>\n<p>Nos \u00e9quipes ont rencontr\u00e9 Gianni, 19 ans, \u00e9tudiant \u00e0 Gen\u00e8ve. Le jeune homme a port\u00e9 secours aux victimes prisonni\u00e8res des flammes \u00e0 l&rsquo;int\u00e9rieur de l&rsquo;\u00e9tablissement. \u00c9coutez son t\u00e9moignage.<\/p>\n<p>Incendie mortel \u00e0 Crans-Montana : comment Gianni, 19 ans, a sauv\u00e9 plusieurs personnesSource : TF1 Info<\/p>\n<p><img decoding=\"async\" src=\"https:\/\/www.europesays.com\/fr\/wp-content\/uploads\/2026\/01\/incendie-mortel-a-crans-montana-comment-gianni-19-ans-a-sauve-plusieurs-personnes-7fe42a-0@1x.jpg\" alt=\"Incendie mortel \u00e0 Crans-Montana : comment Gianni, 19 ans, a sauv\u00e9 plusieurs personnes\" loading=\"lazy\" class=\"jsx-d0de44c05fe3042c PlayerLazyload__Image\"\/><img decoding=\"async\" src=\"https:\/\/www.tf1info.fr\/images\/icons\/player-logo-play.svg\" alt=\"Logo lecture\" class=\"jsx-d0de44c05fe3042c PlayerLazyload__Play\"\/><\/p>\n<p>jeudi 1 janvier 2026<\/p>\n<p>LA FRANCE RESERVE 19 LITS POUR ACCUEILLIR LES BLESS\u00c9S22:58<\/p>\n<p>Dix-neuf lits pour les grands br\u00fbl\u00e9s sont r\u00e9serv\u00e9s par la France afin d&rsquo;accueillir des bless\u00e9s.\u00a0<\/p>\n<blockquote data-testid=\"EmbedTwitter\" id=\"tweet-2006838615519932838-:R1php6j96cmj9v79m:\" class=\"jsx-aeff1a1c40f54d7a twitter-tweet flex justify-center items-center\"><p>Je remercie ce soir chaleureusement les \u00e9quipes du centre de crise du Minist\u00e8re et les soignants qui ont \u00e9t\u00e9 mobilis\u00e9s aujourd\u2019hui pour apporter des solutions suite au drame de Crans-Montana.  Nous r\u00e9servons ce soir, sur le territoire, 19 lits pour les grands br\u00fbl\u00e9s. Mes\u2026 \u2014 St\u00e9phanie RIST (@stephanie_rist)  January 1, 2026<\/p><\/blockquote>\n<p>3 BLESS\u00c9S TRANSF\u00c9R\u00c9S \u00c0 LYON ET PARIS 22:25<\/p>\n<p>Le minist\u00e8re des Affaires \u00e9trang\u00e8res indiquent que trois personnes bless\u00e9es ont d\u00e9j\u00e0 \u00e9t\u00e9 transf\u00e9r\u00e9es vers des h\u00f4pitaux fran\u00e7ais, \u00e0 Lyon et \u00e0 Paris. \u00ab\u00a0D\u2019autres transferts de bless\u00e9s sont en cours\u00a0\u00bb, pr\u00e9cise en outre le Quai d&rsquo;Orsay.<\/p>\n<p>9 FRAN\u00c7AIS BLESS\u00c9S, 8 PAS ENCORE LOCALIS\u00c9S21:27<\/p>\n<p>Le Quai d&rsquo;Orsay annonce que neuf Fran\u00e7ais ont \u00e9t\u00e9 bless\u00e9s et huit n&rsquo;ont pas encore \u00e9t\u00e9 localis\u00e9s, apr\u00e8s l&rsquo;incendie dans un bar en Suisse dans la nuit du Nouvel An. \u00ab\u00a0\u00c0 cette heure, on ne peut exclure que des ressortissants fran\u00e7ais figurent parmi les victimes de l\u2019incendie, dont l\u2019identification est encore en cours\u00a0\u00bb, pr\u00e9cise le minist\u00e8re des Affaires \u00e9trang\u00e8res.<\/p>\n<p>T\u00c9MOIGNAGES21:16<\/p>\n<p>Plus d&rsquo;une centaine de personnes ont \u00e9t\u00e9 bless\u00e9es dans l&rsquo;incendie accidentel d&rsquo;un bar dans la station de ski suisse de Crans-Montana. Les autorit\u00e9s ont d\u00e9ploy\u00e9 de tr\u00e8s importants moyens pour accompagner les familles et les victimes.\u00a0<\/p>\n<p>International<img decoding=\"async\" src=\"https:\/\/www.europesays.com\/fr\/wp-content\/uploads\/2026\/01\/capjta-victimes-suisse-fb4be4-1@1x.jpeg\" alt=\"&quot;S'il vous plait, je cherche mon ami&quot; : l'angoisse des proches des victimes de l'incendie de Crans-Montana en attente de nouvelles \" loading=\"lazy\" importance=\"low\" fetchpriority=\"low\" class=\"\" aria-hidden=\"true\"\/><\/p>\n<p>Publi\u00e9 le 1 janvier 2026 \u00e0 20h47<\/p>\n<p>LA SUISSE EN \u00c9TAT DE CHOC20:21<\/p>\n<p>Une foule s&rsquo;est rassembl\u00e9e pour se recueillir, apportant fleurs et bougies, devant le bar o\u00f9 une quarantaine de personnes a p\u00e9ri dans le violent incendie survenu dans la nuit du Nouvel An. Une messe a \u00e9galement \u00e9t\u00e9 c\u00e9l\u00e9br\u00e9e \u00e0 l\u2019\u00e9glise de Crans-Montana.<\/p>\n<p>Incendie \u00e0 Crans-Montana : la Suisse en \u00e9tat de chocSource : TF1 Info<\/p>\n<p><img decoding=\"async\" src=\"https:\/\/www.europesays.com\/fr\/wp-content\/uploads\/2026\/01\/incendie-a-crans-montana-la-suisse-en-etat-de-choc-6d0655-0@1x.jpeg\" alt=\"Incendie \u00e0 Crans-Montana : la Suisse en \u00e9tat de choc\" loading=\"lazy\" importance=\"low\" fetchpriority=\"low\" class=\"\"\/><img decoding=\"async\" src=\"https:\/\/www.tf1info.fr\/images\/icons\/player-logo-play.svg\" alt=\"Logo lecture\" class=\"jsx-d0de44c05fe3042c PlayerLazyload__Play\"\/>UN FOOTBALLEUR STAGIAIRE DU FC METZ GRI\u00c8VEMENT BR\u00dbL\u00c920:00<\/p>\n<p>Le club de football de Metz a annonc\u00e9 que son jeune joueur Tahirys Dos Santos (19 ans) a \u00e9t\u00e9 bless\u00e9 lors de l&rsquo;incendie survenu \u00e0 Crans-Montana. Gri\u00e8vement br\u00fbl\u00e9, le joueur a \u00e9t\u00e9 transf\u00e9r\u00e9 par avion en Allemagne, o\u00f9 il est actuellement soign\u00e9, indique le FC Metz.<\/p>\n<blockquote data-testid=\"EmbedTwitter\" id=\"tweet-2006795810332193108-:R1pid6j96cmj9v79m:\" class=\"jsx-aeff1a1c40f54d7a twitter-tweet flex justify-center items-center\"><p>Le  #FCMetz a la douleur d\u2019annoncer que Tahirys Dos Santos, joueur stagiaire du club, a \u00e9t\u00e9 bless\u00e9 lors de l\u2019incendie survenu \u00e0 Crans-Montana. L&rsquo;ensemble du club unit ses pens\u00e9es pour les adresser \u00e0 Tahirys, dans ces heures o\u00f9 il combat la souffrance. \u2014 FC Metz \u2628 (@FCMetz)  January 1, 2026<\/p><\/blockquote>\n<p>DES BLESS\u00c9S PRIS EN CHARGE AU CHU DE LYON18:53<\/p>\n<p>\u00ab\u00a0La France accueille des bless\u00e9s dans ses h\u00f4pitaux et se tient disponible pour toute aide\u00a0\u00bb, \u00e9crit Emmanuel Macron sur X. Selon les informations de TF1-LCI, plusieurs bless\u00e9s ont \u00e9t\u00e9 pris en charge au CHU de Lyon.<\/p>\n<blockquote data-testid=\"EmbedTwitter\" id=\"tweet-2006784899093581831-:R1pih6j96cmj9v79m:\" class=\"jsx-aeff1a1c40f54d7a twitter-tweet flex justify-center items-center\"><p>Je me suis entretenu avec le Pr\u00e9sident de la Conf\u00e9d\u00e9ration helv\u00e9tique  @ParmelinG pour lui exprimer notre solidarit\u00e9. Le bilan est terrible. Nos pens\u00e9es accompagnent les familles. Nos \u00e9quipes diplomatiques et consulaires suivent la situation et apportent l\u2019assistance\u2026 \u2014 Emmanuel Macron (@EmmanuelMacron)  January 1, 2026<\/p><\/blockquote>\n<p>L&rsquo;UE \u00ab\u00a0EN CONTACT\u00a0\u00bb POUR APPORTER UNE \u00ab\u00a0AIDE M\u00c9DICALE\u00a0\u00bb18:39<\/p>\n<p>La Commission europ\u00e9enne a affirm\u00e9 jeudi \u00eatre \u00ab\u00a0en contact\u00a0\u00bb avec les autorit\u00e9s suisses afin de leur apporter une \u00ab\u00a0aide m\u00e9dicale\u00a0\u00bb, apr\u00e8s l&rsquo;incendie meurtrier dans la station de ski de Crans-Montana. \u00ab\u00a0Profonde tristesse et sympathie pour les nombreuses victimes de l&rsquo;explosion de Crans-Montana, leurs proches et les services de secours\u00a0\u00bb, a \u00e9crit la commissaire europ\u00e9enne Hadja Lahbib sur son compte X.<\/p>\n<p>LE D\u00c9ROULEMENT DES FAITS18:18<\/p>\n<p>Le commandant de la police cantonale valaisanne est revenu sur la chronologie des \u00e9v\u00e9nements de la nuit. La fum\u00e9e a \u00e9t\u00e9 aper\u00e7ue \u00e0 1h30. Un t\u00e9moin a contact\u00e9 les secours et l&rsquo;alerte \u00ab\u00a0rouge\u00a0\u00bb, impliquant plusieurs instances, a \u00e9t\u00e9 lanc\u00e9e \u00e0 1h32. Les premi\u00e8res patrouilles sont arriv\u00e9es sur site moins d&rsquo;une minute plus tard, suivies d&rsquo;un important dispositif de pompiers pour acheminer les bless\u00e9s en priorit\u00e9 vers les h\u00f4pitaux de Sion, Vi\u00e8ge, Lausanne et Gen\u00e8ve. \u00c0 4h14, la ligne d&rsquo;aide a \u00e9t\u00e9 ouverte, et dans la m\u00eame p\u00e9riode, un lieu d&rsquo;accueil a \u00e9t\u00e9 \u00e9tabli pour les familles. \u00c0 5 heures, tous les bless\u00e9s ont \u00e9t\u00e9 pris en charge.<\/p>\n<p>UNE \u00ab\u00a0QUINZAINE D&rsquo;ITALIENS\u00a0\u00bb DISPARUS ET PARMI LES BLESS\u00c9S17:57<\/p>\n<p>\u00ab\u00a0\u00c0 l&rsquo;heure actuelle, une douzaine, une quinzaine d&rsquo;Italiens ont \u00e9t\u00e9 retrouv\u00e9s dans des h\u00f4pitaux. Autant sont port\u00e9s disparus\u00a0\u00bb, a d\u00e9clar\u00e9 sur la cha\u00eene Rete4 le ministre italien des Affaires \u00e9trang\u00e8res Antonio Tajani.<\/p>\n<p>Le ministre a pr\u00e9cis\u00e9 peu apr\u00e8s sur la cha\u00eene Sky TG24 que le nombre d&rsquo;Italiens port\u00e9s disparus avait grimp\u00e9 \u00e0 16 mais que le bilan restait \u00ab\u00a0incertain\u00a0\u00bb.<\/p>\n<p>FORT PROBABLE QUE DES BLESS\u00c9S SOIENT TRANSPORT\u00c9S DANS DES H\u00d4PITAUX DES PAYS LIMITROPHES17:54<\/p>\n<p>\u00ab\u00a0Plusieurs pays dont la France, l&rsquo;Allemagne et l&rsquo;Italie se sont manifest\u00e9s pour accueillir ces bless\u00e9s\u00a0\u00bb, indique le pr\u00e9sident du Conseil \u00a0d&rsquo;\u00c9tat valaisan, Mathias Reynard. Plusieurs bless\u00e9s sont pris en charge dans les h\u00f4pitaux de Lausanne et de Zurich, sp\u00e9cialis\u00e9s dans les grands br\u00fbl\u00e9s. Leurs comp\u00e9tences \u00e9tant limit\u00e9es, \u00ab\u00a0\u00e9videmment que nous accueillons et nous remercions ces pays amis\u00a0\u00bb, a d\u00e9clar\u00e9 Mathias Reynard. \u00ab\u00a0Il est fort probable que des bless\u00e9s soient transport\u00e9s dans des h\u00f4pitaux des pays limitrophes\u00a0\u00bb, a-t-il ajout\u00e9.<\/p>\n<p>L&rsquo;ENQU\u00caTE EST EN COURS17:50<\/p>\n<p>La procureure g\u00e9n\u00e9rale, Beatrice Pilloud, r\u00e9pond aux premi\u00e8res questions des journalistes. \u00ab\u00a0L&rsquo;enqu\u00eate est en cours, elle \u00e9tablira les circonstances exactes du drame\u00a0\u00bb, ne pouvant rien confirmer \u00e0 quelques heures du drame. L&rsquo;\u00e9troitesse de l&rsquo;escalier et les sorties de secours seront notamment l&rsquo;objet de l&rsquo;enqu\u00eate.<\/p>\n<p>UNE TR\u00c8S GRANDE MAJORIT\u00c9 DES BLESS\u00c9S EN CAT\u00c9GORIE CRITIQUE17:46<\/p>\n<p>Le pr\u00e9sident du Conseil \u00a0d&rsquo;\u00c9tat valaisan, Mathias Reynard, s&rsquo;exprime de nouveau en tant que ministre de la Sant\u00e9. 150 intervenants, 42 ambulances, 13 h\u00e9licopt\u00e8res et 3 camions catastrophe ont \u00e9t\u00e9 envoy\u00e9s sur place.\u00a0<\/p>\n<p>Parmi les bless\u00e9s, Mathias Reynard pr\u00e9cise que 35 personnes se sont rendues \u00e0 l&rsquo;h\u00f4pital par leurs propres moyens et 80 personnes ont \u00e9t\u00e9 prises en charge par les secours (OCVS), une tr\u00e8s grande majorit\u00e9 ayant \u00e9t\u00e9 d\u00e9finie en cat\u00e9gorie critique.<\/p>\n<p>UN EMBRASEMENT G\u00c9N\u00c9RALIS\u00c9 QUI A PROVOQU\u00c9 UNE D\u00c9FLAGRATION17:39<\/p>\n<p>\u00ab\u00a0La piste aujourd&rsquo;hui privil\u00e9gi\u00e9e est celle d&rsquo;un embrasement g\u00e9n\u00e9ralis\u00e9 qui a provoqu\u00e9 une d\u00e9flagration\u00a0\u00bb, affirme la procureure g\u00e9n\u00e9rale, Beatrice Pilloud, parmi les plusieurs hypoth\u00e8ses \u00e0 l&rsquo;origine de l&rsquo;incendie meurtrier. Elle a \u00e9galement indiqu\u00e9 que l&rsquo;identification des corps est un processus \u00ab\u00a0long\u00a0\u00bb, qui prendra \u00ab\u00a0des jours\u00a0\u00bb.<\/p>\n<p>UNE QUARANTAINE DE MORTS ET 115 BLESS\u00c9S17:36<\/p>\n<p>Le commandant de la police cantonale valaisanne, Fr\u00e9d\u00e9ric Gisler, vient de communiquer sur \u00ab\u00a0une quarantaine de personnes d\u00e9c\u00e9d\u00e9es et environ 115 personnes bless\u00e9es, la plupart gri\u00e8vement\u00a0\u00bb. Il a \u00e9galement \u00e9voqu\u00e9 des victimes de nationalit\u00e9s diff\u00e9rentes.<\/p>\n<p>UNE NUIT DE DEUIL, D&rsquo;ANGOISSE ET DE TRISTESSE17:32<\/p>\n<p>Crans-Montana s&rsquo;est r\u00e9veill\u00e9 \u00ab\u00a0en \u00e9tat de choc et des citoyens sid\u00e9r\u00e9s\u00a0\u00bb, a d\u00e9clar\u00e9 le maire de la ville, Nicolas F\u00e9raud, parlant d&rsquo;une \u00ab\u00a0nuit de deuil, d&rsquo;angoisse et de tristesse\u00a0\u00bb.<\/p>\n<p>UN TEMPS TERRIBLE POUR LES FAMILLES17:29<\/p>\n<p>\u00ab\u00a0L&rsquo;identification des victimes peut prendre un temps terrible pour les familles\u00a0\u00bb, explique \u00e0 son tour le Pr\u00e9sident du Conseil \u00a0d&rsquo;\u00c9tat valaisan, Mathias Reynard.<\/p>\n<p>\u00ab\u00a0La situation est critique, il y a des bless\u00e9s graves, des grands br\u00fbl\u00e9s, et des transferts ont d\u00e9j\u00e0 pu \u00eatre effectu\u00e9s\u00a0\u00bb dans d&rsquo;autres h\u00f4pitaux, a-t-il ajout\u00e9, louant une solidarit\u00e9 intercantonale.<\/p>\n<p>DES SC\u00c8NES INDESCRIPTIBLES17:26<\/p>\n<p>\u00ab\u00a0Certaines personnes luttent encore pour leur vie. Je veux leur dire avec force et clart\u00e9 : vous n&rsquo;\u00eates pas seuls\u00a0\u00bb, dit Guy Parmelin, qui a remerci\u00e9 les forces de l&rsquo;ordre et les secours pour leurs actions remarquables. \u00ab\u00a0Beaucoup d&rsquo;entre eux ont \u00e9t\u00e9 confront\u00e9s \u00e0 des sc\u00e8nes indescriptibles\u00a0\u00bb, a affirm\u00e9 le pr\u00e9sident de la Conf\u00e9d\u00e9ration suisse.<\/p>\n<p>L&rsquo;UNE DES PIRES TRAG\u00c9DIES QUE NOTRE PAYS AIT CONNUES17:21<\/p>\n<p>\u00ab\u00a0C&rsquo;est l&rsquo;une des pires trag\u00e9dies que notre pays ait connues\u00a0\u00bb, d\u00e9clare le pr\u00e9sident de la Conf\u00e9d\u00e9ration suisse Guy Parmelin, qui a parl\u00e9 d&rsquo;un \u00ab\u00a0drame d&rsquo;une ampleur in\u00e9dite et effroyable\u00a0\u00bb. \u00ab\u00a0De nombreuses vies, jeunes pour la plupart, ont \u00e9t\u00e9 perdues\u00a0\u00bb, a-t-il ajout\u00e9.<\/p>\n<p>CONF\u00c9RENCE DE PRESSE17:19<\/p>\n<p>La procureure g\u00e9n\u00e9rale, Beatrice Pilloud, ouvre la conf\u00e9rence de presse apr\u00e8s le \u00ab\u00a0grave incendie qui s&rsquo;est produit dans la nuit du 1er janvier 2026 \u00e0 Crans-Montana\u00a0\u00bb, et donne la parole au pr\u00e9sident de la Conf\u00e9d\u00e9ration suisse Guy Parmelin.<\/p>\n<p>LCI SUR PLACE17:17<\/p>\n<p>Regardez les derni\u00e8res informations de nos envoy\u00e9s sp\u00e9ciaux Elisa Cl\u00e9ac\u2019h et Julie Janus avant le d\u00e9but de la deuxi\u00e8me conf\u00e9rence de presse des autorit\u00e9s locales de la journ\u00e9e.<\/p>\n<p>LCI \u00e0 Crans-Montana apr\u00e8s l&rsquo;incendie mortelSource : TF1 Info<\/p>\n<p><img decoding=\"async\" src=\"https:\/\/www.europesays.com\/fr\/wp-content\/uploads\/2026\/01\/lci-a-crans-montana-apres-l-incendie-mortel-291f04-0@1x.jpeg\" alt=\"LCI \u00e0 Crans-Montana apr\u00e8s l'incendie mortel\" loading=\"lazy\" importance=\"low\" fetchpriority=\"low\" class=\"\"\/><img decoding=\"async\" src=\"https:\/\/www.tf1info.fr\/images\/icons\/player-logo-play.svg\" alt=\"Logo lecture\" class=\"jsx-d0de44c05fe3042c PlayerLazyload__Play\"\/>\u00ab\u00a0TOUTES NOS \u00c9QUIPES SONT AU FRONT\u00a0\u00bb17:09<\/p>\n<p>Apr\u00e8s le violent incendie qui s&rsquo;est d\u00e9clar\u00e9 pendant la nuit du r\u00e9veillon dans la station de ski Crans-Montana, une centaine de bless\u00e9s, pour la plupart dans un \u00e9tat grave, sont pris en charge dans diff\u00e9rents h\u00f4pitaux du pays. Une lutte acharn\u00e9e pour sauver de nombreux patients, dont des grands br\u00fbl\u00e9s, pour certains encore mineurs.<\/p>\n<p>Police, justice et faits divers<img decoding=\"async\" src=\"https:\/\/www.europesays.com\/fr\/wp-content\/uploads\/2026\/01\/crans-montana-suisse-incendie-1er-janvier-2025-ef4d62-0@1x.jpeg\" alt=\"&quot;Toutes nos \u00e9quipes sont au front&quot; : apr\u00e8s l'incendie mortel de Crans-Montana, les h\u00f4pitaux en premi\u00e8re ligne\" loading=\"lazy\" importance=\"low\" fetchpriority=\"low\" class=\"\" aria-hidden=\"true\"\/><\/p>\n<p>Publi\u00e9 le 1 janvier 2026 \u00e0 17h04<\/p>\n<p>LE CONSTELLATION17:00<\/p>\n<p>Que sait-on de l&rsquo;\u00e9tablissement o\u00f9 s&rsquo;est produit le drame ? Le JT de TF1 d\u00e9voile des images de ce bar de la station de ski suisse de Crans-Montana.<\/p>\n<p>International<img decoding=\"async\" src=\"https:\/\/www.europesays.com\/fr\/wp-content\/uploads\/2026\/01\/constellation-crans-montana-suisse-1-d34489-0@1x.jpeg\" alt=\"Incendie mortel \u00e0 Crans-Montana : que sait-on de l'\u00e9tablissement o\u00f9 s'est produit le drame ?\" loading=\"lazy\" importance=\"low\" fetchpriority=\"low\" class=\"\" aria-hidden=\"true\"\/><\/p>\n<p>Publi\u00e9 le 1 janvier 2026 \u00e0 14h32<\/p>\n<p>NUIT TRAGIQUE \u00c0 CRANS-MONTANA16:37<\/p>\n<p>Une photographie prise par l&rsquo;AFP montre des fleurs et des bougies d\u00e9pos\u00e9es au sol pr\u00e8s du bar Le Constellation apr\u00e8s l&rsquo;incendie qui a ravag\u00e9 l&rsquo;\u00e9tablissement \u00e0 Crans-Montana, lors des festivit\u00e9s du Nouvel An.<\/p>\n<p><img decoding=\"async\" src=\"https:\/\/www.europesays.com\/fr\/wp-content\/uploads\/2026\/01\/crans-montana-drame-3c42f6-0@1x.jpeg\" alt=\"MAXIME SCHMID \/ AFP\" loading=\"lazy\" importance=\"low\" fetchpriority=\"low\" class=\"\"\/>MAXIME SCHMID \/ AFPPR\u00c9SIDENT DE LA CONF\u00c9D\u00c9RATION SUISSE16:27<\/p>\n<p>Le pr\u00e9sident de la Conf\u00e9d\u00e9ration suisse, Guy Parmelin, qui s&rsquo;est rendu \u00e0 Crans-Montana, vient de s&rsquo;exprimer devant les journalistes. Il a indiqu\u00e9 que le processus d&rsquo;identification des personnes d\u00e9c\u00e9d\u00e9es est en cours, et que \u00ab\u00a0certains sont \u00e0 l&rsquo;h\u00f4pital dans des situations difficiles\u00a0\u00bb.\u00a0<\/p>\n<p>Guy Parmelin, qui a annul\u00e9 ses voeux pr\u00e9vus \u00e0 midi, a \u00e9galement tenu \u00e0 remercier les gouvernements \u00e9trangers et \u00ab\u00a0particuli\u00e8rement les pays environnants qui font preuve de solidarit\u00e9\u00a0\u00bb et qui participent \u00e0 la \u00ab\u00a0prise en charge des grands br\u00fbl\u00e9s\u00a0\u00bb.<\/p>\n<p><img decoding=\"async\" src=\"https:\/\/www.europesays.com\/fr\/wp-content\/uploads\/2026\/01\/president-suisse-guy-parmelin-6b0cd5-0@1x.jpeg\" alt=\"ALESSANDRO DELLA VALLE \/ POOL \/ AFP\" loading=\"lazy\" importance=\"low\" fetchpriority=\"low\" class=\"\"\/>ALESSANDRO DELLA VALLE \/ POOL \/ AFPDES DIZAINES DE MORTS15:43<\/p>\n<p>Voici un rappel des faits de l&rsquo;incendie survenu dans un bar de la station suisse de Crans-Montana : des dizaines de personnes sont \u00ab\u00a0pr\u00e9sum\u00e9es\u00a0\u00bb d\u00e9c\u00e9d\u00e9es et une centaine d&rsquo;autres ont \u00e9t\u00e9 bless\u00e9s (dont au moins deux Fran\u00e7ais).<\/p>\n<p>Des dizaines de morts dans un incendie \u00e0 Crans-MontanaSource : TF1 Info<\/p>\n<p><img decoding=\"async\" src=\"https:\/\/www.europesays.com\/fr\/wp-content\/uploads\/2026\/01\/des-dizaines-de-morts-dans-un-incendie-a-crans-montana-d0d698-0@1x.jpeg\" alt=\"Des dizaines de morts dans un incendie \u00e0 Crans-Montana\" loading=\"lazy\" importance=\"low\" fetchpriority=\"low\" class=\"\"\/><img decoding=\"async\" src=\"https:\/\/www.tf1info.fr\/images\/icons\/player-logo-play.svg\" alt=\"Logo lecture\" class=\"jsx-d0de44c05fe3042c PlayerLazyload__Play\"\/>NOUVELLE CONF\u00c9RENCE DE PRESSE \u00c0 17H1515:16<\/p>\n<p>Une nouvelle conf\u00e9rence de presse des autorit\u00e9s est annonc\u00e9e pour 17h15. Participeront \u00e0 cette conf\u00e9rence de presse le Pr\u00e9sident de la Conf\u00e9d\u00e9ration, Guy Parmelin, le Pr\u00e9sident du Conseil\u00a0 d\u2019\u00c9tat, Mathias Reynard, le Chef du D\u00e9partement de la s\u00e9curit\u00e9, des institutions\u00a0et du sport, St\u00e9phane Ganzer, la Procureure g\u00e9n\u00e9rale, Beatrice Pilloud,\u00a0le Commandant de la Police cantonale valaisanne, Fr\u00e9d\u00e9ric Gisler et\u00a0le Pr\u00e9sident de Crans-Montana, Nicolas F\u00e9raud.\u00a0<\/p>\n<p>NOUVELLE CONF\u00c9RENCE DE PRESSE14:09<\/p>\n<p>Les autorit\u00e9s suisses annoncent une nouvelle conf\u00e9rence de presse dans la journ\u00e9e. L&rsquo;horaire n&rsquo;a pas encore \u00e9t\u00e9 fix\u00e9.\u00a0<\/p>\n<p>LES \u00c9TABLISSEMENTS FESTIFS FERM\u00c9S CE SOIR13:53<\/p>\n<p>\u00ab\u00a0En hommage et par respect pour les victimes, les \u00e9tablissements festifs de Crans-Montana n&rsquo;ont pas envie de vous faire la f\u00eate aujourd&rsquo;hui. Le premier jour de 2026 sera celui du recueillement et nous serons ferm\u00e9s ce soir\u00a0\u00bb, annoncent les bars et discoth\u00e8ques de la commune suisse sur les r\u00e9seaux sociaux. \u00a0<\/p>\n<p>\u00ab\u00a0C&rsquo;\u00c9TAIT UNE SC\u00c8NE DE FILM D&rsquo;HORREUR\u00a0\u00bb13:20<\/p>\n<p>La r\u00e9daction de TF1-LCI a joint Adrien ce jeudi, quelques heures apr\u00e8s le drame. Le jeune homme comptait se rendre dans le bar-discoth\u00e8que Le constellation avec des amis avant que l&rsquo;incendie ne se d\u00e9clare. Il aurait alors entendu qu&rsquo;il fallait prendre une \u00ab\u00a0table \u00e0 1.000 euros\u00a0\u00bb pour pouvoir p\u00e9n\u00e9trer \u00e0 l&rsquo;int\u00e9rieur et a donc renonc\u00e9. Cherchant en vain un autre endroit pour finir la nuit, le groupe de jeunes d\u00e9cide de rentrer dans son logement. C&rsquo;est l\u00e0 qu&rsquo;ils ont aper\u00e7u sur leur route \u00ab\u00a0beaucoup de fum\u00e9e et des flammes\u00a0\u00bb.\u00a0<\/p>\n<p>\u00ab\u00a0Des gens cassaient les vitres avec des chaises. Des gens affol\u00e9s, des gens tristes. On a pu voir deux personnes carbonis\u00e9es, br\u00fbl\u00e9es. Plus d&rsquo;habits, br\u00fbl\u00e9s. Tout \u00e9tait fondu. C&rsquo;\u00e9tait une sc\u00e8ne de film d&rsquo;horreur si je puis dire&#8230; Des gens bless\u00e9s, des gens les cheveux cram\u00e9s, la bouche et les yeux qui tombaient, une femme en robe br\u00fbl\u00e9e. Des groupes de jeunes qui pleuraient pour attendre que leurs amis sortent, en esp\u00e9rant qu&rsquo;ils sortent. On a pu aussi voir des parents qui arrivaient en voiture \u00e0 toute vitesse pour essayer de sauver leur enfant. C&rsquo;\u00e9tait une pagaille g\u00e9n\u00e9rale \u00e0 Crans-Montana \u00ab\u00a0, nous dit-il encore sous le choc.<\/p>\n<p>Drame \u00e0 Crans-Montana : \u00ab\u00a0des gens affol\u00e9s cassaient les vitres avec des chaises\u00a0\u00bbSource : TF1 Info<\/p>\n<p><img decoding=\"async\" src=\"https:\/\/www.europesays.com\/fr\/wp-content\/uploads\/2026\/01\/drame-a-crans-montana-des-gens-affoles-cassaient-les-vitres-avec-des-chaises-d743ac-0@1x.jpg\" alt=\"Drame \u00e0 Crans-Montana : &quot;des gens affol\u00e9s cassaient les vitres avec des chaises&quot;\" loading=\"lazy\" class=\"jsx-d0de44c05fe3042c PlayerLazyload__Image\"\/><img decoding=\"async\" src=\"https:\/\/www.tf1info.fr\/images\/icons\/player-logo-play.svg\" alt=\"Logo lecture\" class=\"jsx-d0de44c05fe3042c PlayerLazyload__Play\"\/>RETROUVEZ ICI LA CONF\u00c9RENCE DE PRESSE DE CE MATIN12:52<\/p>\n<p>Un bilan provisoire et d\u00e9j\u00e0 tr\u00e8s lourd a \u00e9t\u00e9 donn\u00e9 dans la matin\u00e9e par les autorit\u00e9s suisses. Il fait \u00e9tat de plusieurs dizaines de morts pr\u00e9sum\u00e9s et d&rsquo;une centaine de bless\u00e9s, dont de nombreux bless\u00e9s graves.\u00a0<\/p>\n<p>Deux Fran\u00e7ais figurent parmi les bless\u00e9s, a fait savoir en milieu de journ\u00e9e le Quai d&rsquo;Orsay.<\/p>\n<p>Drame \u00e0 Crans-Montana : les autorit\u00e9s dressent un premier bilanSource : TF1 Info<\/p>\n<p><img decoding=\"async\" src=\"https:\/\/www.europesays.com\/fr\/wp-content\/uploads\/2026\/01\/drame-a-crans-montana-les-autorites-dressent-un-premier-bilan-76ecfa-0@1x.jpeg\" alt=\"Drame \u00e0 Crans-Montana : les autorit\u00e9s dressent un premier bilan\" loading=\"lazy\" importance=\"low\" fetchpriority=\"low\" class=\"\"\/><img decoding=\"async\" src=\"https:\/\/www.tf1info.fr\/images\/icons\/player-logo-play.svg\" alt=\"Logo lecture\" class=\"jsx-d0de44c05fe3042c PlayerLazyload__Play\"\/>CONSIGNES \u00c0 LA POPULATION12:48<\/p>\n<p>Il est ordonn\u00e9 \u00e0 la population de se conformer strictement aux consignes des autorit\u00e9s et de ne pas se rendre dans la zone concern\u00e9e par le drame, rappelle la commune de Crans-Montana sur son site.<\/p>\n<p>Il est aussi demand\u00e9 aux habitants et h\u00f4tes d&rsquo;\u00e9viter toute mise en danger et tout risque afin de ne pas n\u00e9cessiter l&rsquo;intervention des secours qui sont fortement engag\u00e9s sur cet accident.\u00a0<\/p>\n<p>CE QUE L&rsquo;ON SAIT DU DRAME12:43<\/p>\n<p>La r\u00e9daction de TF1info fait le point \u00e0 la mi-journ\u00e9e sur l&rsquo;incendie mortel survenu \u00e0 Crans-Montana en Suisse qui a fait plusieurs dizaines de morts pr\u00e9sum\u00e9s et une centaine de bless\u00e9s.\u00a0<\/p>\n<p>Police, justice et faits divers<img decoding=\"async\" src=\"https:\/\/www.europesays.com\/fr\/wp-content\/uploads\/2026\/01\/suisse-crans-montana-1er-janvier-2025-2026-83fb14-0@1x.jpeg\" alt=\"&quot;L'une des pires trag\u00e9dies que notre pays ait connues&quot; : ce que l'on sait de l'incendie mortel \u00e0 Crans-Montana en Suisse\" loading=\"lazy\" importance=\"low\" fetchpriority=\"low\" class=\"\" aria-hidden=\"true\"\/><\/p>\n<p>Publi\u00e9 le 1 janvier 2026 \u00e0 19h02<\/p>\n<p>\u00ab\u00a0PROFONDE \u00c9MOTION\u00a0\u00bb12:31<\/p>\n<p>Dans un message post\u00e9 sur X, Emmanuel Macron a fait part de sa \u00ab\u00a0profonde \u00e9motion\u00a0\u00bb apr\u00e8s l&rsquo;incendie qui a touch\u00e9 la station suisse de Crans-Montana. \u00ab\u00a0Mes pens\u00e9es vont aux familles endeuill\u00e9es et aux bless\u00e9s\u00a0\u00bb, a-t-il \u00e9galement \u00e9crit.<\/p>\n<blockquote data-testid=\"EmbedTwitter\" id=\"tweet-2006688907279368266-:R1plt6j96cmj9v79m:\" class=\"jsx-aeff1a1c40f54d7a twitter-tweet flex justify-center items-center\"><p>Profonde \u00e9motion apr\u00e8s l\u2019incendie de Crans-Montana. Mes pens\u00e9es vont aux familles endeuill\u00e9es et aux bless\u00e9s. \u00c0 la Suisse, \u00e0 son peuple et \u00e0 ses autorit\u00e9s, j\u2019adresse la pleine solidarit\u00e9 de la France et notre soutien fraternel. \u2014 Emmanuel Macron (@EmmanuelMacron)  January 1, 2026<\/p><\/blockquote>\n<p>\u00ab\u00a0UNE PROFONDE TRISTESSE ET UNE GRANDE \u00c9MOTION\u00a0\u00bb12:05<\/p>\n<p>\u00ab\u00a0Chers visiteurs, amis et partenaires de Crans-Montana, C\u2019est avec une profonde tristesse et une grande \u00e9motion que nous faisons face au drame survenu dans notre destination, dans la nuit du 31 d\u00e9cembre au 1er janvier\u00a0\u00bb, peut-on lire sur la page Facebook de la station.<\/p>\n<p>\u00a0<\/p>\n<p>\u00ab\u00a0Toutes nos pens\u00e9es vont aux victimes et leurs familles et nous adressons nos remerciements \u00e0 toutes les personnes et services qui sont intervenus pour leur porter secours, et continuent de le faire\u00a0\u00bb, est-il \u00e9galement \u00e9crit.\u00a0<\/p>\n<p>Pour toutes les familles \u00e0 la recherche d\u2019informations, la Police cantonale a mis en place une ligne d\u00e9di\u00e9e : le 0 848 112 117. \u00a0Une cellule psychologique a par ailleurs \u00e9t\u00e9 ouverte \u00e0 l&rsquo;H\u00f4pital du Valais.<\/p>\n<p>CONDOL\u00c9ANCES11:13<\/p>\n<p>\u00ab\u00a0La France adresse ses condol\u00e9ances aux familles et aux proches des victimes de l&rsquo;incendie survenu le 1\u1d49\u02b3 janvier \u00e0 Crans-Montana. Elle adresse sa pleine solidarit\u00e9 et son soutien au peuple et aux autorit\u00e9s suisses\u00a0\u00bb, fait savoir le Quai d&rsquo;Orsay.<\/p>\n<p>DEUX FRAN\u00c7AIS PARMI LES BLESS\u00c9S11:11<\/p>\n<p>Deux Fran\u00e7ais figurent parmi les bless\u00e9s, annonce le Quai d&rsquo;Orsay. Ils ont \u00e9t\u00e9 imm\u00e9diatement pris en charge par les services de secours. \u00ab\u00a0Les \u00e9quipes consulaires du minist\u00e8re des Affaires \u00e9trang\u00e8res sont en contact permanent avec les autorit\u00e9s suisses dans le cas o\u00f9 d\u2019autres ressortissants seraient concern\u00e9s\u00a0\u00bb, pr\u00e9cise-t-il.\u00a0<\/p>\n<p>Voir plus<\/p>\n<p>INCENDIE EN MILIEU CLOS10:49<\/p>\n<p>Sur LCI, Bruno M\u00e9nard, secr\u00e9taire g\u00e9n\u00e9ral du syndicat des sapeurs-pompiers volontaires de France, rappelle les dangers d&rsquo;un feu en milieu ferm\u00e9.<\/p>\n<p>International<\/p>\n<p>VU SUR LCI<\/p>\n<p><img decoding=\"async\" src=\"https:\/\/www.europesays.com\/fr\/wp-content\/uploads\/2026\/01\/explosion-crans-montana-suisse-1-1-2026-c6831a-0@1x.jpeg\" alt=\"Incendie mortel en Suisse : en milieu clos, une catastrophe &quot;peut arriver en quelques minutes&quot;\" loading=\"lazy\" importance=\"low\" fetchpriority=\"low\" class=\"\" aria-hidden=\"true\"\/><\/p>\n<p>Publi\u00e9 le 1 janvier 2026 \u00e0 10h47<\/p>\n<p>FIN DE LA CONF\u00c9RENCE DE PRESSE10:44<\/p>\n<p>La conf\u00e9rence de presse est termin\u00e9e.<\/p>\n<p>IMPOSSIBLE DE DONNER UN BILAN D\u00c9FINITIF10:40<\/p>\n<p>Les autorit\u00e9s pr\u00e9cisent qu&rsquo;il est impossible de donner pour l&rsquo;instant le nombre d\u00e9finitif de morts. \u00a0Des identifications sont en cours. Ces identifications permettront \u00e9galement d&rsquo;obtenir la nationalit\u00e9 des victimes.\u00a0<\/p>\n<p>\u00ab\u00a0Des dizaines de personnes sont pr\u00e9sum\u00e9es d\u00e9c\u00e9d\u00e9es\u00a0\u00bb, r\u00e9p\u00e8tent les autorit\u00e9s sans pouvoir \u00eatre plus pr\u00e9cises \u00e0 ce stade.<\/p>\n<p>\u00ab\u00a0LA D\u00c9FLAGRATION EST LA CONS\u00c9QUENCE DE L&rsquo;INCENDIE\u00a0\u00bb10:38<\/p>\n<p>Les journalistes posent maintenant leurs questions aux intervenants. \u00ab\u00a0Ce qui me permet d&rsquo;exclure un attentat, c&rsquo;est qu&rsquo;il y a eu un embrasement g\u00e9n\u00e9ralis\u00e9\u00a0\u00bb, r\u00e9pond Beatrice Pilloud, procureure g\u00e9n\u00e9rale \u00e0 l&rsquo;une des questions.\u00a0<\/p>\n<p>\u00ab\u00a0La d\u00e9flagration\u00a0est la cons\u00e9quence de l&rsquo;incendie\u00a0\u00bb, soulignent les autorit\u00e9s, faisant \u00e9tat notamment de plusieurs t\u00e9moignages allant en ce sens.<\/p>\n<p>APPEL \u00c0 LA PRUDENCE10:35<\/p>\n<p>Mathias Reynard, \u00a0Pr\u00e9sident du Conseil d\u2019\u00c9tat, appelle la population \u00e0 la prudence suite \u00e0 ce drame. Les soins intensifs et le bloc op\u00e9ratoire de l&rsquo;h\u00f4pital du Valais sont complets. \u00ab\u00a0Nous avons des comp\u00e9tences qui sont surutilis\u00e9es dans nos h\u00f4pitaux. Ne rajoutons pas des catastrophes \u00e0 ce drame\u00a0\u00bb, a-t-il dit.\u00a0<\/p>\n<p>PLAN CATASTROPHE10:33<\/p>\n<p>10 h\u00e9licopt\u00e8res 40 ambulances et 150 intervenants sanitaires ont \u00e9t\u00e9 mobilis\u00e9s pour aider une centaine de patients, dont plusieurs graves, \u00e9vacu\u00e9s vers les h\u00f4pitaux, d\u00e9clare le Pr\u00e9sident du Conseil d\u2019\u00c9tat, Mathias Reynard.\u00a0<\/p>\n<p>La majorit\u00e9 des patients ont \u00e9t\u00e9 \u00e9vacu\u00e9s vers l&rsquo;h\u00f4pital du Valais qui a d\u00e9clench\u00e9 le plan catastrophe. \u00ab\u00a0Les soins intensifs et le bloc sont complets\u00a0\u00bb, indique Mathias Reynard.<\/p>\n<p>Une partie des bless\u00e9s a \u00e9t\u00e9 transf\u00e9r\u00e9e vers d&rsquo;autres h\u00f4pitaux.\u00a0<\/p>\n<p>\u00ab\u00a0UNE SC\u00c8NE DE CHAOS\u00a0\u00bb10:30<\/p>\n<p>\u00a0Le chef du D\u00e9partement de la s\u00e9curit\u00e9, des institutions et du sport, St\u00e9phane Ganzer annonce que \u00ab\u00a0l&rsquo;\u00e9tat de situation particuli\u00e8re a \u00e9t\u00e9 d\u00e9clar\u00e9\u00a0\u00bb. \u00ab\u00a0Cette disposition l\u00e9gale nous permet de coordonner diff\u00e9rents moyens(&#8230;) Nous sommes face \u00e0 un \u00e9v\u00e9nement qui va s&rsquo;inscrire dans la dur\u00e9e\u00a0\u00bb, fait-il savoir.<\/p>\n<p>\u00ab\u00a0Plusieurs centaines de personnes sont affect\u00e9es aux secours, aux soins, aux investigations&#8230;\u00a0\u00bbajoute-t-il.\u00a0<\/p>\n<p>Ce dernier pr\u00e9cise que plusieurs victimes sont issues de diff\u00e9rents pays, sans pr\u00e9ciser s&rsquo;il s&rsquo;agit de morts, de bless\u00e9s ou des deux.\u00a0<\/p>\n<p>Il d\u00e9crit \u00ab\u00a0une sc\u00e8ne de chaos\u00a0\u00bb sur laquelle les secours sont intervenus.\u00a0<\/p>\n<p>IL N&rsquo;EST \u00ab\u00a0AUCUNEMENT QUESTION D&rsquo;UN ATTENTAT\u00a0\u00bb10:27<\/p>\n<p>\u00ab\u00a0Nous privil\u00e9gions un incendie et il n&rsquo;est aucunement question d&rsquo;un attentat\u00a0\u00bb, insiste Beatrice Pilloud, procureure g\u00e9n\u00e9rale.\u00a0<\/p>\n<p>\u00ab\u00a0UNE CENTAINE DE BLESS\u00c9S\u00a0\u00bb ET \u00ab\u00a0PLUSIEURS DIZAINES PERSONNES PR\u00c9SUM\u00c9ES D\u00c9C\u00c9D\u00c9ES\u00a0\u00bb10:25<\/p>\n<p>Le commandant de la Police cantonale valaisanne Fr\u00e9d\u00e9ric Gisler fait savoir que les autorit\u00e9s d\u00e9plorent \u00ab\u00a0une centaine de bless\u00e9s, la plupart gri\u00e8vement, et plusieurs dizaines de personnes pr\u00e9sum\u00e9es d\u00e9c\u00e9d\u00e9es\u00a0\u00bb.\u00a0<\/p>\n<p>DE LA FUM\u00c9E VERS 1H3010:24<\/p>\n<p>Le commandant de la Police cantonale valaisanne Fr\u00e9d\u00e9ric Gisler indique que vers 1h30 du matin, de la fum\u00e9e a \u00e9t\u00e9 vue \u00e9manant d&rsquo;un bar tandis qu&rsquo;un t\u00e9moin appelait les secours.\u00a0<\/p>\n<p>Police, gendarme et pompiers sont arriv\u00e9s sur place. Un important dispositif a \u00e9t\u00e9 mis en place. \u00ab\u00a0Priorit\u00e9 a \u00e9t\u00e9 donn\u00e9e \u00e0 la prise en charge des victimes et \u00e0 leur acheminement vers les h\u00f4pitaux\u00a0\u00bb, souligne-t-il.\u00a0<\/p>\n<p>Des lieux d&rsquo;accueil ont \u00e9t\u00e9 ouverts ainsi qu&rsquo;un dispositif psychologique.<\/p>\n<p>UNE SOIR\u00c9E QUI A \u00ab\u00a0VIR\u00c9 AU CAUCHEMAR\u00a0\u00bb10:22<\/p>\n<p>Le Pr\u00e9sident du Conseil d\u2019\u00c9tat, Mathias Reynard est le premier \u00e0 prendre la parole. \u00ab\u00a0Le gouvernement exprime sa solidarit\u00e9 et ses condol\u00e9ances aux familles endeuill\u00e9es. Alors que cette soir\u00e9e aurait d\u00fb \u00eatre un moment de f\u00eate, elle a vir\u00e9 au cauchemar\u00a0\u00bb, commence-t-il.\u00a0<\/p>\n<p>Il \u00e9voque les \u00ab\u00a0nombreux morts et les nombreux bless\u00e9s\u00a0\u00bb.\u00a0<\/p>\n<p>D\u00c9BUT DE LA CONF\u00c9RENCE DE PRESSE10:19<\/p>\n<p>La conf\u00e9rence de presse en pr\u00e9sence du Pr\u00e9sident du Conseil d\u2019\u00c9tat, Mathias Reynard, du chef du D\u00e9partement de la s\u00e9curit\u00e9, des institutions et du sport, St\u00e9phane Ganzer, de la \u00a0Procureure g\u00e9n\u00e9rale, Beatrice Pilloud, et du Commandant de la Police cantonale valaisanne, M. Fr\u00e9d\u00e9ric Gisler vient de d\u00e9buter.<\/p>\n<p>UN BAR \u00c0 DEUX \u00c9TAGES10:05<\/p>\n<p>Le bar Le constellation o\u00f9 a eu lieu le drame est un \u00e9tablissement de deux \u00e9tages qui peut accueillir jusqu&rsquo;\u00e0 400 personnes.\u00a0<\/p>\n<p>GRANDS BR\u00dbL\u00c9S10:02<\/p>\n<p>Selon la cha\u00eene suisse RTS, les H\u00f4pitaux universitaires de Gen\u00e8ve ont envoy\u00e9 des m\u00e9dicaments au Centre hospitalier universitaire vaudois cette nuit, \u00ab\u00a0faute de stocks suffisants pour faire face \u00e0 l\u2019afflux de grands br\u00fbl\u00e9s\u00a0\u00bb.\u00a0<\/p>\n<p>LA POLICE SCIENTIFIQUE S&rsquo;EST RENDUE SUR PLACE09:48<\/p>\n<p>La police scientifique s&rsquo;est rendue sur place juste apr\u00e8s le drame. Des constatations et relev\u00e9s ont \u00e9t\u00e9 r\u00e9alis\u00e9s pour tenter de d\u00e9terminer notamment l&rsquo;origine du drame.\u00a0<\/p>\n<p><img decoding=\"async\" src=\"https:\/\/www.europesays.com\/fr\/wp-content\/uploads\/2026\/01\/les-forces-de-l-ordre-etaient-toujours-sur-place-ce-jeudi-matin-28a60a-0@1x.jpeg\" alt=\"Les forces de l'ordre \u00e9taient toujours sur place ce jeudi matin.  - AFP\" loading=\"lazy\" importance=\"low\" fetchpriority=\"low\" class=\"\"\/>Les forces de l&rsquo;ordre \u00e9taient toujours sur place ce jeudi matin.  &#8211; AFPFEUX D&rsquo;ARTIFICE INTERDITS09:45<\/p>\n<p>Dans un communiqu\u00e9 publi\u00e9 le 29 d\u00e9cembre, la ville de Crans-Montana annon\u00e7ait interdire les feux d&rsquo;artifice en raison du risque d&rsquo;incendie.\u00a0<\/p>\n<p>\u00ab\u00a0Le risque d\u2019incendie est aujourd\u2019hui tr\u00e8s \u00e9lev\u00e9 en raison de l\u2019absence de pr\u00e9cipitations depuis plus d\u2019un mois. Face \u00e0 cette situation, les communes de Crans-Montana, Icogne et Lens ont d\u00e9cid\u00e9 d\u2019interdire imm\u00e9diatement tout feu d\u2019artifice, y compris le soir de la Saint-Sylvestre (hormis ceux autoris\u00e9s par la Police cantonale)\u00a0\u00bb, indiquait la commune.<\/p>\n<p>\u00ab\u00a0Tout contrevenant engage sa responsabilit\u00e9 personnelle. En cas de d\u00e9part de feu, les auteurs devront assumer les dommages caus\u00e9s\u00a0\u00bb, ajoutait-elle.\u00a0<\/p>\n<p>L&rsquo;origine du sinistre survenu dans le bar Le Constellation est pour l&rsquo;heure inconnue.\u00a0<\/p>\n<p>P\u00c9RIM\u00c8TRE DE S\u00c9CURIT\u00c909:39<\/p>\n<p>Un p\u00e9rim\u00e8tre de s\u00e9curit\u00e9 est en place depuis le drame.\u00a0<\/p>\n<p><img decoding=\"async\" src=\"https:\/\/www.europesays.com\/fr\/wp-content\/uploads\/2026\/01\/un-bar-de-crans-montana-a-ete-ravage-par-les-flammes-la-nuit-derniere-574b66-0@1x.jpeg\" alt=\"Un bar de Crans-Montana a \u00e9t\u00e9 ravag\u00e9 par les flammes la nuit derni\u00e8re. Plusieurs personnes sont mortes et d'autres sont bless\u00e9es. - AFP\" loading=\"lazy\" importance=\"low\" fetchpriority=\"low\" class=\"\"\/>Un bar de Crans-Montana a \u00e9t\u00e9 ravag\u00e9 par les flammes la nuit derni\u00e8re. Plusieurs personnes sont mortes et d&rsquo;autres sont bless\u00e9es. &#8211; AFPCONF\u00c9RENCE DE PRESSE09:35<\/p>\n<p>Une conf\u00e9rence de presse est pr\u00e9vue \u00e0 10h en pr\u00e9sence du Pr\u00e9sident du Conseil d\u2019\u00c9tat, Mathias Reynard, du chef du D\u00e9partement de la s\u00e9curit\u00e9, des institutions et du sport, St\u00e9phane Ganzer, de la \u00a0Procureure g\u00e9n\u00e9rale, Beatrice Pilloud, et du Commandant de la Police cantonale valaisanne, M. Fr\u00e9d\u00e9ric Gisler.\u00a0<\/p>\n<p>PLUSIEURS CENTAINES DE PERSONNES DANS L&rsquo;\u00c9TABLISSEMENT09:26<\/p>\n<p>Selon la police locale, plusieurs centaines de personnes se trouvaient dans l&rsquo;\u00e9tablissement au moment du sinistre. Le Bar Le constellation peut accueillir jusqu&rsquo;\u00e0 400 personnes. Il est tr\u00e8s fr\u00e9quent\u00e9 par les Suisses mais aussi par les touristes. On ignore pour l&rsquo;instant si des Fran\u00e7ais \u00e9taient pr\u00e9sents \u00e0 cette soir\u00e9e du 31.<\/p>\n<p>NUM\u00c9RO D&rsquo;URGENCE POUR LES FAMILLES09:24<\/p>\n<p>La police a mis en place un num\u00e9ro d&rsquo;urgence pour les familles des victimes: le 0848 112 117.<\/p>\n<p>\u00ab\u00a0UN BILAN QUI RISQUE D&rsquo;\u00caTRE CATASTROPHIQUE\u00a0\u00bb09:17<\/p>\n<p>Pr\u00e9sente \u00e0 une vingtaine de m\u00e8tres de l&rsquo;\u00e9tablissement, Flore Dussey, journaliste pour la RTS, t\u00e9moigne d&rsquo;un bilan qui \u00ab\u00a0risque d&rsquo;\u00eatre catastrophique\u00a0\u00bb. Dans l&rsquo;attente d&rsquo;un bilan officiel, \u00ab\u00a0on peut s&rsquo;attendre \u00e0 un bilan de plusieurs dizaines de morts (&#8230;) et des dizaines et des dizaines de bless\u00e9s graves \u00ab\u00a0, estime la journaliste sur LCI.\u00a0<\/p>\n<p>IL Y AURAIT EU UNE EXPLOSION 09:14<\/p>\n<p>Une ou plusieurs explosions aurai(en)t eu lieu dans le bar Le Conf\u00e9rence avant que les flammes ne ravagent l&rsquo;\u00e9tablissement, faisant plusieurs victimes.\u00a0<\/p>\n<p>Les secours sont toujours sur place ce matin.<\/p>\n<p><img decoding=\"async\" src=\"https:\/\/www.europesays.com\/fr\/wp-content\/uploads\/2026\/01\/suisse-crans-montana-1er-janvier-2025-dc358e-0@1x.jpeg\" alt=\"AFP\" loading=\"lazy\" importance=\"low\" fetchpriority=\"low\" class=\"\"\/>AFPINCENDIE D&rsquo;ORIGINE INDETERMIN\u00c9E09:11<\/p>\n<p>L&rsquo;incendie d\u2019origine ind\u00e9termin\u00e9e s\u2019est produit dans le bar \u00ab\u00a0Le Constellation\u00a0\u00bb \u00e0 Crans-Montana, \u00a0station de ski du canton du Valais, vers 1h30.\u00a0<\/p>\n<p>D\u2019importantes forces de police, de pompiers et de secours se sont imm\u00e9diatement rendues sur place afin de porter secours aux nombreuses victimes.\u00a0<\/p>\n<p>Plusieurs personnes ont en effet perdu la vie et d\u2019autres ont \u00e9t\u00e9 bless\u00e9es, a annonc\u00e9 la police locale ce matin.\u00a0<\/p>\n<p>L\u2019intervention est toujours en cours. Le secteur est totalement interdit d\u2019acc\u00e8s. Une interdiction de survol de Crans-Montana a \u00e9t\u00e9 prononc\u00e9e.\u00a0<\/p>\n<p>CE QUE L&rsquo;ON SAIT09:07<\/p>\n<p>Voici les premiers \u00e9l\u00e9ments apr\u00e8s l&rsquo;explosion qui a touch\u00e9 le bar \u00ab\u00a0La Constellation\u00a0\u00bb dans la station de ski de Crans-Montana, dans le canton du Valais en Suisse, tr\u00e8s fr\u00e9quent\u00e9 par les touristes.<\/p>\n<p>Suisse: une explosion fait plusieurs morts dans la station de ski de Crans-MontanaSource : TF1 Info<\/p>\n<p><img decoding=\"async\" src=\"https:\/\/www.europesays.com\/fr\/wp-content\/uploads\/2026\/01\/suisse-une-explosion-fait-plusieurs-morts-dans-la-station-de-ski-de-crans-montana-1-16c49e-0@1x.jpeg\" alt=\"Suisse: une explosion fait plusieurs morts dans la station de ski de Crans-Montana\" loading=\"lazy\" importance=\"low\" fetchpriority=\"low\" class=\"\"\/><img decoding=\"async\" src=\"https:\/\/www.tf1info.fr\/images\/icons\/player-logo-play.svg\" alt=\"Logo lecture\" class=\"jsx-d0de44c05fe3042c PlayerLazyload__Play\"\/>BONJOUR09:04<\/p>\n<p>Bienvenue dans ce direct consacr\u00e9 \u00e0 l&rsquo;explosion qui a touch\u00e9 un bar dans la station de ski de Crans-Montana, peu apr\u00e8s le passage \u00e0 la nouvelle ann\u00e9e. Plusieurs personnes sont mortes, d&rsquo;autres ont \u00e9t\u00e9 bless\u00e9es.\u00a0<\/p>\n<p data-module=\"article-paragraph\" class=\"jsx-157965717 Paragraph\">Une explosion dans un bar a fait plusieurs morts et bless\u00e9s \u00e0 Crans-Montana, une station de ski du canton de Valais, en Suisse, a annonc\u00e9 jeudi la police.<\/p>\n<p data-module=\"article-paragraph\" class=\"jsx-157965717 Paragraph Paragraph__End\">\u00ab\u00a0Il y a eu une explosion d&rsquo;origine inconnue\u00a0\u00bb, a d\u00e9clar\u00e9 \u00e0 l&rsquo;AFP le porte-parole de la police cantonale, Ga\u00ebtan Lathon. \u00ab\u00a0Il y a plusieurs bless\u00e9s et plusieurs morts\u00a0\u00bb, a-t-il ajout\u00e9.<\/p>\n<p>Plusieurs centaines de personnes \u00e9taient pr\u00e9sentes<\/p>\n<p data-module=\"article-paragraph\" class=\"jsx-157965717 Paragraph\">Selon nos informations, l&rsquo;explosion a eu lieu \u00e0 1h30 du matin dans le bar-discoth\u00e8que Le Constellation tr\u00e8s fr\u00e9quent\u00e9 par les Suisses mais aussi par les touristes. La police pr\u00e9cise \u00e0 TF1info que \u00ab\u00a0plusieurs centaines de personnes se trouvaient \u00e0 l&rsquo;int\u00e9rieur de l&rsquo;\u00e9tablissement au moment de l&rsquo;explosion\u00a0\u00bb.\u00a0<\/p>\n<p data-module=\"article-paragraph\" class=\"jsx-157965717 Paragraph\">Un t\u00e9moin contact\u00e9 par notre r\u00e9daction est encore sous le choc plusieurs heures apr\u00e8s les faits. Cet homme habite au dernier \u00e9tage de l&rsquo;immeuble o\u00f9 se situe l&rsquo;\u00e9tablissement de nuit. Selon lui, sa femme a entendu un gros bruit vers 1h30 du matin et l&rsquo;a r\u00e9veill\u00e9. Une \u00e9paisse fum\u00e9e noire a commenc\u00e9 \u00e0 envahir le couloir de leur \u00e9tage.\u00a0<\/p>\n<p data-module=\"article-paragraph\" class=\"jsx-157965717 Paragraph Paragraph__End\">Les pompiers leur ont dit dans un premier temps qu&rsquo;ils \u00e9taient en s\u00e9curit\u00e9 sur leur balcon, mais ils ont finalement \u00e9t\u00e9 \u00e9vacu\u00e9s \u00e0 travers la fum\u00e9e. Leurs voisins, des jeunes, ont escalad\u00e9 les balcons pour se r\u00e9fugier dans l&rsquo;immeuble adjacent. \u00a0<\/p>\n<p>Un num\u00e9ro d&rsquo;urgence pour les familles des victimes<\/p>\n<p data-module=\"article-paragraph\" class=\"jsx-157965717 Paragraph\">Aucun bilan provisoire n&rsquo;est donn\u00e9 pour le moment par les autorit\u00e9s. Le feu est d\u00e9sormais ma\u00eetris\u00e9. La police est toujours aux abords de l&rsquo;\u00e9tablissement o\u00f9 un p\u00e9rim\u00e8tre de s\u00e9curit\u00e9 a \u00e9t\u00e9 mis en place.\u00a0<\/p>\n<p data-module=\"article-paragraph\" class=\"jsx-157965717 Paragraph\">Une enqu\u00eate a \u00e9t\u00e9 ouverte. \u00a0L&rsquo;origine du sinistre demeure inconnue ce matin.\u00a0<\/p>\n<p data-module=\"article-paragraph\" class=\"jsx-157965717 Paragraph Paragraph__End\"><strong>La police a mis en place un num\u00e9ro d&rsquo;urgence pour les familles des victimes: le 0848 112 117.\u00a0<\/strong><\/p>\n<p>La r\u00e9daction de TF1info avec AFP<\/p>\n<p>Sur le <br \/><strong> m\u00eame th\u00e8me<\/strong><\/p>\n<p><a href=\"https:\/\/www.tf1info.fr\/actualite\/suisse-drame-a-crans-montana-plusieurs-morts-dans-l-incendie-d-un-bar-le-soir-du-nouvel-an-2025-14466\/\" rel=\"noopener\" class=\"jsx-484472199 Link jsx-1428418400 jsx-554215408\" target=\"_blank\"><\/p>\n<p>InternationalDrame \u00e0 Crans-Montana : des dizaines de morts dans l&rsquo;incendie d&rsquo;un bar le soir du Nouvel An<\/p>\n<p><\/a>Voir plus\u00a0&#8211; Afficher tout<\/p>\n<p>Tout <br \/><strong> TF1 Info<\/strong><\/p>\n<p>Les + lusDerni\u00e8re minuteTendanceDerni\u00e8res vid\u00e9os<\/p>\n<ol class=\"jsx-95874d8574924d6f jsx-313948521 AllNews__List AllNews__List--visible\">\n<li data-testid=\"AllNewsItem\" class=\"jsx-2e8fe6ce4c477ce7 AllNewsItem \"\/>\n<li data-testid=\"AllNewsItem\" class=\"jsx-2e8fe6ce4c477ce7 AllNewsItem \"\/>\n<li data-testid=\"AllNewsItem\" class=\"jsx-2e8fe6ce4c477ce7 AllNewsItem \"\/>\n<li data-testid=\"AllNewsItem\" class=\"jsx-2e8fe6ce4c477ce7 AllNewsItem \"\/>\n<li data-testid=\"AllNewsItem\" class=\"jsx-2e8fe6ce4c477ce7 AllNewsItem \"\/>\n<li data-testid=\"AllNewsItem\" class=\"jsx-2e8fe6ce4c477ce7 AllNewsItem AllNewsItem__Hidden\"\/>\n<li data-testid=\"AllNewsItem\" class=\"jsx-2e8fe6ce4c477ce7 AllNewsItem AllNewsItem__Hidden\"\/>\n<li data-testid=\"AllNewsItem\" class=\"jsx-2e8fe6ce4c477ce7 AllNewsItem AllNewsItem__Hidden\"\/>\n<li data-testid=\"AllNewsItem\" class=\"jsx-2e8fe6ce4c477ce7 AllNewsItem AllNewsItem__Hidden\"\/>\n<li data-testid=\"AllNewsItem\" class=\"jsx-2e8fe6ce4c477ce7 AllNewsItem AllNewsItem__Hidden\"\/>Voir plus d&rsquo;actualit\u00e9s\u00a0&#8211; Afficher tout<\/ol>\n<ol class=\"jsx-95874d8574924d6f jsx-313948521 AllNews__List\">\n<li data-testid=\"AllNewsItem\" class=\"jsx-2e8fe6ce4c477ce7 AllNewsItem \"\/>\n<li data-testid=\"AllNewsItem\" class=\"jsx-2e8fe6ce4c477ce7 AllNewsItem \"\/>\n<li data-testid=\"AllNewsItem\" class=\"jsx-2e8fe6ce4c477ce7 AllNewsItem \"\/>\n<li data-testid=\"AllNewsItem\" class=\"jsx-2e8fe6ce4c477ce7 AllNewsItem \"\/>\n<li data-testid=\"AllNewsItem\" class=\"jsx-2e8fe6ce4c477ce7 AllNewsItem \"\/>\n<li data-testid=\"AllNewsItem\" class=\"jsx-2e8fe6ce4c477ce7 AllNewsItem AllNewsItem__Hidden\"\/>\n<li data-testid=\"AllNewsItem\" class=\"jsx-2e8fe6ce4c477ce7 AllNewsItem AllNewsItem__Hidden\"\/>\n<li data-testid=\"AllNewsItem\" class=\"jsx-2e8fe6ce4c477ce7 AllNewsItem AllNewsItem__Hidden\"\/>\n<li data-testid=\"AllNewsItem\" class=\"jsx-2e8fe6ce4c477ce7 AllNewsItem AllNewsItem__Hidden\"\/>\n<li data-testid=\"AllNewsItem\" class=\"jsx-2e8fe6ce4c477ce7 AllNewsItem AllNewsItem__Hidden\"\/>Voir plus d&rsquo;actualit\u00e9s\u00a0&#8211; Afficher tout<\/ol>\n<ol class=\"jsx-95874d8574924d6f jsx-313948521 AllNews__List\">\n<li data-testid=\"AllNewsItem\" class=\"jsx-2e8fe6ce4c477ce7 AllNewsItem \"\/>\n<li data-testid=\"AllNewsItem\" class=\"jsx-2e8fe6ce4c477ce7 AllNewsItem \"\/>\n<li data-testid=\"AllNewsItem\" class=\"jsx-2e8fe6ce4c477ce7 AllNewsItem \"\/>\n<li data-testid=\"AllNewsItem\" class=\"jsx-2e8fe6ce4c477ce7 AllNewsItem \"\/>\n<li data-testid=\"AllNewsItem\" class=\"jsx-2e8fe6ce4c477ce7 AllNewsItem \"\/>\n<li data-testid=\"AllNewsItem\" class=\"jsx-2e8fe6ce4c477ce7 AllNewsItem AllNewsItem__Hidden\"\/>\n<li data-testid=\"AllNewsItem\" class=\"jsx-2e8fe6ce4c477ce7 AllNewsItem AllNewsItem__Hidden\"\/>\n<li data-testid=\"AllNewsItem\" class=\"jsx-2e8fe6ce4c477ce7 AllNewsItem AllNewsItem__Hidden\"\/>\n<li data-testid=\"AllNewsItem\" class=\"jsx-2e8fe6ce4c477ce7 AllNewsItem AllNewsItem__Hidden\"\/>\n<li data-testid=\"AllNewsItem\" class=\"jsx-2e8fe6ce4c477ce7 AllNewsItem AllNewsItem__Hidden\"\/>Voir plus d&rsquo;actualit\u00e9s\u00a0&#8211; Afficher tout<\/ol>\n<ol class=\"jsx-95874d8574924d6f jsx-313948521 AllNews__List\">\n<li data-testid=\"AllNewsItem\" class=\"jsx-2e8fe6ce4c477ce7 AllNewsItem \"\/>\n<li data-testid=\"AllNewsItem\" class=\"jsx-2e8fe6ce4c477ce7 AllNewsItem \"\/>\n<li data-testid=\"AllNewsItem\" class=\"jsx-2e8fe6ce4c477ce7 AllNewsItem \"\/>\n<li data-testid=\"AllNewsItem\" class=\"jsx-2e8fe6ce4c477ce7 AllNewsItem \"\/>\n<li data-testid=\"AllNewsItem\" class=\"jsx-2e8fe6ce4c477ce7 AllNewsItem \"\/>\n<li data-testid=\"AllNewsItem\" class=\"jsx-2e8fe6ce4c477ce7 AllNewsItem AllNewsItem__Hidden\"\/>\n<li data-testid=\"AllNewsItem\" class=\"jsx-2e8fe6ce4c477ce7 AllNewsItem AllNewsItem__Hidden\"\/>\n<li data-testid=\"AllNewsItem\" class=\"jsx-2e8fe6ce4c477ce7 AllNewsItem AllNewsItem__Hidden\"\/>\n<li data-testid=\"AllNewsItem\" class=\"jsx-2e8fe6ce4c477ce7 AllNewsItem AllNewsItem__Hidden\"\/>\n<li data-testid=\"AllNewsItem\" class=\"jsx-2e8fe6ce4c477ce7 AllNewsItem AllNewsItem__Hidden\"\/>Voir plus d&rsquo;actualit\u00e9s\u00a0&#8211; Afficher tout<\/ol>\n<ol class=\"jsx-3116133996 Breadcrumb__Wrapper\">\n<li class=\"jsx-3116133996 Breadcrumb__Element\"><a href=\"https:\/\/www.tf1info.fr\/\" rel=\"noopener\" class=\"jsx-484472199 Link\" target=\"_blank\">Accueil<\/a><\/li>\n<li class=\"jsx-3116133996 Breadcrumb__Element\">&#8211;<a href=\"https:\/\/www.tf1info.fr\/international\/\" rel=\"noopener\" class=\"jsx-484472199 Link\" target=\"_blank\">International<\/a><\/li>\n<li class=\"jsx-3116133996 Breadcrumb__Element\">-EN DIRECT &#8211; Incendie \u00e0 Crans-Montana : dix bless\u00e9s pris en charge en France, pr\u00e9cise la ministre de la Sant\u00e9<\/li>\n<\/ol>\n<p><script async src=\"https:\/\/platform.twitter.com\/widgets.js\" charset=\"utf-8\"><\/script><\/p>\n","protected":false},"excerpt":{"rendered":"Une dizaines de lits sp\u00e9cialis\u00e9s en prise en charge des br\u00fbl\u00e9s ont \u00e9t\u00e9 ouverts en France pour accueillir&hellip;\n","protected":false},"author":2,"featured_media":637200,"comment_status":"","ping_status":"","sticky":false,"template":"","format":"standard","meta":{"footnotes":""},"categories":[4],"tags":[1111,11,1921,74439,1011,27,1310,1922,12,25,133,1920],"class_list":{"0":"post-637199","1":"post","2":"type-post","3":"status-publish","4":"format-standard","5":"has-post-thumbnail","7":"category-france","8":"tag-actu","9":"tag-actualites","10":"tag-article-video","11":"tag-drame-a-crans-montana-des-dizaines-de-morts-dans-lincendie-dun-bar-le-soir-du-nouvel-an","12":"tag-fr","13":"tag-france","14":"tag-incendie","15":"tag-info","16":"tag-news","17":"tag-republique-francaise","18":"tag-video","19":"tag-video-international"},"share_on_mastodon":{"url":"https:\/\/pubeurope.com\/@fr\/115828141062116605","error":""},"_links":{"self":[{"href":"https:\/\/www.europesays.com\/fr\/wp-json\/wp\/v2\/posts\/637199","targetHints":{"allow":["GET"]}}],"collection":[{"href":"https:\/\/www.europesays.com\/fr\/wp-json\/wp\/v2\/posts"}],"about":[{"href":"https:\/\/www.europesays.com\/fr\/wp-json\/wp\/v2\/types\/post"}],"author":[{"embeddable":true,"href":"https:\/\/www.europesays.com\/fr\/wp-json\/wp\/v2\/users\/2"}],"replies":[{"embeddable":true,"href":"https:\/\/www.europesays.com\/fr\/wp-json\/wp\/v2\/comments?post=637199"}],"version-history":[{"count":0,"href":"https:\/\/www.europesays.com\/fr\/wp-json\/wp\/v2\/posts\/637199\/revisions"}],"wp:featuredmedia":[{"embeddable":true,"href":"https:\/\/www.europesays.com\/fr\/wp-json\/wp\/v2\/media\/637200"}],"wp:attachment":[{"href":"https:\/\/www.europesays.com\/fr\/wp-json\/wp\/v2\/media?parent=637199"}],"wp:term":[{"taxonomy":"category","embeddable":true,"href":"https:\/\/www.europesays.com\/fr\/wp-json\/wp\/v2\/categories?post=637199"},{"taxonomy":"post_tag","embeddable":true,"href":"https:\/\/www.europesays.com\/fr\/wp-json\/wp\/v2\/tags?post=637199"}],"curies":[{"name":"wp","href":"https:\/\/api.w.org\/{rel}","templated":true}]}}