{"id":637203,"date":"2026-01-02T23:41:09","date_gmt":"2026-01-02T23:41:09","guid":{"rendered":"https:\/\/www.europesays.com\/fr\/637203\/"},"modified":"2026-01-02T23:41:09","modified_gmt":"2026-01-02T23:41:09","slug":"tennis-kyrgios-partant-pour-accorder-une-revanche-a-sabalenka-apres-sa-victoire-a-la-bataille-des-sexes-le-figaro","status":"publish","type":"post","link":"https:\/\/www.europesays.com\/fr\/637203\/","title":{"rendered":"Tennis : Kyrgios \u00abpartant\u00bb pour accorder une revanche \u00e0 Sabalenka apr\u00e8s sa victoire \u00e0 la \u00abBataille des Sexes\u00bb &#8211; Le Figaro"},"content":{"rendered":"<ol>\n<li><a href=\"https:\/\/news.google.com\/rss\/articles\/CBMi5AFBVV95cUxON1kwck9WRTBia3J1ZjIxZWhIVlkyN2xGcENxZ0NVSmIyZUVxVnFIRHVZZFJlR25Wc19MYi0wOV9iMzRRVFg1ck03aFl4Qm9OUkdmd2JIamtvbkRDNl9sS212OG1tZmotVktfZzVVV1ZZbUlwNTRQTUQyRzVmS3F4bjBlTllCV0dKTmxHQjNXTG8yNFc2ZDZ5dVdnVGdzb2Fsb0dxN1VRQ3hBZnFyZldzQ3dhUEVpX1JfUVZUTW1nS2ZVcmQwckl4R19vU3h0djgwWW13dGtXQ3B5Y2pyQTR2ODd4UDk?oc=5\" target=\"_blank\" rel=\"noopener\">Tennis : Kyrgios \u00abpartant\u00bb pour accorder une revanche \u00e0 Sabalenka apr\u00e8s sa victoire \u00e0 la \u00abBataille des Sexes\u00bb<\/a>&nbsp;&nbsp;Le Figaro<\/li>\n<li><a href=\"https:\/\/news.google.com\/rss\/articles\/CBMixgFBVV95cUxPTEhOeFZFb3Rzb0RMd2I2enZERFo4V0Y3alNzWHY3bDVidjRXOXBPRHE5c0xCejRSaXhZMGpXSW55cjhxRUl1bjJ6Wm1KNzJkMkdHMHpfM2tsQ1FjQkZIdnpBRUkzSnV4UDJ2cTVaSHNVMGlfWTF5a00tUHJzdi1RQ0RQVlAwX19QbEY5dTNZQ2h6M2VHMjk2M0NnNldiQmwzZXFRaTZNN0plc2NKMXM1dmJtQWNOU3BPRWJqY3g4ZFhQY184SHc?oc=5\" target=\"_blank\" rel=\"noopener\">La bataille des sexes entre Sabalenka et Kyrgios a tourn\u00e9 \u00e0 la \u00ab farce \u00bb<\/a>&nbsp;&nbsp;20 Minutes<\/li>\n<li><a href=\"https:\/\/news.google.com\/rss\/articles\/CBMixwFBVV95cUxNbTVwQ2labHV4UE02bUFkaVJTZm1pMzBVZUZhaFNoSXNKSUNoMWtJb284SHM1ZHlnNmRsRDdRZGhIakRPWFRLS095RjdERTh0dm1DaFNfUGEwQ2tHcXpZNWJlU1RpcmZ4ckxMVl9aTW5USFA2YXRmQnFHTjdnNUhkOWhTbmwwS0VlVlpVYVVhdU5SN3JGVWc1X3J6N2hxY05FaGE1dUgtampUV3VYQlJ0LVNBRFhEX2pwMHBVYTktZlh0RU5kaXJj0gHGAUFVX3lxTE8wc3pELWJQenpvQkY0YmFpT3VBbFNLZlAyTXZGdFh1ZExuaDJRUXRieTJWSnVvdF9iUFlPQ3g3VTZHbDlXQ2M1U2o2aWtxTkVNdUFaUTRRS05rMGRvTmVtTWhPa1JGODktaTV3QzZZWTVZclBwaTJtUUNMSnJYNm54M2NzSmVjcDFKQ25pMG1jTnlQS0FJZW83WGwwRV9fMlMteHNEamNnOHdXYTFEUkRKNFdEalItbEZidDhwSUs2RUJrY2w1Zw?oc=5\" target=\"_blank\" rel=\"noopener\">WTA : Sabalenka confirme vouloir une revanche face \u00e0 Kyrgios : Sports &#8211; Orange<\/a>&nbsp;&nbsp;Sports &#8211; Orange<\/li>\n<li><a href=\"https:\/\/news.google.com\/rss\/articles\/CBMigwJBVV95cUxPcUJ0cjNkcGVRc1FCcnBRMm1LRWxOc25QZV96M2h2ZkJvNllJSk90NFhDWXY4TXU1WmhSaEZ2bVU0R0QxbjdBQkFsMzdVMVJWVTJvYThOWW5hM0xHb3Fxc3hOYkRaOTJ5ZjJMdmNOZkczTGVmR2xnUHloNF80ZHVYT1AxQTVFcGpjVmxvX1VuRVZBWUE2NWZKcy1ob3BhOGtrT3hkY1VvM2hibTVGMEpRWG5UR19qN1EyekVVNlRZNnpiNkxjdkZJMXVpbFo3UFk2NG55c0g5NVNoVVFlMFVKQTFNV0x2Y3czM0FWZ0puUXNxRkVXc29VWkdFQkJ3YnRvVzJV?oc=5\" target=\"_blank\" rel=\"noopener\">Tennis : Aryna Sabalenka veut une revanche contre Nick Kyrgios apr\u00e8s sa d\u00e9faite dans la \u00ab\u00a0Bataille des sexes\u00a0\u00bb<\/a>&nbsp;&nbsp;Franceinfo<\/li>\n<li><a href=\"https:\/\/news.google.com\/rss\/articles\/CBMimAFBVV95cUxOQ2RvTG5MbjlybUlHS3cwZHAzemhMYUYwX3ZVN19nVU9xcGdoM3lOZFdWNGE2UXZOUjFEMnNrcktwQ1ZUdzJ4Rl95ZmlteXVQak4tWVlsVnhKVTZ2SHZJQWZyUTAwVzZRRDdhaEJUeTFaWUNtcU9FQ1V2SXRNZC1MTEFJWXNYTVFlWFBzVlFkcDBMeTdLRTM0RQ?oc=5\" target=\"_blank\" rel=\"noopener\">Aryna Sabalenka, la d\u00e9cision \u00ab insultante \u00bb<\/a>&nbsp;&nbsp;Sports.fr<\/li>\n<\/ol>\n","protected":false},"excerpt":{"rendered":"Tennis : Kyrgios \u00abpartant\u00bb pour accorder une revanche \u00e0 Sabalenka apr\u00e8s sa victoire \u00e0 la \u00abBataille des Sexes\u00bb&nbsp;&nbsp;Le&hellip;\n","protected":false},"author":2,"featured_media":395849,"comment_status":"","ping_status":"","sticky":false,"template":"","format":"standard","meta":{"footnotes":""},"categories":[1415],"tags":[1011,27,60,1467],"class_list":{"0":"post-637203","1":"post","2":"type-post","3":"status-publish","4":"format-standard","5":"has-post-thumbnail","7":"category-tennis","8":"tag-fr","9":"tag-france","10":"tag-sports","11":"tag-tennis"},"share_on_mastodon":{"url":"https:\/\/pubeurope.com\/@fr\/115828154857881026","error":""},"_links":{"self":[{"href":"https:\/\/www.europesays.com\/fr\/wp-json\/wp\/v2\/posts\/637203","targetHints":{"allow":["GET"]}}],"collection":[{"href":"https:\/\/www.europesays.com\/fr\/wp-json\/wp\/v2\/posts"}],"about":[{"href":"https:\/\/www.europesays.com\/fr\/wp-json\/wp\/v2\/types\/post"}],"author":[{"embeddable":true,"href":"https:\/\/www.europesays.com\/fr\/wp-json\/wp\/v2\/users\/2"}],"replies":[{"embeddable":true,"href":"https:\/\/www.europesays.com\/fr\/wp-json\/wp\/v2\/comments?post=637203"}],"version-history":[{"count":0,"href":"https:\/\/www.europesays.com\/fr\/wp-json\/wp\/v2\/posts\/637203\/revisions"}],"wp:featuredmedia":[{"embeddable":true,"href":"https:\/\/www.europesays.com\/fr\/wp-json\/wp\/v2\/media\/395849"}],"wp:attachment":[{"href":"https:\/\/www.europesays.com\/fr\/wp-json\/wp\/v2\/media?parent=637203"}],"wp:term":[{"taxonomy":"category","embeddable":true,"href":"https:\/\/www.europesays.com\/fr\/wp-json\/wp\/v2\/categories?post=637203"},{"taxonomy":"post_tag","embeddable":true,"href":"https:\/\/www.europesays.com\/fr\/wp-json\/wp\/v2\/tags?post=637203"}],"curies":[{"name":"wp","href":"https:\/\/api.w.org\/{rel}","templated":true}]}}