{"id":637204,"date":"2026-01-02T23:45:10","date_gmt":"2026-01-02T23:45:10","guid":{"rendered":"https:\/\/www.europesays.com\/fr\/637204\/"},"modified":"2026-01-02T23:45:10","modified_gmt":"2026-01-02T23:45:10","slug":"cyclo-cross-saison-terminee-van-aert-se-fera-operer-sports","status":"publish","type":"post","link":"https:\/\/www.europesays.com\/fr\/637204\/","title":{"rendered":"Cyclo-cross : Saison termin\u00e9e, van Aert se fera op\u00e9rer : Sports"},"content":{"rendered":"<p class=\"date\">\n                                                            Thibaut Simon, Media365 : publi\u00e9 le vendredi 02 janvier 2026 \u00e0 22h40\n                                                    <\/p>\n<p>Ce vendredi 2 janvier lors du Zilvermeercross \u00e0 Mol, Wout van Aert est tomb\u00e9. Le verdict est plus grave que pr\u00e9vu avec une op\u00e9ration \u00e0 la cl\u00e9.<\/p>\n<p>\u00ab La cheville est encore tr\u00e8s gonfl\u00e9e, il reste donc \u00e0 voir ce que nous pouvons investiguer. \u00bb Les paroles du directeur sportif de la Visma Lease a Bike ne laissaient rien pr\u00e9sager de bon. Sur le parcours enneig\u00e9 du Zilvermeercross, Wout van Aert est parti \u00e0 la faute. Touch\u00e9 \u00e0 la cheville, <a href=\"https:\/\/sports.orange.fr\/cyclisme\/article\/cyclo-cross-mol-h-van-der-poel-l-emporte-encore-van-aert-chute-CNT000002mshol.html\" target=\"_blank\" rel=\"noopener\">le Belge a vu Mathieu Van der Poel l&#8217;emporter<\/a> avant d&rsquo;\u00eatre transport\u00e9 \u00e0 l&rsquo;h\u00f4pital. \u00ab Mentalement, Wout va bien en tout cas, mais nous devons attendre de voir ce que les tests vont donner. Il s&rsquo;est \u00e9videmment rendu compte que ce n&rsquo;\u00e9tait pas l&rsquo;id\u00e9al, mais pour le reste, il va bien \u00bb, a par la suite ajout\u00e9 le directeur de la Visma, Jan Boven. Quelques heures plus tard, le verdict est tomb\u00e9 avec une mauvaise nouvelle. Van Aert doit mettre un terme \u00e0 sa saison de cyclo-cross et doit \u00e9galement se faire op\u00e9rer en raison d&rsquo;une fracture d\u00e9tect\u00e9e.<\/p>\n<p>Une op\u00e9ration \u00e0 venir pour van Aert<\/p>\n<p>L&rsquo;inqui\u00e9tude \u00e9tait grande pour le triple champion du monde de cyclo-cross alors que Zonhoven se profile ce dimanche 4 janvier. Apr\u00e8s les examens pass\u00e9s, le Belge souffre d&rsquo;une \u00ab petite fracture \u00bb \u00e0 la cheville et devra se faire op\u00e9rer ce samedi. <a href=\"https:\/\/sports.orange.fr\/cyclisme\/article\/visma-lease-a-bike-van-aert-pas-pret-a-lacher-le-cyclo-cross-CNT000002mrqOT.html\" target=\"_blank\" rel=\"noopener\">Pour la premi\u00e8re fois en 240 cross, van Aert d\u00e9clare forfait<\/a>, lui qui attendait la course \u00e0 Zonhoven et les championnats de Belgique. \u00ab Je suis \u00e9videmment tr\u00e8s d\u00e9\u00e7u de voir ma saison de cyclo-cross se finir ainsi. Je me sentais de mieux en mieux, \u00e9galement aujourd&rsquo;hui \u00e0 Mol. Je me r\u00e9jouissais vraiment de participer \u00e0 la course de Zonhoven (4 janvier) et aux Championnats de Belgique (10-11 janvier). Mais je vais maintenant me concentrer sur ma gu\u00e9rison et, ensuite, sur la pr\u00e9paration de la saison sur route. \u00bb M\u00e9daill\u00e9 de bronze lors des Jeux Olympiques de Paris 2024, Wout van Aert a connu quelques soucis physiques en 2025. Sur le plan sportif, le Belge n&rsquo;a remport\u00e9 que deux succ\u00e8s : la 9e \u00e9tape du Tour d&rsquo;Italie et la 21e \u00e9tape du Tour de France.<\/p>\n","protected":false},"excerpt":{"rendered":"Thibaut Simon, Media365 : publi\u00e9 le vendredi 02 janvier 2026 \u00e0 22h40 Ce vendredi 2 janvier lors du&hellip;\n","protected":false},"author":2,"featured_media":637205,"comment_status":"","ping_status":"","sticky":false,"template":"","format":"standard","meta":{"footnotes":""},"categories":[1411],"tags":[1154,207,1011,27,60],"class_list":{"0":"post-637204","1":"post","2":"type-post","3":"status-publish","4":"format-standard","5":"has-post-thumbnail","7":"category-cyclisme","8":"tag-cycling","9":"tag-cyclisme","10":"tag-fr","11":"tag-france","12":"tag-sports"},"share_on_mastodon":{"url":"https:\/\/pubeurope.com\/@fr\/115828170685910437","error":""},"_links":{"self":[{"href":"https:\/\/www.europesays.com\/fr\/wp-json\/wp\/v2\/posts\/637204","targetHints":{"allow":["GET"]}}],"collection":[{"href":"https:\/\/www.europesays.com\/fr\/wp-json\/wp\/v2\/posts"}],"about":[{"href":"https:\/\/www.europesays.com\/fr\/wp-json\/wp\/v2\/types\/post"}],"author":[{"embeddable":true,"href":"https:\/\/www.europesays.com\/fr\/wp-json\/wp\/v2\/users\/2"}],"replies":[{"embeddable":true,"href":"https:\/\/www.europesays.com\/fr\/wp-json\/wp\/v2\/comments?post=637204"}],"version-history":[{"count":0,"href":"https:\/\/www.europesays.com\/fr\/wp-json\/wp\/v2\/posts\/637204\/revisions"}],"wp:featuredmedia":[{"embeddable":true,"href":"https:\/\/www.europesays.com\/fr\/wp-json\/wp\/v2\/media\/637205"}],"wp:attachment":[{"href":"https:\/\/www.europesays.com\/fr\/wp-json\/wp\/v2\/media?parent=637204"}],"wp:term":[{"taxonomy":"category","embeddable":true,"href":"https:\/\/www.europesays.com\/fr\/wp-json\/wp\/v2\/categories?post=637204"},{"taxonomy":"post_tag","embeddable":true,"href":"https:\/\/www.europesays.com\/fr\/wp-json\/wp\/v2\/tags?post=637204"}],"curies":[{"name":"wp","href":"https:\/\/api.w.org\/{rel}","templated":true}]}}