{"id":637206,"date":"2026-01-02T23:46:10","date_gmt":"2026-01-02T23:46:10","guid":{"rendered":"https:\/\/www.europesays.com\/fr\/637206\/"},"modified":"2026-01-02T23:46:10","modified_gmt":"2026-01-02T23:46:10","slug":"om-le-psg-degaine-une-offre-allechante-pour-ce-depart","status":"publish","type":"post","link":"https:\/\/www.europesays.com\/fr\/637206\/","title":{"rendered":"OM : Le PSG d\u00e9gaine une offre all\u00e9chante pour ce d\u00e9part !"},"content":{"rendered":"<p>                    Benjamin Labrousse<br \/>\n                        &#8211;<\/p>\n<p>R\u00e9dacteur<\/p>\n<p>Malgr\u00e9 un double cursus Espagnol\/Communication, j\u2019ai d\u00e9cid\u00e9 de prendre en main mes r\u00eaves en me dirigeant vers le journalisme. Dipl\u00f4m\u00e9 d\u2019un master en journalisme de sport, je couvre l\u2019actualit\u00e9 sportive et footballistique avec toujours autant d\u2019admiration pour les p\u00e9riode de mercato, o\u00f9 un club se doit de faire des choix cruciaux pour la saison prochaine.<\/p>\n<p class=\"heading\">Jeudi prochain, le 8 janvier, le PSG et l\u2019OM s\u2019affrontent au Kowe\u00eft \u00e0 l\u2019occasion du Troph\u00e9e des Champions. Un Classique d\u00e9localis\u00e9 comme depuis plusieurs ann\u00e9es \u00e0 l\u2019occasion du Troph\u00e9e des Champions. Quoi qu\u2019il en soit, le club parisien a propos\u00e9 une offre \u00e0 ses supporters facilitant ce d\u00e9placement \u00e0 l\u2019\u00e9tranger.<\/p>\n<p>Le <a href=\"https:\/\/le10sport.com\/football\/mercato\/60meur-le-psg-prepare-une-folie-770225\" target=\"_blank\" rel=\"noopener\"><strong>PSG <\/strong><\/a>et <strong>l\u2019OM <\/strong>vont se retrouver en ce d\u00e9but d\u2019ann\u00e9e 2026. Alors que le club marseillais avait cr\u00e9\u00e9 la sensation en battant son ennemi parisien en d\u00e9but de saison du c\u00f4t\u00e9 du <strong>V\u00e9lodrome<\/strong>, les hommes de <strong>Luis Enrique<\/strong> vont tenter de prendre leur revanche \u00e0 l\u2019occasion du Troph\u00e9e des Champions qui se disputera le jeudi 8 janvier prochain.<\/p>\n<p>                                            Un Classique d\u00e9localis\u00e9<\/p>\n<p>Une rencontre qui a \u00e9t\u00e9 d\u00e9localis\u00e9e au <strong>Kowe\u00eft<\/strong>. A l\u2019instar des ann\u00e9es pr\u00e9c\u00e9dentes, ce Troph\u00e9e des Champions se d\u00e9roule \u00e0 l\u2019\u00e9tranger, et cette fois-ci, la destination est pour le moins \u00e9loign\u00e9e. Le 17 d\u00e9cembre dernier, \u00e0 l\u2019occasion de la finale de la Coupe Intercontinentale, le <strong>PSG <\/strong>avait propos\u00e9 \u00e0 ses fans un pack \u00e0 200\u20ac afin de pouvoir assister \u00e0 la rencontre du c\u00f4t\u00e9 de <strong>Doha<\/strong>.<\/p>\n<p>                                            Le PSG propose une offre \u00e0 800\u20ac<\/p>\n<p>Comme le rapporte le Parisien, le <strong>PSG <\/strong>a d\u00e9cid\u00e9 de r\u00e9\u00e9diter cette offre. Pour 800\u00a0%, le club parisien propose un pack pour ses supporters, qui pourront b\u00e9n\u00e9ficier d\u2019un vol avec repas, d\u2019une place, et des transports sur place. Les supporters de <strong>l\u2019OM <\/strong>eux, ont d\u00e9cid\u00e9 de boycotter ce d\u00e9placement.<\/p>\n","protected":false},"excerpt":{"rendered":"Benjamin Labrousse &#8211; R\u00e9dacteur Malgr\u00e9 un double cursus Espagnol\/Communication, j\u2019ai d\u00e9cid\u00e9 de prendre en main mes r\u00eaves en&hellip;\n","protected":false},"author":2,"featured_media":637207,"comment_status":"","ping_status":"","sticky":false,"template":"","format":"standard","meta":{"footnotes":""},"categories":[1410],"tags":[63,1011,27,60],"class_list":{"0":"post-637206","1":"post","2":"type-post","3":"status-publish","4":"format-standard","5":"has-post-thumbnail","7":"category-football","8":"tag-football","9":"tag-fr","10":"tag-france","11":"tag-sports"},"share_on_mastodon":{"url":"https:\/\/pubeurope.com\/@fr\/115828174625702750","error":""},"_links":{"self":[{"href":"https:\/\/www.europesays.com\/fr\/wp-json\/wp\/v2\/posts\/637206","targetHints":{"allow":["GET"]}}],"collection":[{"href":"https:\/\/www.europesays.com\/fr\/wp-json\/wp\/v2\/posts"}],"about":[{"href":"https:\/\/www.europesays.com\/fr\/wp-json\/wp\/v2\/types\/post"}],"author":[{"embeddable":true,"href":"https:\/\/www.europesays.com\/fr\/wp-json\/wp\/v2\/users\/2"}],"replies":[{"embeddable":true,"href":"https:\/\/www.europesays.com\/fr\/wp-json\/wp\/v2\/comments?post=637206"}],"version-history":[{"count":0,"href":"https:\/\/www.europesays.com\/fr\/wp-json\/wp\/v2\/posts\/637206\/revisions"}],"wp:featuredmedia":[{"embeddable":true,"href":"https:\/\/www.europesays.com\/fr\/wp-json\/wp\/v2\/media\/637207"}],"wp:attachment":[{"href":"https:\/\/www.europesays.com\/fr\/wp-json\/wp\/v2\/media?parent=637206"}],"wp:term":[{"taxonomy":"category","embeddable":true,"href":"https:\/\/www.europesays.com\/fr\/wp-json\/wp\/v2\/categories?post=637206"},{"taxonomy":"post_tag","embeddable":true,"href":"https:\/\/www.europesays.com\/fr\/wp-json\/wp\/v2\/tags?post=637206"}],"curies":[{"name":"wp","href":"https:\/\/api.w.org\/{rel}","templated":true}]}}