{"id":63721,"date":"2025-04-30T06:41:09","date_gmt":"2025-04-30T06:41:09","guid":{"rendered":"https:\/\/www.europesays.com\/fr\/63721\/"},"modified":"2025-04-30T06:41:09","modified_gmt":"2025-04-30T06:41:09","slug":"le-savez-vous-du-jour-savez-vous-quelle-figure-historique-lorraine-a-inspire-le-dernier-opera-de-tchaikovski","status":"publish","type":"post","link":"https:\/\/www.europesays.com\/fr\/63721\/","title":{"rendered":"Le \u00ab\u00a0savez-vous\u00a0\u00bb du jour. Savez-vous quelle figure historique lorraine a inspir\u00e9 le dernier op\u00e9ra de Tcha\u00efkovski\u00a0?"},"content":{"rendered":"<p>En 1892, Piotr Ilitch Tcha\u00efkovski pr\u00e9sente \u00e0 Saint-P\u00e9tersbourg son dernier op\u00e9ra, Yolanta. L\u2018\u0153uvre, en un acte, s\u2019inspire d\u2019une pi\u00e8ce danoise intitul\u00e9e La Fille du roi Ren\u00e9, qu\u2019il d\u00e9couvre en 1888.<\/p>\n<p>L\u2019intrigue se d\u00e9roule en Provence au XVe\u00a0si\u00e8cle et met en sc\u00e8ne Yolande, une princesse aveugle dont le p\u00e8re, le roi Ren\u00e9, cache l\u2019infirmit\u00e9. La gu\u00e9rison devient possible lorsqu\u2019elle exprime le d\u00e9sir de voir, motiv\u00e9e par l\u2019amour qu\u2019elle porte \u00e0 un chevalier.<\/p>\n<p>Cette h\u00e9ro\u00efne est librement inspir\u00e9e de Yolande d\u2019Anjou (1428-1483), duchesse de Lorraine et fille du roi Ren\u00e9. Contrairement \u00e0 la fiction, la v\u00e9ritable Yolande n\u2018\u00e9tait pas aveugle. Elle \u00e9pousa en 1445 son cousin Ferry II de Vaud\u00e9mont, avec qui elle eut six enfants.<\/p>\n","protected":false},"excerpt":{"rendered":"En 1892, Piotr Ilitch Tcha\u00efkovski pr\u00e9sente \u00e0 Saint-P\u00e9tersbourg son dernier op\u00e9ra, Yolanta. L\u2018\u0153uvre, en un acte, s\u2019inspire d\u2019une&hellip;\n","protected":false},"author":2,"featured_media":63722,"comment_status":"","ping_status":"","sticky":false,"template":"","format":"standard","meta":{"footnotes":""},"categories":[9635],"tags":[1111,11,1687,1704,1706,1777,674,1011,27,775,1702,1703,12,25],"class_list":{"0":"post-63721","1":"post","2":"type-post","3":"status-publish","4":"format-standard","5":"has-post-thumbnail","7":"category-nancy","8":"tag-actu","9":"tag-actualites","10":"tag-culture-loisirs","11":"tag-edition-nancy-et-agglomeration","12":"tag-edition-pont-a-mousson","13":"tag-eu","14":"tag-europe","15":"tag-fr","16":"tag-france","17":"tag-grand-est","18":"tag-nancy","19":"tag-nancy-ville-54b","20":"tag-news","21":"tag-republique-francaise"},"share_on_mastodon":{"url":"https:\/\/pubeurope.com\/@fr\/114425553440212687","error":""},"_links":{"self":[{"href":"https:\/\/www.europesays.com\/fr\/wp-json\/wp\/v2\/posts\/63721","targetHints":{"allow":["GET"]}}],"collection":[{"href":"https:\/\/www.europesays.com\/fr\/wp-json\/wp\/v2\/posts"}],"about":[{"href":"https:\/\/www.europesays.com\/fr\/wp-json\/wp\/v2\/types\/post"}],"author":[{"embeddable":true,"href":"https:\/\/www.europesays.com\/fr\/wp-json\/wp\/v2\/users\/2"}],"replies":[{"embeddable":true,"href":"https:\/\/www.europesays.com\/fr\/wp-json\/wp\/v2\/comments?post=63721"}],"version-history":[{"count":0,"href":"https:\/\/www.europesays.com\/fr\/wp-json\/wp\/v2\/posts\/63721\/revisions"}],"wp:featuredmedia":[{"embeddable":true,"href":"https:\/\/www.europesays.com\/fr\/wp-json\/wp\/v2\/media\/63722"}],"wp:attachment":[{"href":"https:\/\/www.europesays.com\/fr\/wp-json\/wp\/v2\/media?parent=63721"}],"wp:term":[{"taxonomy":"category","embeddable":true,"href":"https:\/\/www.europesays.com\/fr\/wp-json\/wp\/v2\/categories?post=63721"},{"taxonomy":"post_tag","embeddable":true,"href":"https:\/\/www.europesays.com\/fr\/wp-json\/wp\/v2\/tags?post=63721"}],"curies":[{"name":"wp","href":"https:\/\/api.w.org\/{rel}","templated":true}]}}