{"id":637210,"date":"2026-01-02T23:48:20","date_gmt":"2026-01-02T23:48:20","guid":{"rendered":"https:\/\/www.europesays.com\/fr\/637210\/"},"modified":"2026-01-02T23:48:20","modified_gmt":"2026-01-02T23:48:20","slug":"le-musee-du-louvre-lens-devoile-une-nouvelle-exposition-en-2026-300-oeuvres-a-decouvrir","status":"publish","type":"post","link":"https:\/\/www.europesays.com\/fr\/637210\/","title":{"rendered":"Le mus\u00e9e du Louvre-Lens d\u00e9voile une nouvelle exposition en 2026 : 300 \u0153uvres \u00e0 d\u00e9couvrir"},"content":{"rendered":"<p>                    Par<br \/>\n        <strong><br \/>\n            <a href=\"https:\/\/actu.fr\/auteur\/raphael-mahlmann\" title=\"Consulter tous les articles de Rapha\u00ebl Mahlmann\" target=\"_blank\" rel=\"noopener\">Rapha\u00ebl Mahlmann<\/a><br \/>\n                    <\/strong><\/p>\n<p>        Publi\u00e9 le<\/p>\n<p>            2 janv. 2026 \u00e0 6h10        <\/p>\n<p>Un voyage \u00e0 travers le temps. Une <b>nouvelle exposition<\/b> va bient\u00f4t voir le jour au <a href=\"https:\/\/actu.fr\/hauts-de-france\/lens_62498\/cinq-raisons-daller-decouvrir-gothiques-la-nouvelle-expo-inedite-et-fascinante-du-louvre-lens_63204910.html\" target=\"_blank\" rel=\"noopener\">mus\u00e9e du Louvre-Lens<\/a> du 25\u00a0mars au 20\u00a0juillet 2026. Plus de <b>300 \u0153uvres<\/b> y seront expos\u00e9es. On vous en dit plus sur cette exposition.<\/p>\n<p>Une nouvelle exposition au mus\u00e9e du Louvre-Lens<\/p>\n<p class=\" wall-content\">\u00c0 partir du 25\u00a0mars 2026,<b> les visiteurs du Louvre-Lens<\/b> pourront d\u00e9couvrir l\u2019exposition temporaire Par-del\u00e0 les Mille et Une Nuits \u2013 Histoires des orientalismes. Cette exposition \u00ab\u00a0invite \u00e0 un voyage \u00e0 travers le temps pour d\u00e9couvrir comment formes, imaginaires et savoirs circulent et se transforment\u00a0\u00bb, d\u00e9crit le mus\u00e9e. L\u2019exposition explore les vies multiples des \u0153uvres \u2013 les destins des objets depuis leur cr\u00e9ation, leurs voyages, leurs r\u00e9interpr\u00e9tations \u2013 et interroge la mani\u00e8re dont se construisent, se transforment et se transmettent les r\u00e9cits.\u00a0\u00bb<\/p>\n<p>    <img   decoding=\"async\" loading=\"lazy\" class=\"size-large\" src=\"https:\/\/www.europesays.com\/fr\/wp-content\/uploads\/2026\/01\/60134bac2559664134bac255978134v-960x640.jpg\" alt=\"Baptist\u00e8re de Saint Louis (1330\u20131340)\" width=\"960\" height=\"640\"\/><br \/>\n    Baptist\u00e8re de Saint-Louis (1330 \u2013 1340) \u00a9Mus\u00e9e du Louvre<\/p>\n<p class=\" wall-content\">Le nom de l\u2019exposition s\u2019inspire directement du comte Les Mille et Une Nuits, issus de traditions indiennes et persanes, transmis en arabe d\u00e8s le 9e si\u00e8cle et publi\u00e9 en fran\u00e7ais par Antoine Galland au 18e si\u00e8cle. Ces contes ont rapidement rencontr\u00e9 un vif succ\u00e8s en Europe, fa\u00e7onnant une certaine repr\u00e9sentation de l\u2019Orient aupr\u00e8s du public. \u00ab\u2009Mais cette histoire ne commence ni avec Galland ni au 18e si\u00e8cle. D\u00e8s le Moyen \u00c2ge, \u00e9changes commerciaux, diplomatiques et culturels font circuler objets, motifs et savoirs entre les rives de la M\u00e9diterran\u00e9e et au-del\u00e0.\u2009\u00bb<\/p>\n<p class=\" wall-content\">L\u2019exposition explore notamment<b> le destin des objets sur le temps long<\/b>. \u00c0 travers une approche chronologique et critique, l\u2019exposition retrace, sous le prisme fran\u00e7ais, les \u00e9changes culturels entre Orient et Occident du Moyen \u00c2ge \u00e0 nos jours. Des \u0153uvres majeures des Arts de l\u2019Islam du<b> mus\u00e9e du Louvre<\/b>, dont le d\u00e9partement est ferm\u00e9 temporairement, y seront notamment expos\u00e9es.<\/p>\n<p>    <img   decoding=\"async\" loading=\"lazy\" class=\"size-large\" src=\"https:\/\/www.europesays.com\/fr\/wp-content\/uploads\/2026\/01\/9405653d25596d805653d2559fc056v-960x640.jpg\" alt=\"Odalisque \u00e0 la culotte rouge, Matisse (1924\u20131925)\" width=\"960\" height=\"640\"\/><br \/>\n    Odalisque \u00e0 la culotte rouge, Matisse (1924 \u2013 1925) \u00a9Mus\u00e9e du Louvre<\/p>\n<p class=\" wall-content\">Le parcours est d\u00e9coup\u00e9 en plusieurs sections, s\u2019attardant sur certaines p\u00e9riodes, en commen\u00e7ant par le 8e si\u00e8cle pour arriver jusqu\u2019au 19e si\u00e8cle. Les visiteurs pourront par exemple d\u00e9couvrir des objets t\u00e9moins des \u00e9changes entre Charlemagne et Haroun al-Rashid ou comment les artistes europ\u00e9ens se sont inspir\u00e9s de l\u2019Orient. Des oeuvres d\u2019artistes contemporains seront \u00e9galement expos\u00e9es. \u00ab\u2009Entre pass\u00e9, pr\u00e9sent et futur, l\u2019exposition invite \u00e0 penser autrement la diffusion des formes et la mani\u00e8re dont nous regardons les \u0153uvres aujourd\u2019hui.\u2009\u00bb<\/p>\n<p>Votre r\u00e9gion, votre actu !<\/p>\n<p>Recevez chaque jour les infos qui comptent pour vous.<\/p>\n<p>\t<a href=\"https:\/\/actu.fr\/newsletter\" class=\"ac-btn ac-btn--corner ac-btn--medium ac-btn--blue800\" target=\"_blank\" rel=\"noopener\">S&rsquo;incrire<\/a><\/p>\n<p class=\" wall-content\">L\u2019exposition Par-del\u00e0 les Mille et Une Nuits du Louvre-Lens est ouverte <b>jusqu\u2019au 20\u00a0juillet 2026<\/b>.<\/p>\n<p class=\" wall-content\">Personnalisez votre actualit\u00e9 en ajoutant vos villes et m\u00e9dias en favori avec <a href=\"https:\/\/moncompte.actu.fr\" title=\"D\u00e9couvez Mon Actu\" rel=\"nofollow noopener\" data-trk=\"{&quot;cta&quot;:{&quot;action&quot;:&quot;https:\\\/\\\/moncompte.actu.fr&quot;,&quot;category&quot;:&quot;mon compte&quot;,&quot;from&quot;:&quot;article footer&quot;,&quot;name&quot;:&quot;Mon actu&quot;,&quot;type&quot;:&quot;cta&quot;}}\" target=\"_blank\">Mon Actu<\/a>.<\/p>\n","protected":false},"excerpt":{"rendered":"Par Rapha\u00ebl Mahlmann Publi\u00e9 le 2 janv. 2026 \u00e0 6h10 Un voyage \u00e0 travers le temps. Une nouvelle&hellip;\n","protected":false},"author":2,"featured_media":637211,"comment_status":"","ping_status":"","sticky":false,"template":"","format":"standard","meta":{"footnotes":""},"categories":[1358],"tags":[1348,1384,1385,1386,58,59,1011,27,1652,74440],"class_list":{"0":"post-637210","1":"post","2":"type-post","3":"status-publish","4":"format-standard","5":"has-post-thumbnail","7":"category-arts-et-design","8":"tag-arts","9":"tag-arts-and-design","10":"tag-arts-et-design","11":"tag-design","12":"tag-divertissement","13":"tag-entertainment","14":"tag-fr","15":"tag-france","16":"tag-loisirs-culture","17":"tag-musee-du-louvre-lens"},"share_on_mastodon":{"url":"https:\/\/pubeurope.com\/@fr\/115828182469644251","error":""},"_links":{"self":[{"href":"https:\/\/www.europesays.com\/fr\/wp-json\/wp\/v2\/posts\/637210","targetHints":{"allow":["GET"]}}],"collection":[{"href":"https:\/\/www.europesays.com\/fr\/wp-json\/wp\/v2\/posts"}],"about":[{"href":"https:\/\/www.europesays.com\/fr\/wp-json\/wp\/v2\/types\/post"}],"author":[{"embeddable":true,"href":"https:\/\/www.europesays.com\/fr\/wp-json\/wp\/v2\/users\/2"}],"replies":[{"embeddable":true,"href":"https:\/\/www.europesays.com\/fr\/wp-json\/wp\/v2\/comments?post=637210"}],"version-history":[{"count":0,"href":"https:\/\/www.europesays.com\/fr\/wp-json\/wp\/v2\/posts\/637210\/revisions"}],"wp:featuredmedia":[{"embeddable":true,"href":"https:\/\/www.europesays.com\/fr\/wp-json\/wp\/v2\/media\/637211"}],"wp:attachment":[{"href":"https:\/\/www.europesays.com\/fr\/wp-json\/wp\/v2\/media?parent=637210"}],"wp:term":[{"taxonomy":"category","embeddable":true,"href":"https:\/\/www.europesays.com\/fr\/wp-json\/wp\/v2\/categories?post=637210"},{"taxonomy":"post_tag","embeddable":true,"href":"https:\/\/www.europesays.com\/fr\/wp-json\/wp\/v2\/tags?post=637210"}],"curies":[{"name":"wp","href":"https:\/\/api.w.org\/{rel}","templated":true}]}}