{"id":637218,"date":"2026-01-02T23:54:09","date_gmt":"2026-01-02T23:54:09","guid":{"rendered":"https:\/\/www.europesays.com\/fr\/637218\/"},"modified":"2026-01-02T23:54:09","modified_gmt":"2026-01-02T23:54:09","slug":"toulouse-0-3-lens-ligue-1-lens-est-champion-dautomne-lequipe","status":"publish","type":"post","link":"https:\/\/www.europesays.com\/fr\/637218\/","title":{"rendered":"Toulouse 0-3 Lens, Ligue 1 : Lens est champion d&#039;automne ! &#8211; L&#039;\u00c9quipe"},"content":{"rendered":"<ol>\n<li><a href=\"https:\/\/news.google.com\/rss\/articles\/CBMikgFBVV95cUxQa1dFMHJiYmFBOTdfRlV2OFFSdEF5ekNPQkNfcXVxVzBwNHg2bFcwUGRFeWlfSThraDZMbVRzUWJ4NF9UaTRNZVo1dWFxdnE4NVBuTTBCZ3hVVXVWQmxVOFRXd1pRTUFlRG5vWm1MUkc3d1dpT0kzdXFfVk9PVE9uVV9LSnB4YV9aaHlwc2taY2swdw?oc=5\" target=\"_blank\" rel=\"noopener\">Toulouse 0-3 Lens, Ligue 1 : Lens est champion d&rsquo;automne !<\/a>&nbsp;&nbsp;L&rsquo;\u00c9quipe<\/li>\n<li><a href=\"https:\/\/news.google.com\/rss\/articles\/CBMi_AFBVV95cUxPczQ1WEtycVZQNWNvX05xQTN0cWJYM2RueXkzQ18yMS1od0ZsbXV2aGpDeExXY29iSk5KWG1QVGFZODFwbHBSM2YxaHExb0QzczZXbUZTdkRRdEEtejJxZHg2TzJCbVlOVG9VcWdyU3lnb2w0Q2J6WmF2NnFmQUJMTzVEeWMyd2E2V2VmTVdxWnY4LS16UjRkMHhHelZwZFZ2TDJoWUF0NGgycG1pZ2RpSm5kQ3puemR1dVJSdlJ6NGJ3VURQREVnaWZWUF8tQl9Bby10YlE3a180Q0VYWEZGWVUydTIzZWEtWlZOekt2b1VmMTJlV1NWOGtNTVg?oc=5\" target=\"_blank\" rel=\"noopener\">Apr\u00e8s sa victoire \u00e0 Toulouse, Lens est \u00ab sacr\u00e9 \u00bb champion d&rsquo;automne et boucle une premi\u00e8re partie de saison exceptionnelle<\/a>&nbsp;&nbsp;L&rsquo;\u00c9quipe<\/li>\n<li><a href=\"https:\/\/news.google.com\/rss\/articles\/CBMitwJBVV95cUxOQ3hfdldwREtlYXpMMzQ5blltMDlxaXpwWG5jd09MRzRvcGZod21vdDRPYXhsNXp1eVhxMXJLYkdlQ1ZSXzNMc284a2tMWlZoSDU2MjJ0aktIMVV0MmhSd1VTbjR2Y1JRUTk5ZXkyUG9BSmtvenotSm9LZWJSUWM2WjM1aXFJZnltZWZCUTNkNlRobzl4eGdZdm5tQThfWXdWalk0WHVXUE0zWmpFSlNRV0Mxc2NCY294N29meVdCOTR5Q2wxbHZwMHRBU1V2eEU2MWFod25hVmlzR2J1R3AyZGF1aDAzV3N3ZlR3czBMYXJWUU5mbm9LU1hwT2ZCTzlIU0IxLURjTHM0MHJRR0x0T21udWlUMThNQjVNWUI3S1hsUkNrOTdfUGpST3ZhZUJDSHhiY0JyMA?oc=5\" target=\"_blank\" rel=\"noopener\">Une balade pour la rentr\u00e9e : Lens garde la t\u00eate \u00e0 mi-saison<\/a>&nbsp;&nbsp;Eurosport<\/li>\n<li><a href=\"https:\/\/news.google.com\/rss\/articles\/CBMizgFBVV95cUxPb0ZoNmg2bVN4cHJfcTQ5QXpnNzFBWGRVUU5EZDdWSzM2MzdOeElSNzVCbTdIOWtNd3Z1TXhlczZPR2dDWjVPdVhBOW5nZGlmeDV3VU03QUFNS0pRVmRxSm1HV0tXSXprOUttZEtiZlZzaW1IX1JSbVNHZ2ltWE5UYmRuXzFrTXBKRDFNV3hwdUVOWFg3bFh3RUN4M3B1YUpQVDU3NTI1MXQwZHFhanNMaVZ1X1R2NEVmR0lHd0pCQ0xiLXBYNGdsNmhnWng0d9IBzAFBVV95cUxNRUE4NGxVdlA0U1hJRVEydDVqMmhuWEpQM0V1NVUxVDM0WnU3b2xZQTc3ajg4TVhhekxzWEhiY0dNLVNhTHltamhyWEc1SDNoQ29FT3FFQ2U0bDZNdHdhbFM0NTJEVzcxMkxyU3ZQdm5aS0lpME1ka25Xc2pfczBvcGdiN2VKeGRfbU9GVjk5QWowYzZZdEJlOV9SZkZtWTUyMUJBTGxnUDNrY3NocEpZcTBzOTM1ZUNsbU03NHdGR0dfenJPclI3OVRZckY?oc=5\" target=\"_blank\" rel=\"noopener\">Ligue 1 (J17) : Lens champion d&rsquo;automne apr\u00e8s son succ\u00e8s \u00e0 Toulouse : Sports &#8211; Orange<\/a>&nbsp;&nbsp;Sports &#8211; Orange<\/li>\n<li><a href=\"https:\/\/news.google.com\/rss\/articles\/CBMi1wFBVV95cUxQNUVraHlUSGZQTmdXVE1fY1RVZW5JdDUydGQyNFowQ2xtaWlQZTBTMFFWSDNCeUtGYWg4TFUxTmJBQnJvU25Bemo0X1FKWGNsYnZ0eW84amJqd2dFckM1blNKN2ExZ1BndENoLWZ1cFZ6UWhpa3JpTEdmR0R1ZG9wc3JlYWxFWG01TXRmMlhmazA5Rm1ScFlpc0NRMGNvMk92QUJfTG9hcXNrWG5hYzZ1RGFZX0VLYXZLN1g5Zml2bHd2X3F5ZGdzWDhveWI2S1puTGs0TVVuOA?oc=5\" target=\"_blank\" rel=\"noopener\">Ligue 1 : Lens d\u00e9bute l\u2019ann\u00e9e par un carton \u00e0 Toulouse et s\u2019offre le titre de champion d\u2019automne<\/a>&nbsp;&nbsp;Foot Mercato<\/li>\n<\/ol>\n","protected":false},"excerpt":{"rendered":"Toulouse 0-3 Lens, Ligue 1 : Lens est champion d&rsquo;automne !&nbsp;&nbsp;L&rsquo;\u00c9quipe Apr\u00e8s sa victoire \u00e0 Toulouse, Lens est&hellip;\n","protected":false},"author":2,"featured_media":637219,"comment_status":"","ping_status":"","sticky":false,"template":"","format":"standard","meta":{"footnotes":""},"categories":[9],"tags":[1011,27,60],"class_list":{"0":"post-637218","1":"post","2":"type-post","3":"status-publish","4":"format-standard","5":"has-post-thumbnail","7":"category-sports","8":"tag-fr","9":"tag-france","10":"tag-sports"},"share_on_mastodon":{"url":"https:\/\/pubeurope.com\/@fr\/115828206095217465","error":""},"_links":{"self":[{"href":"https:\/\/www.europesays.com\/fr\/wp-json\/wp\/v2\/posts\/637218","targetHints":{"allow":["GET"]}}],"collection":[{"href":"https:\/\/www.europesays.com\/fr\/wp-json\/wp\/v2\/posts"}],"about":[{"href":"https:\/\/www.europesays.com\/fr\/wp-json\/wp\/v2\/types\/post"}],"author":[{"embeddable":true,"href":"https:\/\/www.europesays.com\/fr\/wp-json\/wp\/v2\/users\/2"}],"replies":[{"embeddable":true,"href":"https:\/\/www.europesays.com\/fr\/wp-json\/wp\/v2\/comments?post=637218"}],"version-history":[{"count":0,"href":"https:\/\/www.europesays.com\/fr\/wp-json\/wp\/v2\/posts\/637218\/revisions"}],"wp:featuredmedia":[{"embeddable":true,"href":"https:\/\/www.europesays.com\/fr\/wp-json\/wp\/v2\/media\/637219"}],"wp:attachment":[{"href":"https:\/\/www.europesays.com\/fr\/wp-json\/wp\/v2\/media?parent=637218"}],"wp:term":[{"taxonomy":"category","embeddable":true,"href":"https:\/\/www.europesays.com\/fr\/wp-json\/wp\/v2\/categories?post=637218"},{"taxonomy":"post_tag","embeddable":true,"href":"https:\/\/www.europesays.com\/fr\/wp-json\/wp\/v2\/tags?post=637218"}],"curies":[{"name":"wp","href":"https:\/\/api.w.org\/{rel}","templated":true}]}}