{"id":637222,"date":"2026-01-02T23:56:12","date_gmt":"2026-01-02T23:56:12","guid":{"rendered":"https:\/\/www.europesays.com\/fr\/637222\/"},"modified":"2026-01-02T23:56:12","modified_gmt":"2026-01-02T23:56:12","slug":"voici-lheure-parfaite-pour-lancer-votre-lave-vaisselle-et-reduire-votre-consommation-electrique","status":"publish","type":"post","link":"https:\/\/www.europesays.com\/fr\/637222\/","title":{"rendered":"voici l&rsquo;heure parfaite pour lancer votre lave-vaisselle et r\u00e9duire votre consommation \u00e9lectrique"},"content":{"rendered":"<p class=\"rev-margin-0 rev-text-sm-bold\">La r\u00e9daction n&rsquo;a pas particip\u00e9 \u00e0 la r\u00e9alisation de ce contenu<\/p>\n<p>Avec l\u2019\u00e9volution des plages tarifaires heures pleines \/ heures creuses, certaines p\u00e9riodes de la journ\u00e9e offrent aujourd\u2019hui un avantage r\u00e9el sur la facture d\u2019\u00e9lectricit\u00e9, sans modifier ni les habitudes ni le confort.<\/p>\n<p>La logique de l\u2019heure id\u00e9ale<\/p>\n<p>Le principe des heures creuses repose sur un tarif du kilowattheure plus bas, destin\u00e9 \u00e0 inciter les consommateurs \u00e0 d\u00e9caler certains usages hors des p\u00e9riodes de forte demande. Si ce m\u00e9canisme est ancien, sa mise en \u0153uvre a \u00e9volu\u00e9 : selon les contrats et les zones g\u00e9ographiques, les heures creuses ne sont plus uniquement nocturnes et peuvent inclure des plages en journ\u00e9e. Pour un <strong>appareil \u00e9lectrom\u00e9nager <\/strong>comme le lave-vaisselle, dont un cycle repr\u00e9sente une part non n\u00e9gligeable de la consommation domestique, ce d\u00e9calage horaire constitue une source directe d\u2019<strong>\u00e9conomie d\u2019\u00e9nergie<\/strong>.<\/p>\n<p>Les plages horaires \u00e0 privil\u00e9gier<\/p>\n<p>Dans de nombreuses communes, les heures creuses s\u2019\u00e9tendent d\u00e9sormais sur une fen\u00eatre comprise <strong>entre 11 h et 17 h<\/strong>, en compl\u00e9ment d\u2019une amplitude nocturne souvent situ\u00e9e <strong>entre 20 h et 8 h<\/strong>. Les horaires exacts varient selon le fournisseur et le contrat, mais le rep\u00e8re reste simple : lancer le lave-vaisselle pendant ces p\u00e9riodes permet de b\u00e9n\u00e9ficier d\u2019un tarif r\u00e9duit sans concentrer les usages en soir\u00e9e, moment o\u00f9 la demande globale du r\u00e9seau est la plus \u00e9lev\u00e9e.<\/p>\n<p>Pourquoi ce choix p\u00e8se sur la facture<\/p>\n<p>L\u2019impact financier ne tient pas seulement \u00e0 l\u2019appareil utilis\u00e9, mais au moment o\u00f9 sa consommation s\u2019ajoute \u00e0 celle du reste du foyer. En soir\u00e9e, la combinaison du chauffage, de la cuisson, de l\u2019\u00e9clairage et des \u00e9crans place souvent le compteur en heures pleines. \u00c0 l\u2019inverse, en heures creuses, le prix du kWh est sensiblement plus bas : autour de <strong>0,27 \u20ac<\/strong> en heures pleines contre environ<strong> 0,2068 \u20ac<\/strong> en heures creuses, selon les grilles tarifaires en vigueur. Pris isol\u00e9ment, l\u2019\u00e9cart peut sembler limit\u00e9, mais r\u00e9p\u00e9t\u00e9 plusieurs fois par semaine, il devient une strat\u00e9gie concr\u00e8te de <strong>r\u00e9duction de la consommation \u00e9lectrique<\/strong>.<\/p>\n<p>L\u2019effet cumulatif des bons r\u00e9glages<\/p>\n<p>Un lave-vaisselle utilis\u00e9 quatre \u00e0 cinq fois par semaine, programm\u00e9 syst\u00e9matiquement sur les heures creuses et associ\u00e9 \u00e0 un programme \u00e9co, permet de lisser la consommation et d\u2019\u00e9viter les pics co\u00fbteux. \u00c0 l\u2019\u00e9chelle de l\u2019ann\u00e9e, ce type d\u2019ajustement contribue \u00e0 stabiliser la facture, sans imposer de contraintes suppl\u00e9mentaires. L\u2019<strong>efficacit\u00e9 \u00e9nerg\u00e9tique<\/strong> repose ici sur la r\u00e9gularit\u00e9 : ce sont les usages r\u00e9p\u00e9t\u00e9s, et non les gestes ponctuels, qui font la diff\u00e9rence.<\/p>\n<p>Programmer facilement, sans contrainte<\/p>\n<p>La mise en pratique reste simple. Il suffit d\u2019identifier ses heures creuses sur la facture ou l\u2019espace client du fournisseur, puis d\u2019utiliser la fonction de d\u00e9part diff\u00e9r\u00e9 du lave-vaisselle. Les mod\u00e8les r\u00e9cents permettent de programmer le cycle en quelques secondes, m\u00eame en l\u2019absence des occupants. Lorsque les heures creuses sont nocturnes, un d\u00e9marrage en fin de nuit peut \u00e9galement \u00eatre pertinent, sous r\u00e9serve du niveau sonore de l\u2019appareil et des recommandations du fabricant.<\/p>\n<p>Le point souvent n\u00e9glig\u00e9<\/p>\n<p>Contrairement \u00e0 une id\u00e9e r\u00e9pandue, le \u00ab bon \u00bb moment n\u2019est pas toujours la nuit. Les plages de journ\u00e9e, de plus en plus fr\u00e9quentes, offrent une solution pratique pour r\u00e9partir la consommation et soulager le r\u00e9seau aux heures de pointe. L\u2019approche la plus efficace consiste \u00e0 synchroniser les usages programmables \u2014 lave-vaisselle, lave-linge, chauffe-eau pilotable \u2014 sans les faire fonctionner simultan\u00e9ment. Cette coordination permet une <strong>gestion de l\u2019\u00e9nergie<\/strong> plus intelligente et durable, fond\u00e9e sur des habitudes simples et faciles \u00e0 maintenir dans le temps.<\/p>\n","protected":false},"excerpt":{"rendered":"La r\u00e9daction n&rsquo;a pas particip\u00e9 \u00e0 la r\u00e9alisation de ce contenu Avec l\u2019\u00e9volution des plages tarifaires heures pleines&hellip;\n","protected":false},"author":2,"featured_media":637223,"comment_status":"","ping_status":"","sticky":false,"template":"","format":"standard","meta":{"footnotes":""},"categories":[7],"tags":[5734,30492,1011,27,26637,15179,59881,5261,28989,43,40,41,39,104,42,44,6013],"class_list":{"0":"post-637222","1":"post","2":"type-post","3":"status-publish","4":"format-standard","5":"has-post-thumbnail","7":"category-sciences-et-technologies","8":"tag-5734","9":"tag-economies","10":"tag-fr","11":"tag-france","12":"tag-lheure","13":"tag-ny","14":"tag-parfaite","15":"tag-pas","16":"tag-petites","17":"tag-science","18":"tag-science-and-technology","19":"tag-sciences","20":"tag-sciences-et-technologies","21":"tag-societe","22":"tag-technologies","23":"tag-technology","24":"tag-voici"},"share_on_mastodon":{"url":"https:\/\/pubeurope.com\/@fr\/115828214006274691","error":""},"_links":{"self":[{"href":"https:\/\/www.europesays.com\/fr\/wp-json\/wp\/v2\/posts\/637222","targetHints":{"allow":["GET"]}}],"collection":[{"href":"https:\/\/www.europesays.com\/fr\/wp-json\/wp\/v2\/posts"}],"about":[{"href":"https:\/\/www.europesays.com\/fr\/wp-json\/wp\/v2\/types\/post"}],"author":[{"embeddable":true,"href":"https:\/\/www.europesays.com\/fr\/wp-json\/wp\/v2\/users\/2"}],"replies":[{"embeddable":true,"href":"https:\/\/www.europesays.com\/fr\/wp-json\/wp\/v2\/comments?post=637222"}],"version-history":[{"count":0,"href":"https:\/\/www.europesays.com\/fr\/wp-json\/wp\/v2\/posts\/637222\/revisions"}],"wp:featuredmedia":[{"embeddable":true,"href":"https:\/\/www.europesays.com\/fr\/wp-json\/wp\/v2\/media\/637223"}],"wp:attachment":[{"href":"https:\/\/www.europesays.com\/fr\/wp-json\/wp\/v2\/media?parent=637222"}],"wp:term":[{"taxonomy":"category","embeddable":true,"href":"https:\/\/www.europesays.com\/fr\/wp-json\/wp\/v2\/categories?post=637222"},{"taxonomy":"post_tag","embeddable":true,"href":"https:\/\/www.europesays.com\/fr\/wp-json\/wp\/v2\/tags?post=637222"}],"curies":[{"name":"wp","href":"https:\/\/api.w.org\/{rel}","templated":true}]}}