{"id":637226,"date":"2026-01-02T23:58:12","date_gmt":"2026-01-02T23:58:12","guid":{"rendered":"https:\/\/www.europesays.com\/fr\/637226\/"},"modified":"2026-01-02T23:58:12","modified_gmt":"2026-01-02T23:58:12","slug":"une-femme-meurt-dans-le-colorado-apres-avoir-ete-attaquee-par-un-cougar","status":"publish","type":"post","link":"https:\/\/www.europesays.com\/fr\/637226\/","title":{"rendered":"Une femme meurt dans le Colorado apr\u00e8s avoir \u00e9t\u00e9 attaqu\u00e9e par un cougar"},"content":{"rendered":"<p>Aux Etats-Unis, une femme est d\u00e9c\u00e9d\u00e9e jeudi apr\u00e8s une attaque pr\u00e9sum\u00e9e de <a href=\"https:\/\/www.20minutes.fr\/dossier\/cougar\" target=\"_blank\" class=\"c-link c-link--is-underlined\" rel=\"noopener\">cougar<\/a> alors qu\u2019elle randonnait dans le <a href=\"https:\/\/www.20minutes.fr\/monde\/colorado\/\" target=\"_blank\" class=\"c-link c-link--is-underlined\" rel=\"noopener\">Colorado<\/a>, ont annonc\u00e9 les autorit\u00e9s locales. Un drame exceptionnel dans cet Etat de l\u2019Ouest am\u00e9ricain, o\u00f9 aucun d\u00e9c\u00e8s li\u00e9 \u00e0 une attaque de puma n\u2019avait \u00e9t\u00e9 enregistr\u00e9 depuis\u00a01999.<\/p>\n<p>Les faits se sont produits jeudi vers 12h15, heure locale. Des <a href=\"https:\/\/www.20minutes.fr\/dossier\/randonnee\" target=\"_blank\" class=\"c-link c-link--is-underlined\" rel=\"noopener\">randonneurs<\/a> ont d\u00e9couvert un cougar \u00e0 proximit\u00e9 d\u2019une personne allong\u00e9e au sol. \u00ab\u00a0Alors qu\u2019ils commen\u00e7aient \u00e0 s\u2019approcher, ils ont effray\u00e9 le cougar en lui lan\u00e7ant des pierres et il a fini par s\u2019enfuir\u00a0\u00bb, a expliqu\u00e9 Kara Van Hoose, porte-parole de l\u2019autorit\u00e9 charg\u00e9e des parcs du Colorado, lors d\u2019un point presse.<\/p>\n<\/p>\n<p>Deux cougars abattus par les autorit\u00e9s<\/p>\n<p>Conform\u00e9ment \u00e0 la r\u00e9glementation en vigueur dans le Colorado, tout <a href=\"https:\/\/www.20minutes.fr\/planete\/animaux\/\" target=\"_blank\" class=\"c-link c-link--is-underlined\" rel=\"noopener\">animal<\/a> sauvage impliqu\u00e9 dans une attaque contre un humain doit \u00eatre euthanasi\u00e9. Les autorit\u00e9s ont ainsi abattu deux cougars. Le premier, touch\u00e9 par balles sur les lieux, avait r\u00e9ussi \u00e0 s\u2019enfuir avant d\u2019\u00eatre retrouv\u00e9 et abattu. Un second animal, observ\u00e9 \u00e0 proximit\u00e9, a \u00e9galement \u00e9t\u00e9 tu\u00e9 \u00e0 titre pr\u00e9ventif.<\/p>\n<p><a href=\"https:\/\/www.20minutes.fr\/monde\/etats-unis\/\" target=\"_blank\" class=\"c-link c-btn c-btn--primary\" rel=\"noopener\">Notre dossier sur les Etats-Unis<\/a><\/p>\n<p>Des analyses vont \u00eatre men\u00e9es sur les carcasses afin de d\u00e9terminer les circonstances exactes de l\u2019attaque. L\u2019identit\u00e9 de la victime et la cause pr\u00e9cise du d\u00e9c\u00e8s n\u2019ont pas encore \u00e9t\u00e9 rendues publiques. Les autorit\u00e9s ont rappel\u00e9 que ce type d\u2019incident reste extr\u00eamement rare. Depuis\u00a01990, seules 28 attaques de pumas ont \u00e9t\u00e9 recens\u00e9es dans l\u2019Etat, qui abrite entre 3.800 et 4.400 cougars sauvages adultes, capables de mesurer jusqu\u2019\u00e0 1,80 m\u00e8tre et de peser environ 60\u00a0kg.<\/p>\n","protected":false},"excerpt":{"rendered":"Aux Etats-Unis, une femme est d\u00e9c\u00e9d\u00e9e jeudi apr\u00e8s une attaque pr\u00e9sum\u00e9e de cougar alors qu\u2019elle randonnait dans le&hellip;\n","protected":false},"author":2,"featured_media":637227,"comment_status":"","ping_status":"","sticky":false,"template":"","format":"standard","meta":{"footnotes":""},"categories":[5],"tags":[47,11,1867,27696,74441,3983,73,1011,27,14,74,12,7553,28],"class_list":{"0":"post-637226","1":"post","2":"type-post","3":"status-publish","4":"format-standard","5":"has-post-thumbnail","7":"category-international","8":"tag-actualite","9":"tag-actualites","10":"tag-animaux","11":"tag-colorado","12":"tag-cougar","13":"tag-deces","14":"tag-etats-unis","15":"tag-fr","16":"tag-france","17":"tag-international","18":"tag-monde","19":"tag-news","20":"tag-randonnee","21":"tag-world"},"share_on_mastodon":{"url":"https:\/\/pubeurope.com\/@fr\/115828221986183229","error":""},"_links":{"self":[{"href":"https:\/\/www.europesays.com\/fr\/wp-json\/wp\/v2\/posts\/637226","targetHints":{"allow":["GET"]}}],"collection":[{"href":"https:\/\/www.europesays.com\/fr\/wp-json\/wp\/v2\/posts"}],"about":[{"href":"https:\/\/www.europesays.com\/fr\/wp-json\/wp\/v2\/types\/post"}],"author":[{"embeddable":true,"href":"https:\/\/www.europesays.com\/fr\/wp-json\/wp\/v2\/users\/2"}],"replies":[{"embeddable":true,"href":"https:\/\/www.europesays.com\/fr\/wp-json\/wp\/v2\/comments?post=637226"}],"version-history":[{"count":0,"href":"https:\/\/www.europesays.com\/fr\/wp-json\/wp\/v2\/posts\/637226\/revisions"}],"wp:featuredmedia":[{"embeddable":true,"href":"https:\/\/www.europesays.com\/fr\/wp-json\/wp\/v2\/media\/637227"}],"wp:attachment":[{"href":"https:\/\/www.europesays.com\/fr\/wp-json\/wp\/v2\/media?parent=637226"}],"wp:term":[{"taxonomy":"category","embeddable":true,"href":"https:\/\/www.europesays.com\/fr\/wp-json\/wp\/v2\/categories?post=637226"},{"taxonomy":"post_tag","embeddable":true,"href":"https:\/\/www.europesays.com\/fr\/wp-json\/wp\/v2\/tags?post=637226"}],"curies":[{"name":"wp","href":"https:\/\/api.w.org\/{rel}","templated":true}]}}