{"id":637229,"date":"2026-01-03T00:00:13","date_gmt":"2026-01-03T00:00:13","guid":{"rendered":"https:\/\/www.europesays.com\/fr\/637229\/"},"modified":"2026-01-03T00:00:13","modified_gmt":"2026-01-03T00:00:13","slug":"transferts-top-14-nathan-bollengier-prolonge-laventure-a-la-rochelle","status":"publish","type":"post","link":"https:\/\/www.europesays.com\/fr\/637229\/","title":{"rendered":"Transferts. Top 14 &#8211; Nathan Bollengier prolonge l&rsquo;aventure \u00e0 La Rochelle"},"content":{"rendered":"<p>\n                Le club \u00e0 la caravelle vient d&rsquo;annoncer la prolongation de son ailier Nathan Bollengier (21 ans). L&rsquo;un des espoirs du Stade rochelais poursuit l&rsquo;aventure jusqu&rsquo;en 2028.\u00a0\n            <\/p>\n<p>La p\u00e9riode est aux prolongations du c\u00f4t\u00e9 de La Rochelle. <a href=\"https:\/\/www.rugbyrama.fr\/2025\/12\/27\/transferts-top-14-la-rochelle-prolonge-trois-de-ses-grands-espoirs-13133003.php\" target=\"_self\" rel=\"noopener\"><strong>Apr\u00e8s avoir annonc\u00e9 que Daunivucu (2028), Jurd (2029) et Kante Samba (2028) avaient prolong\u00e9 l&rsquo;aventure pour les prochaines saisons<\/strong><\/a>, le Stade rochelais vient d&rsquo;officialiser le nouveau bail de son ailier Nathan Bollengier. Un des \u00ab\u00a0enfants du club\u00a0\u00bb vient de signer un contrat jusqu&rsquo;en 2028.\u00a0<\/p>\n<p>\u00c2g\u00e9 de 21 ans, Bollengier a tout connu sur les bords de l&rsquo;Atlantique, de l&rsquo;\u00e9cole de rugby aux\u00a0\u00e9quipes jeunes, jusqu&rsquo;\u00e0 atteindre le groupe professionnel et \u00e0 disputer ses premiers matchs lors de la saison 2023-2024. Avec le maillot jaune et noir, le champion de France U16 \u00e0 7 a disput\u00e9 14 matchs et a inscrit 6 essais. Un joli ratio pour un ailier qui a toujours montr\u00e9 de belles choses lorsque le staff lui a fait confiance.\u00a0<\/p>\n<blockquote><p>\nH\u00e2te de d\u00e9fendre ces couleurs que je porte depuis toujours\n<\/p><\/blockquote>\n<p>\u00ab\u00a0J&rsquo;ai h\u00e2te de poursuivre cette aventure exceptionnelle et de d\u00e9fendre ces couleurs que je porte depuis toujours\u00a0\u00bb, a-t-il d&rsquo;ailleurs confi\u00e9 sur le site du club. D\u00e9sormais, le jeune Rochelais devra confirmer les espoirs, et surtout encha\u00eener les matchs et les performances. Depuis ses d\u00e9buts, Bollengier n&rsquo;a pas \u00e9t\u00e9 \u00e9pargn\u00e9 par les soucis physiques, ce qui a frein\u00e9 son ascension au plus haut niveau. Mais cette prolongation est une belle marque de confiance de la part de son club de c\u0153ur, et de son manager Ronan O&rsquo;Gara, qui n&rsquo;h\u00e9site pas \u00e0 donner beaucoup de temps de jeu aux jeunes joueurs de son effectif cette saison.\u00a0<\/p>\n","protected":false},"excerpt":{"rendered":"Le club \u00e0 la caravelle vient d&rsquo;annoncer la prolongation de son ailier Nathan Bollengier (21 ans). L&rsquo;un des&hellip;\n","protected":false},"author":2,"featured_media":637230,"comment_status":"","ping_status":"","sticky":false,"template":"","format":"standard","meta":{"footnotes":""},"categories":[2],"tags":[11,1011,27,12,10662],"class_list":{"0":"post-637229","1":"post","2":"type-post","3":"status-publish","4":"format-standard","5":"has-post-thumbnail","7":"category-actualites","8":"tag-actualites","9":"tag-fr","10":"tag-france","11":"tag-news","12":"tag-transferts"},"share_on_mastodon":{"url":"https:\/\/pubeurope.com\/@fr\/115828229761451328","error":""},"_links":{"self":[{"href":"https:\/\/www.europesays.com\/fr\/wp-json\/wp\/v2\/posts\/637229","targetHints":{"allow":["GET"]}}],"collection":[{"href":"https:\/\/www.europesays.com\/fr\/wp-json\/wp\/v2\/posts"}],"about":[{"href":"https:\/\/www.europesays.com\/fr\/wp-json\/wp\/v2\/types\/post"}],"author":[{"embeddable":true,"href":"https:\/\/www.europesays.com\/fr\/wp-json\/wp\/v2\/users\/2"}],"replies":[{"embeddable":true,"href":"https:\/\/www.europesays.com\/fr\/wp-json\/wp\/v2\/comments?post=637229"}],"version-history":[{"count":0,"href":"https:\/\/www.europesays.com\/fr\/wp-json\/wp\/v2\/posts\/637229\/revisions"}],"wp:featuredmedia":[{"embeddable":true,"href":"https:\/\/www.europesays.com\/fr\/wp-json\/wp\/v2\/media\/637230"}],"wp:attachment":[{"href":"https:\/\/www.europesays.com\/fr\/wp-json\/wp\/v2\/media?parent=637229"}],"wp:term":[{"taxonomy":"category","embeddable":true,"href":"https:\/\/www.europesays.com\/fr\/wp-json\/wp\/v2\/categories?post=637229"},{"taxonomy":"post_tag","embeddable":true,"href":"https:\/\/www.europesays.com\/fr\/wp-json\/wp\/v2\/tags?post=637229"}],"curies":[{"name":"wp","href":"https:\/\/api.w.org\/{rel}","templated":true}]}}