{"id":637231,"date":"2026-01-03T00:01:29","date_gmt":"2026-01-03T00:01:29","guid":{"rendered":"https:\/\/www.europesays.com\/fr\/637231\/"},"modified":"2026-01-03T00:01:29","modified_gmt":"2026-01-03T00:01:29","slug":"saint-etienne-montaud-un-batiment-demoli-laisse-place-a-un-nouveau-panorama-sur-la-ville","status":"publish","type":"post","link":"https:\/\/www.europesays.com\/fr\/637231\/","title":{"rendered":"Saint-\u00c9tienne\/Montaud. Un b\u00e2timent d\u00e9moli laisse place \u00e0 un nouveau panorama sur la ville"},"content":{"rendered":"<p>Les anciens locaux de la marbrerie situ\u00e9e sur le sommet de la rue Andr\u00e9-Ruel, en face du cimeti\u00e8re de Montaud, ont \u00e9t\u00e9 d\u00e9molis.<\/p>\n<p>Cette op\u00e9ration permet de b\u00e9n\u00e9ficier d\u2019une vaste perspective sur une grande partie de la ville. Ce b\u00e2timent \u00e9tait inoccup\u00e9 depuis une vingtaine d\u2019ann\u00e9es. Il a \u00e9t\u00e9 rachet\u00e9 l\u2019an dernier par la Mairie qui a l\u2019intention de construire un belv\u00e9d\u00e8re \u00e0 cet emplacement.<\/p>\n","protected":false},"excerpt":{"rendered":"Les anciens locaux de la marbrerie situ\u00e9e sur le sommet de la rue Andr\u00e9-Ruel, en face du cimeti\u00e8re&hellip;\n","protected":false},"author":2,"featured_media":637232,"comment_status":"","ping_status":"","sticky":false,"template":"","format":"standard","meta":{"footnotes":""},"categories":[9653],"tags":[1111,11,2430,7539,436,1777,674,1011,27,12,25,4001,7538],"class_list":{"0":"post-637231","1":"post","2":"type-post","3":"status-publish","4":"format-standard","5":"has-post-thumbnail","7":"category-saint-etienne","8":"tag-actu","9":"tag-actualites","10":"tag-auvergne-rhone-alpes","11":"tag-edition-loire-sud","12":"tag-environnement","13":"tag-eu","14":"tag-europe","15":"tag-fr","16":"tag-france","17":"tag-news","18":"tag-republique-francaise","19":"tag-saint-etienne","20":"tag-saint-etienne-ville"},"share_on_mastodon":{"url":"https:\/\/pubeurope.com\/@fr\/115828233721794158","error":""},"_links":{"self":[{"href":"https:\/\/www.europesays.com\/fr\/wp-json\/wp\/v2\/posts\/637231","targetHints":{"allow":["GET"]}}],"collection":[{"href":"https:\/\/www.europesays.com\/fr\/wp-json\/wp\/v2\/posts"}],"about":[{"href":"https:\/\/www.europesays.com\/fr\/wp-json\/wp\/v2\/types\/post"}],"author":[{"embeddable":true,"href":"https:\/\/www.europesays.com\/fr\/wp-json\/wp\/v2\/users\/2"}],"replies":[{"embeddable":true,"href":"https:\/\/www.europesays.com\/fr\/wp-json\/wp\/v2\/comments?post=637231"}],"version-history":[{"count":0,"href":"https:\/\/www.europesays.com\/fr\/wp-json\/wp\/v2\/posts\/637231\/revisions"}],"wp:featuredmedia":[{"embeddable":true,"href":"https:\/\/www.europesays.com\/fr\/wp-json\/wp\/v2\/media\/637232"}],"wp:attachment":[{"href":"https:\/\/www.europesays.com\/fr\/wp-json\/wp\/v2\/media?parent=637231"}],"wp:term":[{"taxonomy":"category","embeddable":true,"href":"https:\/\/www.europesays.com\/fr\/wp-json\/wp\/v2\/categories?post=637231"},{"taxonomy":"post_tag","embeddable":true,"href":"https:\/\/www.europesays.com\/fr\/wp-json\/wp\/v2\/tags?post=637231"}],"curies":[{"name":"wp","href":"https:\/\/api.w.org\/{rel}","templated":true}]}}