{"id":637233,"date":"2026-01-03T00:02:10","date_gmt":"2026-01-03T00:02:10","guid":{"rendered":"https:\/\/www.europesays.com\/fr\/637233\/"},"modified":"2026-01-03T00:02:10","modified_gmt":"2026-01-03T00:02:10","slug":"une-pepite-se-projette-avec-saint-etienne","status":"publish","type":"post","link":"https:\/\/www.europesays.com\/fr\/637233\/","title":{"rendered":"Une p\u00e9pite se projette avec Saint-Etienne"},"content":{"rendered":"<p>Afficher l\u2019index Masquer l\u2019index <\/p>\n<p>Figurant parmi les jeunes joueurs promus par l\u2019entra\u00eeneur de l\u2019<strong>ASSE<\/strong>, <strong>Nadir El Jamali<\/strong> se fixe de nouveaux objectifs avec son club formateur.<\/p>\n<p>ASSE : Eirik Horneland encense Nadir El Jamali\t<\/p>\n<p><a href=\"https:\/\/www.foot-sur7.fr\/695712-lasse-dispose-dun-atout-majeur-pour-la-montee-en-ligue-1\" data-type=\"post\" data-id=\"695712\" target=\"_blank\" rel=\"noopener\">Nadir El Jamali a \u00e9t\u00e9 lanc\u00e9 en Ligue 2 cette saison<\/a> par Eirik Horneland. Il compte \u00e0 ce jour une dizaine d\u2019apparitions en championnat et a disput\u00e9 deux matchs en coupe de France. Il fait partie des joueurs talentueux et prometteurs de la R\u00e9serve, sur qui l\u2019entra\u00eeneur de l\u2019\u00e9quipe professionnel compte cette saison. Apr\u00e8s les premiers matchs satisfaisants du milieu offensif en Ligue 2, le technicien norv\u00e9gien n\u2019avait pas tari d\u2019\u00e9loges sur lui.<\/p>\n<p><strong>Lisez aussi : <a href=\"https:\/\/www.foot-sur7.fr\/715176-mercato-asse-les-besoins-de-horneland-pour-lhiver\" target=\"_blank\" rel=\"noopener\">Mercato ASSE : Les besoins de Horneland pour l\u2019hiver<\/a><\/strong><\/p>\n<p><a class=\"related-article simple\" href=\"https:\/\/www.foot-sur7.fr\/715389-om-de-zerbi-soulage-trois-renforts-debarquent\" target=\"_blank\" rel=\"noopener\">\u00c0 voirOM\u00a0: De Zerbi soulag\u00e9, trois renforts d\u00e9barquent !<\/a><\/p>\n<p>\u00ab J\u2019ai beaucoup aim\u00e9 les 20 minutes de Nadir El Jamali face \u00e0 Bastia (2-2), o\u00f9 il est impliqu\u00e9 sur l\u2019\u00e9galisation. Il a fait des diff\u00e9rences et a amen\u00e9 du surnombre offensivement, de la qualit\u00e9 dans la surface adverse \u00bb, avait-il d\u00e9clar\u00e9 apr\u00e8s le dernier match de la premi\u00e8re phase du championnat.<\/p>\n<p>Mercato : El Jamali se fixe des objectifs \u00e0 Saint-Etienne<\/p>\n<p>Pr\u00e9sent en <a href=\"https:\/\/www.foot-sur7.fr\/715174-asse-avant-la-phase-retour-horneland-annonce-la-couleur\" data-type=\"post\" data-id=\"715174\" target=\"_blank\" rel=\"noopener\">conf\u00e9rence de presse d\u2019avant-match contre le Mans FC<\/a>, le joueur de 18 ans se f\u00e9licite d\u2019avoir franchi un nouveau palier avec son club formateur. \u00ab Je m\u2019\u00e9tais fix\u00e9 des objectifs la saison derni\u00e8re, lorsque j\u2019\u00e9voluais en R\u00e9serve. Je souhaitais signer professionnel et avoir du temps de jeu avec l\u2019\u00e9quipe premi\u00e8re. Je suis tr\u00e8s heureux d\u2019avoir atteint ces capes \u00bb, s\u2019est-il r\u00e9joui.<\/p>\n<p>Pour rappel, il a sign\u00e9 son premier contrat pro en mai 2025, jusqu\u2019au 30 juin 2028, soit pour trois saisons. \u00c9voquant son objectif imm\u00e9diat, Nadir El Jamali avoue que dans qu\u2019il \u00ab attend son premier but en championnat \u00bb, ce qui \u00ab pourrait le lib\u00e9rer \u00bb.<\/p>\n<p>La p\u00e9pite vise une place de titulaire dans l\u2019\u00e9quipe de Horneland<\/p>\n<p>Sur le moyen terme, il compte poursuivre sa progression \u00e0 l\u2019<a href=\"https:\/\/www.foot-sur7.fr\/foot-saint-etienne\" data-type=\"link\" data-id=\"https:\/\/www.foot-sur7.fr\/foot-saint-etienne\" target=\"_blank\" rel=\"noopener\">AS Saint-Etienne<\/a> et tenter de gagner une place dans l\u2019\u00e9quipe type d\u2019<strong>Eirik Horneland<\/strong>. \u00ab D\u00e9sormais, je veux continuer \u00e0 travailler pour gagner une place de titulaire, malgr\u00e9 la forte concurrence \u00bb, a-t-il indiqu\u00e9.<\/p>\n<p>Notons qu\u2019Eirik Horneland avait lanc\u00e9 <strong>Djylian N\u2019Guessan<\/strong> en Ligue 2 en janvier 2025 \u00e0 16 ans et 4 mois. Cette ann\u00e9e, il fait confiance \u00e0 Paul Eymard (18 ans), Luan Gadegbekou (18 ans) ou encore K\u00e9vin Pedro (19 ans), en plus de Jamali.<\/p>\n<p>Lire aussi sur l\u2019ASSE :<\/p>\n<p><a href=\"https:\/\/www.foot-sur7.fr\/715160-asse-lenorme-aveu-de-maxime-bernauer\" target=\"_blank\" rel=\"noopener\">ASSE : L\u2019\u00e9norme aveu de Maxime Bernauer<\/a><\/p>\n<p><a class=\"related-article simple\" href=\"https:\/\/www.foot-sur7.fr\/715402-le-psg-commence-lannee-2026-avec-une-mauvaise-nouvelle\" target=\"_blank\" rel=\"noopener\">\u00c0 voirLe PSG commence l\u2019ann\u00e9e 2026 avec une mauvaise nouvelle !<\/a><\/p>\n<p><a href=\"https:\/\/www.foot-sur7.fr\/715147-asse-il-sen-va-et-revele-pourquoi-il-a-tourne-dos-a-saint-etienne\" target=\"_blank\" rel=\"noopener\">ASSE : Il s\u2019en va et r\u00e9v\u00e8le pourquoi il a tourn\u00e9 dos \u00e0 Saint-\u00c9tienne<\/a><\/p>\n<p><a href=\"https:\/\/www.foot-sur7.fr\/715129-mercato-asse-forte-concurrence-pour-raykkonen\" target=\"_blank\" rel=\"noopener\">Mercato ASSE : Forte concurrence pour Raykkonen<\/a><\/p>\n","protected":false},"excerpt":{"rendered":"Afficher l\u2019index Masquer l\u2019index Figurant parmi les jeunes joueurs promus par l\u2019entra\u00eeneur de l\u2019ASSE, Nadir El Jamali se&hellip;\n","protected":false},"author":2,"featured_media":303641,"comment_status":"","ping_status":"","sticky":false,"template":"","format":"standard","meta":{"footnotes":""},"categories":[9653],"tags":[1111,11,2430,1777,674,1011,27,12,25,4001],"class_list":{"0":"post-637233","1":"post","2":"type-post","3":"status-publish","4":"format-standard","5":"has-post-thumbnail","7":"category-saint-etienne","8":"tag-actu","9":"tag-actualites","10":"tag-auvergne-rhone-alpes","11":"tag-eu","12":"tag-europe","13":"tag-fr","14":"tag-france","15":"tag-news","16":"tag-republique-francaise","17":"tag-saint-etienne"},"share_on_mastodon":{"url":"https:\/\/pubeurope.com\/@fr\/115828237436877140","error":""},"_links":{"self":[{"href":"https:\/\/www.europesays.com\/fr\/wp-json\/wp\/v2\/posts\/637233","targetHints":{"allow":["GET"]}}],"collection":[{"href":"https:\/\/www.europesays.com\/fr\/wp-json\/wp\/v2\/posts"}],"about":[{"href":"https:\/\/www.europesays.com\/fr\/wp-json\/wp\/v2\/types\/post"}],"author":[{"embeddable":true,"href":"https:\/\/www.europesays.com\/fr\/wp-json\/wp\/v2\/users\/2"}],"replies":[{"embeddable":true,"href":"https:\/\/www.europesays.com\/fr\/wp-json\/wp\/v2\/comments?post=637233"}],"version-history":[{"count":0,"href":"https:\/\/www.europesays.com\/fr\/wp-json\/wp\/v2\/posts\/637233\/revisions"}],"wp:featuredmedia":[{"embeddable":true,"href":"https:\/\/www.europesays.com\/fr\/wp-json\/wp\/v2\/media\/303641"}],"wp:attachment":[{"href":"https:\/\/www.europesays.com\/fr\/wp-json\/wp\/v2\/media?parent=637233"}],"wp:term":[{"taxonomy":"category","embeddable":true,"href":"https:\/\/www.europesays.com\/fr\/wp-json\/wp\/v2\/categories?post=637233"},{"taxonomy":"post_tag","embeddable":true,"href":"https:\/\/www.europesays.com\/fr\/wp-json\/wp\/v2\/tags?post=637233"}],"curies":[{"name":"wp","href":"https:\/\/api.w.org\/{rel}","templated":true}]}}