{"id":637238,"date":"2026-01-03T00:13:09","date_gmt":"2026-01-03T00:13:09","guid":{"rendered":"https:\/\/www.europesays.com\/fr\/637238\/"},"modified":"2026-01-03T00:13:09","modified_gmt":"2026-01-03T00:13:09","slug":"les-foires-a-tout-et-brocantes-du-week-end-pour-bien-commencer-lannee-2026","status":"publish","type":"post","link":"https:\/\/www.europesays.com\/fr\/637238\/","title":{"rendered":"Les foires \u00e0 tout et brocantes du week-end, pour bien commencer l&rsquo;ann\u00e9e 2026"},"content":{"rendered":"<p>                    Par<br \/>\n        <strong><br \/>\n            <a href=\"https:\/\/actu.fr\/auteur\/louise-boutard\" title=\"Consulter tous les articles de Louise Boutard\" target=\"_blank\" rel=\"noopener\">Louise Boutard<\/a><br \/>\n                    <\/strong><\/p>\n<p>        Publi\u00e9 le<\/p>\n<p>            2 janv. 2026 \u00e0 20h28        <\/p>\n<p>Pour un moment en famille ou des recherches d\u2019habitu\u00e9s, quelques foires \u00e0 tout et vide-greniers se tiennent d\u00e8s ce <strong>premier week-end de l\u2019ann\u00e9e 2026<\/strong> en <a href=\"https:\/\/actu.fr\/76actu\/\" target=\"_blank\" rel=\"noopener\">Seine-Maritime<\/a>. Samedi\u00a03 et dimanche 4\u00a0janvier, voici quelques rendez-vous pour les bonnes affaires.<\/p>\n<p>Samedi 3\u00a0janvier<\/p>\n<p class=\" wall-content\"><strong>Oissel\u2009:<\/strong> foire \u00e0 tout \u00e0 l\u2019int\u00e9rieur du palais des congr\u00e8s, de 9\u2009h \u00e0 18\u2009h. Restauration sur place.<\/p>\n<p>Dimanche 4\u00a0janvier<\/p>\n<p class=\" wall-content\"><strong>Le\u00a0Havre\u2009:<\/strong> vide-grenier de d\u00e9but d\u2019ann\u00e9e au 17, rue Pierre-Farcis, de 7\u2009h \u00e0 18\u2009h. Entr\u00e9e 1\u00a0\u20ac. Restauration sur place.<\/p>\n<p class=\" wall-content\"><strong>Le\u00a0Havre<\/strong>\u2009: vide-grenier dans la salle des f\u00eates de Franklin, rue Dum\u00e9 d\u2019Aplemont, de 8\u2009h\u200930 \u00e0 17\u2009h. Entr\u00e9e 1\u00a0\u20ac. Au b\u00e9n\u00e9fice de la f\u00e9d\u00e9ration des malades et handicap\u00e9s du\u00a0Havre.<\/p>\n<p class=\" wall-content\"><strong>Oissel<\/strong>\u2009: foire \u00e0 tout \u00e0 l\u2019int\u00e9rieur du palais des congr\u00e8s, de 9\u2009h \u00e0 18\u2009h. Restauration sur place.<\/p>\n<p>Vid\u00e9os : en ce moment sur Actu<\/p>\n<p class=\" wall-content\"><strong>Yvetot<\/strong>\u2009: foire \u00e0 tout salle du vieux Moulin, rue de l\u2019\u00e9tang de 7\u2009h\u200930 \u00e0 17\u2009h\u200930. Restauration sur place.<\/p>\n<p>Vous souhaitez annoncer un \u00e9v\u00e9nement festif ou associatif, une initiative locale\u2009? Rendez-vous sur notre plateforme <a href=\"https:\/\/www.infolocale.fr\/decouvrir\/actu\/\" target=\"_blank\" rel=\"noopener\">Infolocale.<\/a><\/p>\n<p class=\" wall-content\">Personnalisez votre actualit\u00e9 en ajoutant vos villes et m\u00e9dias en favori avec <a href=\"https:\/\/moncompte.actu.fr\" title=\"D\u00e9couvez Mon Actu\" rel=\"nofollow noopener\" data-trk=\"{&quot;cta&quot;:{&quot;action&quot;:&quot;https:\\\/\\\/moncompte.actu.fr&quot;,&quot;category&quot;:&quot;mon compte&quot;,&quot;from&quot;:&quot;article footer&quot;,&quot;name&quot;:&quot;Mon actu&quot;,&quot;type&quot;:&quot;cta&quot;}}\" target=\"_blank\">Mon Actu<\/a>.<\/p>\n","protected":false},"excerpt":{"rendered":"Par Louise Boutard Publi\u00e9 le 2 janv. 2026 \u00e0 20h28 Pour un moment en famille ou des recherches&hellip;\n","protected":false},"author":2,"featured_media":637239,"comment_status":"","ping_status":"","sticky":false,"template":"","format":"standard","meta":{"footnotes":""},"categories":[9587],"tags":[1111,11,6961,1777,674,10087,1011,27,12,5161,25,9590,104,3365],"class_list":{"0":"post-637238","1":"post","2":"type-post","3":"status-publish","4":"format-standard","5":"has-post-thumbnail","7":"category-rouen","8":"tag-actu","9":"tag-actualites","10":"tag-brocante","11":"tag-eu","12":"tag-europe","13":"tag-foires-a-tout","14":"tag-fr","15":"tag-france","16":"tag-news","17":"tag-normandie","18":"tag-republique-francaise","19":"tag-rouen","20":"tag-societe","21":"tag-vide-greniers"},"share_on_mastodon":{"url":"https:\/\/pubeurope.com\/@fr\/115828280780849465","error":""},"_links":{"self":[{"href":"https:\/\/www.europesays.com\/fr\/wp-json\/wp\/v2\/posts\/637238","targetHints":{"allow":["GET"]}}],"collection":[{"href":"https:\/\/www.europesays.com\/fr\/wp-json\/wp\/v2\/posts"}],"about":[{"href":"https:\/\/www.europesays.com\/fr\/wp-json\/wp\/v2\/types\/post"}],"author":[{"embeddable":true,"href":"https:\/\/www.europesays.com\/fr\/wp-json\/wp\/v2\/users\/2"}],"replies":[{"embeddable":true,"href":"https:\/\/www.europesays.com\/fr\/wp-json\/wp\/v2\/comments?post=637238"}],"version-history":[{"count":0,"href":"https:\/\/www.europesays.com\/fr\/wp-json\/wp\/v2\/posts\/637238\/revisions"}],"wp:featuredmedia":[{"embeddable":true,"href":"https:\/\/www.europesays.com\/fr\/wp-json\/wp\/v2\/media\/637239"}],"wp:attachment":[{"href":"https:\/\/www.europesays.com\/fr\/wp-json\/wp\/v2\/media?parent=637238"}],"wp:term":[{"taxonomy":"category","embeddable":true,"href":"https:\/\/www.europesays.com\/fr\/wp-json\/wp\/v2\/categories?post=637238"},{"taxonomy":"post_tag","embeddable":true,"href":"https:\/\/www.europesays.com\/fr\/wp-json\/wp\/v2\/tags?post=637238"}],"curies":[{"name":"wp","href":"https:\/\/api.w.org\/{rel}","templated":true}]}}