{"id":637242,"date":"2026-01-03T00:15:11","date_gmt":"2026-01-03T00:15:11","guid":{"rendered":"https:\/\/www.europesays.com\/fr\/637242\/"},"modified":"2026-01-03T00:15:11","modified_gmt":"2026-01-03T00:15:11","slug":"quel-avenir-pour-le-ghm-de-grenoble-en-redressement-judiciaire","status":"publish","type":"post","link":"https:\/\/www.europesays.com\/fr\/637242\/","title":{"rendered":"Quel avenir pour le GHM de Grenoble, en redressement judiciaire?"},"content":{"rendered":"<p>L\u2019ann\u00e9e 2026 sera d\u00e9ci\u00adsive pour le Groupement hos\u00adpi\u00adta\u00adlier mutua\u00adliste de Grenoble. L\u2019\u00e9tablissement, plus sou\u00advent connu sous le nom de Clinique mutua\u00adliste, a \u00e9t\u00e9 plac\u00e9 en redres\u00adse\u00adment judi\u00adciaire par le tri\u00adbu\u00adnal judi\u00adciaire de Grenoble, d\u00e9but d\u00e9cembre 2025. Une mesure fai\u00adsant suite \u00e0 la demande faite par les admi\u00adnis\u00adtra\u00adteurs pro\u00advi\u00adsoires du GHM eux-m\u00eames, au cours d\u2019une audience devant les juges le lundi 24 novembre.<\/p>\n<p><a href=\"https:\/\/www.europesays.com\/fr\/wp-content\/uploads\/2026\/01\/RentreeTribunalJudiciaireCrediJoelKermabon-4.jpg\" target=\"_blank\" rel=\"noopener\"><img fetchpriority=\"high\" decoding=\"async\" aria-describedby=\"caption-attachment-558036\" class=\"wp-image-558036 size-full\" src=\"data:image\/svg+xml,%3Csvg%20xmlns=\" http:=\"\" alt=\"Le tribunal judiciaire de Grenoble a acc\u00e9d\u00e9 \u00e0 la demande des administrateurs provisoires de la Clinique mutualiste de Grenoble de placer l'\u00e9tablissement en redressement judiciaire. \u00a9 Jo\u00ebl Kermabon - Place Gre'net\" width=\"1000\" height=\"750\" data-lazy- data-lazy- data-lazy-src=\"https:\/\/www.europesays.com\/fr\/wp-content\/uploads\/2026\/01\/RentreeTribunalJudiciaireCrediJoelKermabon-4.jpg\"\/><\/a><\/p>\n<p id=\"caption-attachment-558036\" class=\"wp-caption-text\">Le tri\u00adbu\u00adnal judi\u00adciaire de Grenoble a acc\u00e9d\u00e9 \u00e0 la demande des admi\u00adnis\u00adtra\u00adteurs pro\u00advi\u00adsoires de la Clinique mutua\u00adliste de Grenoble de pla\u00adcer l\u2019\u00e9\u00adta\u00adblis\u00adse\u00adment en redres\u00adse\u00adment judi\u00adciaire. \u00a9 Jo\u00ebl Kermabon \u2013 Place Gre\u2019net<\/p>\n<p>Le pla\u00adce\u00adment en redres\u00adse\u00adment judi\u00adciaire n\u2019\u00e9\u00adtait pas une sur\u00adprise. La cli\u00adnique souffre de plu\u00adsieurs ann\u00e9es sous ges\u00adtion du groupe Avec, mar\u00adqu\u00e9e par des <a href=\"https:\/\/www.placegrenet.fr\/2025\/10\/02\/affaire-ghm-de-grenoble-bernard-bensaid-accuse-de-detournement-de-fonds-publics-et-prise-illegale-dinterets\/661159\" target=\"_blank\" rel=\"noopener\">ponc\u00adtions dans la tr\u00e9\u00adso\u00adre\u00adrie au pro\u00adfit d\u2019autres struc\u00adtures<\/a> du groupe et par une conven\u00adtion jug\u00e9e sus\u00adpecte entre l\u2019\u00e9\u00adta\u00adblis\u00adse\u00adment et son repre\u00adneur. Des faits qui repr\u00e9\u00adsen\u00adte\u00adraient plus de 10 mil\u00adlions d\u2019eu\u00adros de perte, dont une grande part ne sera pro\u00adba\u00adble\u00adment jamais recouvr\u00e9e\u00a0.<\/p>\n<p>Quelques semaines avant le pla\u00adce\u00adment en redres\u00adse\u00adment judi\u00adciaire, l\u2019as\u00adso\u00adcia\u00adtion des Amis de la Clinique mutua\u00adliste, l\u2019u\u00adnion de quar\u00adtier Saint-Bruno et le syn\u00addi\u00adcat Force ouvri\u00e8re <a href=\"https:\/\/www.placegrenet.fr\/2025\/10\/28\/le-ghm-au-bord-du-redressement-les-defenseurs-de-la-clinique-mutualiste-de-grenoble-tirent-la-sonnette-dalarme\/663185\" target=\"_blank\" rel=\"noopener\">aler\u00adtaient d\u00e9j\u00e0 sur cette pers\u00adpec\u00adtive<\/a>.<\/p>\n<p>Pour rajou\u00adter aux d\u00e9boires du GHM, ses d\u00e9fen\u00adseurs indi\u00adquaient que l\u2019Agence r\u00e9gio\u00adnale de sant\u00e9 lui avait retir\u00e9 son finan\u00adce\u00adment de 3,8 mil\u00adlions d\u2019eu\u00adros pour l\u2019an\u00adn\u00e9e 2025, tan\u00addis que le Fisc lui r\u00e9cla\u00admait 5 mil\u00adlions d\u2019eu\u00adros, tou\u00adjours en rai\u00adson de la ges\u00adtion par Bernard Bensaid\u2026 dont l\u2019\u00e9\u00adta\u00adblis\u00adse\u00adment est pour\u00adtant la pre\u00admi\u00e8re victime.<\/p>\n","protected":false},"excerpt":{"rendered":"L\u2019ann\u00e9e 2026 sera d\u00e9ci\u00adsive pour le Groupement hos\u00adpi\u00adta\u00adlier mutua\u00adliste de Grenoble. L\u2019\u00e9tablissement, plus sou\u00advent connu sous le nom&hellip;\n","protected":false},"author":2,"featured_media":637243,"comment_status":"","ping_status":"","sticky":false,"template":"","format":"standard","meta":{"footnotes":""},"categories":[9566],"tags":[1111,11,2430,1777,674,1011,27,2731,12,25],"class_list":{"0":"post-637242","1":"post","2":"type-post","3":"status-publish","4":"format-standard","5":"has-post-thumbnail","7":"category-grenoble","8":"tag-actu","9":"tag-actualites","10":"tag-auvergne-rhone-alpes","11":"tag-eu","12":"tag-europe","13":"tag-fr","14":"tag-france","15":"tag-grenoble","16":"tag-news","17":"tag-republique-francaise"},"share_on_mastodon":{"url":"https:\/\/pubeurope.com\/@fr\/115828288717885393","error":""},"_links":{"self":[{"href":"https:\/\/www.europesays.com\/fr\/wp-json\/wp\/v2\/posts\/637242","targetHints":{"allow":["GET"]}}],"collection":[{"href":"https:\/\/www.europesays.com\/fr\/wp-json\/wp\/v2\/posts"}],"about":[{"href":"https:\/\/www.europesays.com\/fr\/wp-json\/wp\/v2\/types\/post"}],"author":[{"embeddable":true,"href":"https:\/\/www.europesays.com\/fr\/wp-json\/wp\/v2\/users\/2"}],"replies":[{"embeddable":true,"href":"https:\/\/www.europesays.com\/fr\/wp-json\/wp\/v2\/comments?post=637242"}],"version-history":[{"count":0,"href":"https:\/\/www.europesays.com\/fr\/wp-json\/wp\/v2\/posts\/637242\/revisions"}],"wp:featuredmedia":[{"embeddable":true,"href":"https:\/\/www.europesays.com\/fr\/wp-json\/wp\/v2\/media\/637243"}],"wp:attachment":[{"href":"https:\/\/www.europesays.com\/fr\/wp-json\/wp\/v2\/media?parent=637242"}],"wp:term":[{"taxonomy":"category","embeddable":true,"href":"https:\/\/www.europesays.com\/fr\/wp-json\/wp\/v2\/categories?post=637242"},{"taxonomy":"post_tag","embeddable":true,"href":"https:\/\/www.europesays.com\/fr\/wp-json\/wp\/v2\/tags?post=637242"}],"curies":[{"name":"wp","href":"https:\/\/api.w.org\/{rel}","templated":true}]}}