{"id":637246,"date":"2026-01-03T00:17:27","date_gmt":"2026-01-03T00:17:27","guid":{"rendered":"https:\/\/www.europesays.com\/fr\/637246\/"},"modified":"2026-01-03T00:17:27","modified_gmt":"2026-01-03T00:17:27","slug":"apres-les-fetes-voici-ou-deposer-son-sapin-de-noel-pour-lui-donner-une-seconde-vie","status":"publish","type":"post","link":"https:\/\/www.europesays.com\/fr\/637246\/","title":{"rendered":"apr\u00e8s les f\u00eates, voici o\u00f9 d\u00e9poser son sapin de No\u00ebl pour lui donner une seconde vie"},"content":{"rendered":"<p>                    Par<br \/>\n        <strong><br \/>\n            <a href=\"https:\/\/actu.fr\/auteur\/clemence-pays02-actu-fr\" title=\"Consulter tous les articles de Cl\u00e9mence Pays\" target=\"_blank\" rel=\"noopener\">Cl\u00e9mence Pays<\/a><br \/>\n                    <\/strong><\/p>\n<p>        Publi\u00e9 le<\/p>\n<p>            2 janv. 2026 \u00e0 6h00        <\/p>\n<p>Place \u00e0 2026. Alors que <a href=\"https:\/\/actu.fr\/tag\/noel-a-rennes\" target=\"_blank\" rel=\"noopener\">No\u00ebl<\/a> et le <a href=\"https:\/\/actu.fr\/tag\/nouvel-an-a-rennes\" target=\"_blank\" rel=\"noopener\">Nouvel an<\/a> sont termin\u00e9s, les d\u00e9corations de f\u00eate vont petit \u00e0 petit retourner dans les cartons et les sapins vont devoir quitter appartements et maisons.<\/p>\n<p class=\" wall-content\">\u00ab\u2009L\u2019<strong>op\u00e9ration Sapin malin<\/strong> est de retour \u00e0 Rennes pour donner une seconde vie\u2009\u00bb \u00e0 ces arbres, annonce la Ville.<\/p>\n<p>O\u00f9 d\u00e9poser votre sapin\u2009?<\/p>\n<p class=\" wall-content\">Les sapins de No\u00ebl naturels peuvent \u00eatre <strong>d\u00e9pos\u00e9s dans des points de collecte<\/strong> d\u00e9di\u00e9s et install\u00e9s\u2009:<\/p>\n<ul class=\" wall-content\">\n<li>dans les 12 quartiers de la ville\u2009;<\/li>\n<li>\u00e0 ViaSilva, \u00e0 l\u2019angle de l\u2019avenue des Champs-Blancs et de la rue Bouriande, \u00e0 Cesson-S\u00e9vign\u00e9\u2009;<\/li>\n<li>dans 27\u00a0communes de la m\u00e9tropole.<\/li>\n<\/ul>\n<p class=\" wall-content\">Les <strong>adresses pr\u00e9cises<\/strong> sont \u00e0 retrouver <a href=\"https:\/\/ici.rennes.fr\/actualites\/2025-12-08-apres-les-fetes-mon-sapin-jen-fait-quoi\/\" target=\"_blank\" rel=\"noopener\">en cliquant ici<\/a>.<\/p>\n<p class=\" wall-content\">Ces enclos sont d\u2019ores et d\u00e9j\u00e0 accessibles et le resteront<strong> jusqu\u2019au 29\u00a0janvier 2026.<\/strong> Petite <strong>exception pour les trois quartiers suivants,<\/strong> qui verront leur point de collecte ouvert le 3\u00a0janvier\u2009:<\/p>\n<ul class=\" wall-content\">\n<li>quartier Centre\u2009;<\/li>\n<li>quartier Thabor \u2013 Alphonse-Gu\u00e9rin \u2013 Baud-Chardonnet\u2009;<\/li>\n<li>quartier Bourg-L\u2019Evesque \u2013 La Touche \u2013 Moulin-du-Comte.<\/li>\n<\/ul>\n<p>Les sapins valoris\u00e9s par les services de la Ville<\/p>\n<p class=\" wall-content\">\u00ab\u2009Les sapins collect\u00e9s dans les enclos seront <strong>broy\u00e9s<\/strong> sur place\u2009\u00bb \u00e0 partir de la premi\u00e8re semaine de janvier.<\/p>\n<p>Votre r\u00e9gion, votre actu !<\/p>\n<p>Recevez chaque jour les infos qui comptent pour vous.<\/p>\n<p>\t<a href=\"https:\/\/actu.fr\/newsletter\" class=\"ac-btn ac-btn--corner ac-btn--medium ac-btn--blue800\" target=\"_blank\" rel=\"noopener\">S&rsquo;incrire<\/a><\/p>\n<blockquote class=\"ac-article-quote wall-content\">\n<p>Le broyat sera utilis\u00e9 comme ressource v\u00e9g\u00e9tale par les services de Rennes M\u00e9tropole au sein notamment des aires de compostage partag\u00e9es. <\/p>\n<p>    <strong>Rennes M\u00e9tropole<\/strong>\n            <\/p><\/blockquote>\n<p class=\" wall-content\">Pour garantir la qualit\u00e9 du compost ou du broyat, les sapins doivent \u00eatre d\u00e9pos\u00e9s <strong>sans sac, sans d\u00e9coration et sans neige artificielle.<\/strong><\/p>\n<p class=\" wall-content\">Personnalisez votre actualit\u00e9 en ajoutant vos villes et m\u00e9dias en favori avec <a href=\"https:\/\/moncompte.actu.fr\" title=\"D\u00e9couvez Mon Actu\" rel=\"nofollow noopener\" data-trk=\"{&quot;cta&quot;:{&quot;action&quot;:&quot;https:\\\/\\\/moncompte.actu.fr&quot;,&quot;category&quot;:&quot;mon compte&quot;,&quot;from&quot;:&quot;article footer&quot;,&quot;name&quot;:&quot;Mon actu&quot;,&quot;type&quot;:&quot;cta&quot;}}\" target=\"_blank\">Mon Actu<\/a>.<\/p>\n","protected":false},"excerpt":{"rendered":"Par Cl\u00e9mence Pays Publi\u00e9 le 2 janv. 2026 \u00e0 6h00 Place \u00e0 2026. Alors que No\u00ebl et le&hellip;\n","protected":false},"author":2,"featured_media":637247,"comment_status":"","ping_status":"","sticky":false,"template":"","format":"standard","meta":{"footnotes":""},"categories":[2821],"tags":[1111,11,829,3008,1777,674,1011,27,12,57084,3887,584,25,104],"class_list":{"0":"post-637246","1":"post","2":"type-post","3":"status-publish","4":"format-standard","5":"has-post-thumbnail","7":"category-rennes","8":"tag-actu","9":"tag-actualites","10":"tag-bretagne","11":"tag-dechets","12":"tag-eu","13":"tag-europe","14":"tag-fr","15":"tag-france","16":"tag-news","17":"tag-noel-a-rennes","18":"tag-recyclage","19":"tag-rennes","20":"tag-republique-francaise","21":"tag-societe"},"share_on_mastodon":{"url":"https:\/\/pubeurope.com\/@fr\/115828296613055850","error":""},"_links":{"self":[{"href":"https:\/\/www.europesays.com\/fr\/wp-json\/wp\/v2\/posts\/637246","targetHints":{"allow":["GET"]}}],"collection":[{"href":"https:\/\/www.europesays.com\/fr\/wp-json\/wp\/v2\/posts"}],"about":[{"href":"https:\/\/www.europesays.com\/fr\/wp-json\/wp\/v2\/types\/post"}],"author":[{"embeddable":true,"href":"https:\/\/www.europesays.com\/fr\/wp-json\/wp\/v2\/users\/2"}],"replies":[{"embeddable":true,"href":"https:\/\/www.europesays.com\/fr\/wp-json\/wp\/v2\/comments?post=637246"}],"version-history":[{"count":0,"href":"https:\/\/www.europesays.com\/fr\/wp-json\/wp\/v2\/posts\/637246\/revisions"}],"wp:featuredmedia":[{"embeddable":true,"href":"https:\/\/www.europesays.com\/fr\/wp-json\/wp\/v2\/media\/637247"}],"wp:attachment":[{"href":"https:\/\/www.europesays.com\/fr\/wp-json\/wp\/v2\/media?parent=637246"}],"wp:term":[{"taxonomy":"category","embeddable":true,"href":"https:\/\/www.europesays.com\/fr\/wp-json\/wp\/v2\/categories?post=637246"},{"taxonomy":"post_tag","embeddable":true,"href":"https:\/\/www.europesays.com\/fr\/wp-json\/wp\/v2\/tags?post=637246"}],"curies":[{"name":"wp","href":"https:\/\/api.w.org\/{rel}","templated":true}]}}