{"id":637248,"date":"2026-01-03T00:18:34","date_gmt":"2026-01-03T00:18:34","guid":{"rendered":"https:\/\/www.europesays.com\/fr\/637248\/"},"modified":"2026-01-03T00:18:34","modified_gmt":"2026-01-03T00:18:34","slug":"habib-beye-est-tres-clair-sur-son-avenir-au-stade-rennais-france-stade-rennais","status":"publish","type":"post","link":"https:\/\/www.europesays.com\/fr\/637248\/","title":{"rendered":"Habib Beye est tr\u00e8s clair sur son avenir au Stade rennais &#8211; France &#8211; Stade rennais"},"content":{"rendered":"<p>La communication, c\u2019est la cl\u00e9 dans une relation.<\/p>\n<p>D\u00e9cid\u00e9ment, \u00e7a parle avenir chez les entra\u00eeneurs de Ligue 1 en 2026. Apr\u00e8s Liam Rosenior qui n\u2019a pas encore <a target=\"_blank\" href=\"https:\/\/www.sofoot.com\/breves\/strasbourg-liam-rosenior-sexprime-sur-les-rumeurs-qui-lenvoient-a-chelsea\" rel=\"noopener\">avou\u00e9 sa rupture avec Strasbourg,<\/a> c\u2019est au tour de l\u2019entra\u00eeneur rennais Habib Beye <a target=\"_blank\" href=\"https:\/\/www.staderennais.com\/srfctv\/ligue-1\/j17-lille-osc-stade-rennais-fc-conference-de-presse-davant-match\" rel=\"noopener\">de clarifier sa situation \u00e0 Rennes<\/a>.<\/p>\n<p><a target=\"_blank\" href=\"https:\/\/www.sofoot.com\/breves\/habib-beye-arrive-au-stade-rennais-pour-succeder-a-jorge-sampaoli\" rel=\"noopener\">Arriv\u00e9 en janvier 2025<\/a> pour succ\u00e9der \u00e0 Jorge Sampaoli, le technicien breton n\u2019a jamais cach\u00e9 le cadre de sa mission : l\u2019Europe. Sous contrat jusqu\u2019en juin 2026, <a target=\"_blank\" href=\"https:\/\/www.sofoot.com\/breves\/habib-beye-sera-prolonge-dun-an-sil-qualifie-le-stade-rennais-en-europe-lannee-prochaine\" rel=\"noopener\">avec prolongation automatique en cas de qualification europ\u00e9enne<\/a>, Beye commence l\u2019ann\u00e9e sans langue de bois : \u00ab\u00a0Ce n\u2019est pas une question d\u2019envie de continuer ou pas. S\u2019il n\u2019y a pas de qualification europ\u00e9enne, \u00e7a s\u2019arr\u00eatera et \u00e7a sera tout \u00e0 fait logique.\u00a0\u00bb<\/p>\n<p>Mission jeunesse<\/p>\n<p>L\u2019autre partie du plan de Beye se joue aussi sur le terrain de la formation. Depuis sa prise de fonctions, l\u2019ancien international s\u00e9n\u00e9galais a rapidement accord\u00e9 sa confiance \u00e0 plusieurs jeunes \u00e9l\u00e9ments, comme J\u00e9r\u00e9my Jacquet, Abdelhamid A\u00eft Boudlal, Djaoui Ciss\u00e9 ou Mohamed Kader Me\u00eft\u00e9, d\u00e9sormais bien install\u00e9s dans l\u2019effectif.<\/p>\n<p>\u00ab\u00a0Mon objectif, c\u2019est de faire grandir ce club, de faire progresser des jeunes et on le fait, de valoriser un effectif de grande qualit\u00e9. On a remis une identit\u00e9 claire au sein de ce club avec le d\u00e9veloppement des jeunes, a-t-il d\u00e9roul\u00e9 en conf\u00e9rence de presse \u00e0 la veille du d\u00e9placement \u00e0 Lille. On est tr\u00e8s satisfaits de ce que l\u2019on fait, mais ce travail n\u2019est pas termin\u00e9, il nous reste cinq mois de comp\u00e9tition et ils vont \u00eatre denses, intenses et pleins de passion.\u00a0\u00bb<\/p>\n<p>En gros, on prend rendez-vous le soir du 16 mai.<\/p>\n<p>\t\t\t\t\t\t\t\t\t\t<a class=\"lien-connexe\" href=\"https:\/\/www.sofoot.com\/breves\/coupe-de-france-chantilly-recevra-le-stade-rennais-a-beauvais\" target=\"_blank\" rel=\"noopener\">Le duel Chantilly-Rennes a trouv\u00e9 son stade<\/a>\t\t\t\t\t<\/p>\n","protected":false},"excerpt":{"rendered":"La communication, c\u2019est la cl\u00e9 dans une relation. D\u00e9cid\u00e9ment, \u00e7a parle avenir chez les entra\u00eeneurs de Ligue 1&hellip;\n","protected":false},"author":2,"featured_media":637249,"comment_status":"","ping_status":"","sticky":false,"template":"","format":"standard","meta":{"footnotes":""},"categories":[2821],"tags":[1111,47,11,61,829,69,65,64,1777,674,63,1011,27,68,66,12,62,70,584,25,67],"class_list":{"0":"post-637248","1":"post","2":"type-post","3":"status-publish","4":"format-standard","5":"has-post-thumbnail","7":"category-rennes","8":"tag-actu","9":"tag-actualite","10":"tag-actualites","11":"tag-actus-football","12":"tag-bretagne","13":"tag-bundesliga","14":"tag-championnats-europeens","15":"tag-equipe-de-france","16":"tag-eu","17":"tag-europe","18":"tag-football","19":"tag-fr","20":"tag-france","21":"tag-ligua","22":"tag-ligue-1","23":"tag-news","24":"tag-news-foot","25":"tag-premier-league","26":"tag-rennes","27":"tag-republique-francaise","28":"tag-serie-a"},"share_on_mastodon":{"url":"https:\/\/pubeurope.com\/@fr\/115828300786745653","error":""},"_links":{"self":[{"href":"https:\/\/www.europesays.com\/fr\/wp-json\/wp\/v2\/posts\/637248","targetHints":{"allow":["GET"]}}],"collection":[{"href":"https:\/\/www.europesays.com\/fr\/wp-json\/wp\/v2\/posts"}],"about":[{"href":"https:\/\/www.europesays.com\/fr\/wp-json\/wp\/v2\/types\/post"}],"author":[{"embeddable":true,"href":"https:\/\/www.europesays.com\/fr\/wp-json\/wp\/v2\/users\/2"}],"replies":[{"embeddable":true,"href":"https:\/\/www.europesays.com\/fr\/wp-json\/wp\/v2\/comments?post=637248"}],"version-history":[{"count":0,"href":"https:\/\/www.europesays.com\/fr\/wp-json\/wp\/v2\/posts\/637248\/revisions"}],"wp:featuredmedia":[{"embeddable":true,"href":"https:\/\/www.europesays.com\/fr\/wp-json\/wp\/v2\/media\/637249"}],"wp:attachment":[{"href":"https:\/\/www.europesays.com\/fr\/wp-json\/wp\/v2\/media?parent=637248"}],"wp:term":[{"taxonomy":"category","embeddable":true,"href":"https:\/\/www.europesays.com\/fr\/wp-json\/wp\/v2\/categories?post=637248"},{"taxonomy":"post_tag","embeddable":true,"href":"https:\/\/www.europesays.com\/fr\/wp-json\/wp\/v2\/tags?post=637248"}],"curies":[{"name":"wp","href":"https:\/\/api.w.org\/{rel}","templated":true}]}}