{"id":637250,"date":"2026-01-03T00:19:13","date_gmt":"2026-01-03T00:19:13","guid":{"rendered":"https:\/\/www.europesays.com\/fr\/637250\/"},"modified":"2026-01-03T00:19:13","modified_gmt":"2026-01-03T00:19:13","slug":"la-cathedrale-de-strasbourg-chemin-devolution-conferences-masevaux-niederbruck-date-horaires-tarifs","status":"publish","type":"post","link":"https:\/\/www.europesays.com\/fr\/637250\/","title":{"rendered":"La Cath\u00e9drale de Strasbourg, chemin d\u2019\u00e9volution, Conf\u00e9rences Masevaux-Niederbruck : date, horaires, tarifs"},"content":{"rendered":"<p class=\"fw-bold font-size-16 my-1\"> Le 20\/02\/2026<\/p>\n<p class=\"fw-bold font-size-16 my-1\"> Salle polyvalente de Niederbruck, &#13;<br \/>\nRue du Ch\u00e2teau | <a href=\"https:\/\/www.jds.fr\/mulhouse\/masevaux-niederbruck-198_V\" target=\"_blank\" rel=\"noopener\">Masevaux-Niederbruck<\/a><\/p>\n<p class=\"fw-bold font-size-16 my-1\"> Gratuit <\/p>\n<p>Alliant g\u00e9obiologie et psychologie, \u00e9nergies et symboles, Michel vous invite \u00e0 visiter la Cath\u00e9drale \u00abautrement\u00bb, \u00e0 l\u2019accompagner dans un cheminement initiatique, qui prend parfois des allures d\u2019enqu\u00eate polici\u00e8re, \u00e0 la d\u00e9couverte du secret des b\u00e2tisseurs&#8230;<\/p>\n<p><a data-lightbox=\"article\" data-title=\"La Cath\u00e9drale de Strasbourg, chemin d\u2019\u00e9volution \u00a9 association des Racines et des Arts\" class=\"image detail fullwidth  position-relative d-block\" href=\"https:\/\/www.jds.fr\/medias\/image\/0-25794500-1767370908-812551-920-0-F.webp\" title=\"La Cath\u00e9drale de Strasbourg, chemin d\u2019\u00e9volution \u00a9 association des Racines et des Arts\" target=\"_blank\" rel=\"noopener\"><br \/>\n<img decoding=\"async\" loading=\"lazy\" src=\"https:\/\/www.europesays.com\/fr\/wp-content\/uploads\/2026\/01\/0-25794500-1767370908-812551-1200-0.webp.webp\"   width=\"685\" alt=\"La Cath\u00e9drale de Strasbourg, chemin d\u2019\u00e9volution\" class=\"border\"\/><br \/>\n\u00a9 association des Racines et des Arts<br \/>\nLa Cath\u00e9drale de Strasbourg, chemin d\u2019\u00e9volution<br \/>\n<\/a><\/p>\n<p>Quelques cl\u00e9s et rep\u00e8res remarquables pour une future visite\u00a0\u00ab\u00a0live\u00a0\u00bb de la Cath\u00e9drale r\u00e9ussie\u00a0&#8230;et pour votre propre d\u00e9ambulation sur le chemin de l&rsquo;\u00e9volution personnelle.<\/p>\n<p>            Renseignements<\/p>\n<p><strong class=\"font-size-18\">O\u00f9\u00a0:<\/strong><br \/> Salle polyvalente de Niederbruck, &#13;<br \/>\nRue du Ch\u00e2teau<a class=\"mt-1 d-block ps-4\" href=\"https:\/\/www.jds.fr\/mulhouse\/masevaux-niederbruck-198_V\" target=\"_blank\" rel=\"noopener\"> 68290 Masevaux-Niederbruck<\/a><\/p>\n<p>Artistes\u00a0:<\/p>\n<p>AGSPN et Association \u00ab\u00a0des Racines et des Arts\u00a0\u00bb<\/p>\n<p>Dates et horaires\u00a0: <\/p>\n<ul class=\"liste-dates list-unstyled\" id=\"liste-dates-6958527e279bf\">\n<li>Vendredi 20 F\u00e9vrier 2026 de 19h30 \u00e0 21h<\/li>\n<\/ul>\n<p>Tarifs\u00a0:  <\/p>\n<p>Les actualit\u00e9s \u00e0 Mulhouse<\/p>\n<ul class=\"mt-3 list-unstyled list-articles-v2\" id=\"liste-dates-6958607c67599\">\n<li class=\"col-12 pt-4\" data-view-id-type=\"1\" data-view-id=\"1302837\" data-view-bc=\"0\"><a class=\"image\" href=\"https:\/\/www.jds.fr\/mulhouse\/magazine\/actu-magazine\/mulhouse-obtient-le-label-4-fleurs-pour-ses-espaces-verts-remarquables-1302837_A\" target=\"_blank\" rel=\"noopener\"><img decoding=\"async\" loading=\"lazy\" src=\"https:\/\/www.europesays.com\/fr\/wp-content\/uploads\/2026\/01\/mulhouse-obtient-le-label-4-fleurs-pour-ses-espace-808165-180-180.webp.webp\" width=\"180\" height=\"180\" alt=\"Mulhouse obtient le label 4 Fleurs pour ses espaces verts remarquables\" class=\"border\"\/><\/a><\/li>\n<li class=\"col-12 pt-4\" data-view-id-type=\"1\" data-view-id=\"1294070\" data-view-bc=\"0\"><a class=\"image\" href=\"https:\/\/www.jds.fr\/magazine\/actu-magazine\/le-jds-de-janvier-2026-arrive-1294070_A\" target=\"_blank\" rel=\"noopener\"><img decoding=\"async\" loading=\"lazy\" src=\"https:\/\/www.europesays.com\/fr\/wp-content\/uploads\/2026\/01\/le-jds-de-janvier-arrive-1-799665-180-180.webp.webp\" width=\"180\" height=\"180\" alt=\"Le JDS de Janvier 2026 est arriv\u00e9 !\" class=\"border\"\/><\/a><\/li>\n<li class=\"col-12 pt-4\" data-view-id-type=\"1\" data-view-id=\"1288364\" data-view-bc=\"0\"><a class=\"image\" href=\"https:\/\/www.jds.fr\/mulhouse\/magazine\/actu-magazine\/rencontre-avec-christoph-koncz-1288364_A\" target=\"_blank\" rel=\"noopener\"><img decoding=\"async\" loading=\"lazy\" src=\"https:\/\/www.europesays.com\/fr\/wp-content\/uploads\/2026\/01\/rencontre-avec-christoph-koncz-795811-180-180.webp.webp\" width=\"180\" height=\"180\" alt=\"Rencontre avec Christoph Koncz \ud83c\udfbc\" class=\"border\"\/><\/a><\/li>\n<\/ul>\n<p><a href=\"https:\/\/www.jds.fr\/mulhouse\/magazine\/\" class=\"btn btn-outline-primary py-2 px-4\" target=\"_blank\" rel=\"noopener\">Voir toutes les actualit\u00e9s \u00e0 Mulhouse<\/a><br \/>\n<a class=\"gp_div_clic_event\" data-id=\"3992\" rel=\"nofollow noopener\" href=\"https:\/\/www.jds.fr\/scripts\/gp_div_clic.php?redirection&amp;id=3992&amp;format=18\" target=\"_blank\"><img decoding=\"async\" loading=\"lazy\" src=\"https:\/\/www.europesays.com\/fr\/wp-content\/uploads\/2026\/01\/xperience-300-600-24-24-24.png\" alt=\"Publicit\u00e9\" border=\"0\" width=\"300\"\/><\/a><\/p>\n<p class=\"mt-0 mb-3 h2\">Newsletter JDS Mulhouse<\/p>\n<p class=\"font-size-18 fw-normal lh-sm\">Pr\u00eat pour un week-end de folie\u00a0? Chaque jeudi tous les bons plans sorties<\/p>\n","protected":false},"excerpt":{"rendered":"Le 20\/02\/2026 Salle polyvalente de Niederbruck, &#13; Rue du Ch\u00e2teau | Masevaux-Niederbruck Gratuit Alliant g\u00e9obiologie et psychologie, \u00e9nergies&hellip;\n","protected":false},"author":2,"featured_media":637251,"comment_status":"","ping_status":"","sticky":false,"template":"","format":"standard","meta":{"footnotes":""},"categories":[2820],"tags":[1111,11,1777,674,1011,27,775,12,25,640],"class_list":{"0":"post-637250","1":"post","2":"type-post","3":"status-publish","4":"format-standard","5":"has-post-thumbnail","7":"category-strasbourg","8":"tag-actu","9":"tag-actualites","10":"tag-eu","11":"tag-europe","12":"tag-fr","13":"tag-france","14":"tag-grand-est","15":"tag-news","16":"tag-republique-francaise","17":"tag-strasbourg"},"share_on_mastodon":{"url":"https:\/\/pubeurope.com\/@fr\/115828304652352124","error":""},"_links":{"self":[{"href":"https:\/\/www.europesays.com\/fr\/wp-json\/wp\/v2\/posts\/637250","targetHints":{"allow":["GET"]}}],"collection":[{"href":"https:\/\/www.europesays.com\/fr\/wp-json\/wp\/v2\/posts"}],"about":[{"href":"https:\/\/www.europesays.com\/fr\/wp-json\/wp\/v2\/types\/post"}],"author":[{"embeddable":true,"href":"https:\/\/www.europesays.com\/fr\/wp-json\/wp\/v2\/users\/2"}],"replies":[{"embeddable":true,"href":"https:\/\/www.europesays.com\/fr\/wp-json\/wp\/v2\/comments?post=637250"}],"version-history":[{"count":0,"href":"https:\/\/www.europesays.com\/fr\/wp-json\/wp\/v2\/posts\/637250\/revisions"}],"wp:featuredmedia":[{"embeddable":true,"href":"https:\/\/www.europesays.com\/fr\/wp-json\/wp\/v2\/media\/637251"}],"wp:attachment":[{"href":"https:\/\/www.europesays.com\/fr\/wp-json\/wp\/v2\/media?parent=637250"}],"wp:term":[{"taxonomy":"category","embeddable":true,"href":"https:\/\/www.europesays.com\/fr\/wp-json\/wp\/v2\/categories?post=637250"},{"taxonomy":"post_tag","embeddable":true,"href":"https:\/\/www.europesays.com\/fr\/wp-json\/wp\/v2\/tags?post=637250"}],"curies":[{"name":"wp","href":"https:\/\/api.w.org\/{rel}","templated":true}]}}