{"id":637252,"date":"2026-01-03T00:20:10","date_gmt":"2026-01-03T00:20:10","guid":{"rendered":"https:\/\/www.europesays.com\/fr\/637252\/"},"modified":"2026-01-03T00:20:10","modified_gmt":"2026-01-03T00:20:10","slug":"pronos-paris-rmc-les-paris-sur-nice-strasbourg-du-3-janvier","status":"publish","type":"post","link":"https:\/\/www.europesays.com\/fr\/637252\/","title":{"rendered":"PRONOS PARIS RMC Les paris sur Nice &#8211; Strasbourg du 3 janvier"},"content":{"rendered":"<p><strong>Notre pronostic : Strasbourg ne perd pas \u00e0 Nice et plus de 0,5 but dans le match (1.52)<\/strong><\/p>\n<p>\u00c0 quoi va ressembler l&rsquo;ann\u00e9e 2026 de l&rsquo;OGC Nice ? Les Aiglons ont v\u00e9cu une premi\u00e8re partie de saison catastrophique, marqu\u00e9e par une s\u00e9rie de 9 d\u00e9faites cons\u00e9cutives, toutes comp\u00e9titions confondues. Ils occupent aujourd&rsquo;hui une bien triste 13e place au classement, ne comptant que 5 points d&rsquo;avance sur le barragiste. Des r\u00e9sultats qui ont pouss\u00e9 la direction \u00e0 se s\u00e9parer de Franck Haise, actant le retour de Claude Puel. En face, Strasbourg a bien termin\u00e9 2025, notamment en Ligue Conf\u00e9rence. Mais les Alsaciens sont \u00e0 la peine en championnat, leur dernier succ\u00e8s remontant au 11 novembre. C&rsquo;est notamment \u00e0 l&rsquo;ext\u00e9rieur que le b\u00e2t blesse, avec seulement 2 petites victoires acquises en 9 d\u00e9placements en Ligue 1. Ainsi, au cours d&rsquo;une rencontre qui s&rsquo;annonce \u00e9quilibr\u00e9e, Strasbourg ne devrait pas s&rsquo;incliner. Mais un r\u00e9sultat nul reste \u00e9galement une r\u00e9elle possibilit\u00e9.<\/p>\n<p><a href=\"https:\/\/www.winamax.fr\/paris-sportifs\/match\/61526270?lp=1&amp;banid=41200\" target=\"_blank\" class=\"external_link\" rel=\"noopener\">Pariez sur Nice &#8211; Strasbourg ici !<\/a><\/p>\n<p><strong>Les autres pronostics :<\/strong><\/p>\n<p>Le pari s\u00fbr : Strasbourg ne perd pas (1.36)<\/p>\n<p>Le pari de folie : match nul (3.40)<\/p>\n<p>Le buteur : Joaquin Panichelli (2.50)<\/p>\n<p>Le MyMatch : Strasbourg ne perd pas, les deux \u00e9quipes marquent et Panichelli buteur (3.90)<\/p>\n<p><strong>Les autres paris \u00e0 l&rsquo;ext\u00e9rieur :<\/strong><\/p>\n<p>Saint-\u00c9tienne ne perd pas au Mans et plus de 1,5 but dans le match (1.76)<\/p>\n<p>Arsenal gagne \u00e0 Bournemouth et plus de 1,5 but dans le match (1.60)<\/p>\n<p>Le FC Barcelone s&rsquo;impose sur la pelouse de l&rsquo;Espanyol (1.55)<\/p>\n<p>Villarreal ne perd pas \u00e0 Elche et plus de 1,5 but dans le match (1.58)<\/p>\n<p>Braga s&rsquo;impose sur la pelouse du CF Estrela Amadora et plus de 1,5 but dans le match (1.66)<\/p>\n<p>Moreirense ne perd pas sur la pelouse de l&rsquo;AVS Futebol SAD et plus de 0,5 but dans le match (1.52)<\/p>\n<p>Cote totale des sept paris \u00e0 l&rsquo;ext\u00e9rieur : 26.45<\/p>\n","protected":false},"excerpt":{"rendered":"Notre pronostic : Strasbourg ne perd pas \u00e0 Nice et plus de 0,5 but dans le match (1.52)&hellip;\n","protected":false},"author":2,"featured_media":637253,"comment_status":"","ping_status":"","sticky":false,"template":"","format":"standard","meta":{"footnotes":""},"categories":[2820],"tags":[1111,11,1777,674,1011,27,775,12,25,640],"class_list":{"0":"post-637252","1":"post","2":"type-post","3":"status-publish","4":"format-standard","5":"has-post-thumbnail","7":"category-strasbourg","8":"tag-actu","9":"tag-actualites","10":"tag-eu","11":"tag-europe","12":"tag-fr","13":"tag-france","14":"tag-grand-est","15":"tag-news","16":"tag-republique-francaise","17":"tag-strasbourg"},"share_on_mastodon":{"url":"https:\/\/pubeurope.com\/@fr\/115828308326518850","error":""},"_links":{"self":[{"href":"https:\/\/www.europesays.com\/fr\/wp-json\/wp\/v2\/posts\/637252","targetHints":{"allow":["GET"]}}],"collection":[{"href":"https:\/\/www.europesays.com\/fr\/wp-json\/wp\/v2\/posts"}],"about":[{"href":"https:\/\/www.europesays.com\/fr\/wp-json\/wp\/v2\/types\/post"}],"author":[{"embeddable":true,"href":"https:\/\/www.europesays.com\/fr\/wp-json\/wp\/v2\/users\/2"}],"replies":[{"embeddable":true,"href":"https:\/\/www.europesays.com\/fr\/wp-json\/wp\/v2\/comments?post=637252"}],"version-history":[{"count":0,"href":"https:\/\/www.europesays.com\/fr\/wp-json\/wp\/v2\/posts\/637252\/revisions"}],"wp:featuredmedia":[{"embeddable":true,"href":"https:\/\/www.europesays.com\/fr\/wp-json\/wp\/v2\/media\/637253"}],"wp:attachment":[{"href":"https:\/\/www.europesays.com\/fr\/wp-json\/wp\/v2\/media?parent=637252"}],"wp:term":[{"taxonomy":"category","embeddable":true,"href":"https:\/\/www.europesays.com\/fr\/wp-json\/wp\/v2\/categories?post=637252"},{"taxonomy":"post_tag","embeddable":true,"href":"https:\/\/www.europesays.com\/fr\/wp-json\/wp\/v2\/tags?post=637252"}],"curies":[{"name":"wp","href":"https:\/\/api.w.org\/{rel}","templated":true}]}}