{"id":637256,"date":"2026-01-03T00:22:31","date_gmt":"2026-01-03T00:22:31","guid":{"rendered":"https:\/\/www.europesays.com\/fr\/637256\/"},"modified":"2026-01-03T00:22:31","modified_gmt":"2026-01-03T00:22:31","slug":"la-vie-des-ex-plus-revanchard-que-jamais-wahi-veut-relancer-nice","status":"publish","type":"post","link":"https:\/\/www.europesays.com\/fr\/637256\/","title":{"rendered":"La vie des ex : \u00ab\u00a0plus revanchard que jamais\u00a0\u00bb, Wahi veut relancer Nice"},"content":{"rendered":"<p>L&rsquo;attaquant Elye Wahi, <a href=\"https:\/\/www.laprovence.com\/article\/om\/476468680474614\/video-om-lenorme-rate-delye-wahi-avec-francfort\" target=\"_blank\" rel=\"noopener\">en \u00e9chec \u00e0 Francfort<\/a>, s&rsquo;est dit vendredi \u00ab\u00a0plus revanchard que jamais\u00a0\u00bb, l<a href=\"https:\/\/www.laprovence.com\/article\/om\/63525024512167\/om-la-vie-des-ex-wahi-prete-a-nice\" target=\"_blank\" rel=\"noopener\">ors de sa pr\u00e9sentation \u00e0 Nice<\/a>, un club mal en point en Ligue 1 avec lequel il partage un \u00ab\u00a0objectif commun\u00a0\u00bb: se relancer.<\/p>\n<p>\u00ab\u00a0Mes deux derni\u00e8res saisons n&rsquo;ont pas \u00e9t\u00e9 faciles\u00a0\u00bb, a convenu l&rsquo;avant-centre de 23 ans, pr\u00eat\u00e9 sans option d&rsquo;achat par le club allemand, d\u00e8s le d\u00e9but du mercato d&rsquo;hiver.<\/p>\n<p>Le buteur fran\u00e7ais <a href=\"https:\/\/www.laprovence.com\/article\/om\/55652751449889\/mercato-om-elye-wahi-officiellement-transfere-a-francfort\" target=\"_blank\" rel=\"noopener\">n&rsquo;a pas r\u00e9ussi \u00e0 l&rsquo;OM<\/a> (14 matches, 3 buts), ni \u00e0 Francfort (25 matches, un but), en d\u00e9pit des promesses entrevues lors de son d\u00e9but de carri\u00e8re, \u00e0 Montpellier puis Lens. \u00ab\u00a0Mais je suis plus revanchard que jamais, a-t-il poursuivi, \u00e0 la veille de la r\u00e9ception de Strasbourg en L1. Avec Nice, on a un objectif commun: remonter le club l\u00e0 o\u00f9 il doit \u00eatre. Je suis l\u00e0 pour donner des solutions.\u00a0\u00bb<\/p>\n<p>Dans le groupe ce samedi<\/p>\n<p>Un peu avant, l&rsquo;entra\u00eeneur Claude Puel a expliqu\u00e9 que l&rsquo;ex-Montpelli\u00e9rain serait dans le groupe sans \u00eatre titulaire. \u00ab\u00a0Que ce soit 10 ou 20 minutes, je me donnerai \u00e0 fond\u00a0\u00bb, a indiqu\u00e9 Wahi, sollicit\u00e9 aussi par le FC S\u00e9ville.<\/p>\n<p>\u00ab\u00a0Nice a besoin de se relancer et moi aussi, a-t-il continu\u00e9. J&rsquo;ai commenc\u00e9 \u00e0 parler avec Florian Maurice (le directeur sportif) et le coach Haise. Malheureusement, il n&rsquo;est plus l\u00e0. Les discussions ont continu\u00e9 avec le coach Puel, avec qui on a parl\u00e9 football et \u00e7a m&rsquo;a convaincu.\u00a0\u00bb<\/p>\n<p>Wahi, qui n&rsquo;a \u00ab\u00a0jamais re\u00e7u un tel accueil dans un club\u00a0\u00bb, a assur\u00e9 avoir \u00ab\u00a0beaucoup plus de cl\u00e9s qu&rsquo;avant pour performer\u00a0\u00bb. Il a besoin qu&rsquo;on lui \u00ab\u00a0dise les choses\u00a0\u00bb. \u00ab\u00a0Malheureusement, \u00e0 Francfort, ce n&rsquo;est pas ce qui a \u00e9t\u00e9 fait, a-t-il expliqu\u00e9. Je pense qu&rsquo;avec le coach Puel, \u00e7a peut \u00eatre une des cl\u00e9s de ma r\u00e9ussite.\u00a0\u00bb<\/p>\n<p>Pour Florian Maurice, le directeur sportif, c&rsquo;\u00e9tait \u00ab\u00a0important d&rsquo;avoir ce style de joueur, qui conna\u00eet la Ligue 1, y a \u00e9t\u00e9 tr\u00e8s performant (&#8230;), et capable surtout marquer des buts\u00a0\u00bb.<\/p>\n","protected":false},"excerpt":{"rendered":"L&rsquo;attaquant Elye Wahi, en \u00e9chec \u00e0 Francfort, s&rsquo;est dit vendredi \u00ab\u00a0plus revanchard que jamais\u00a0\u00bb, lors de sa pr\u00e9sentation&hellip;\n","protected":false},"author":2,"featured_media":637257,"comment_status":"","ping_status":"","sticky":false,"template":"","format":"standard","meta":{"footnotes":""},"categories":[2819],"tags":[5734,1111,11,154,1777,674,1011,27,5776,12,2401,149,378,882,746,25,74442,4717],"class_list":{"0":"post-637256","1":"post","2":"type-post","3":"status-publish","4":"format-standard","5":"has-post-thumbnail","7":"category-nice","8":"tag-5734","9":"tag-actu","10":"tag-actualites","11":"tag-des","12":"tag-eu","13":"tag-europe","14":"tag-fr","15":"tag-france","16":"tag-jamais","17":"tag-news","18":"tag-nice","19":"tag-om","20":"tag-plus","21":"tag-provence-alpes-cote-dazur","22":"tag-que","23":"tag-republique-francaise","24":"tag-revanchard","25":"tag-vie"},"share_on_mastodon":{"url":"https:\/\/pubeurope.com\/@fr\/115828316054884212","error":""},"_links":{"self":[{"href":"https:\/\/www.europesays.com\/fr\/wp-json\/wp\/v2\/posts\/637256","targetHints":{"allow":["GET"]}}],"collection":[{"href":"https:\/\/www.europesays.com\/fr\/wp-json\/wp\/v2\/posts"}],"about":[{"href":"https:\/\/www.europesays.com\/fr\/wp-json\/wp\/v2\/types\/post"}],"author":[{"embeddable":true,"href":"https:\/\/www.europesays.com\/fr\/wp-json\/wp\/v2\/users\/2"}],"replies":[{"embeddable":true,"href":"https:\/\/www.europesays.com\/fr\/wp-json\/wp\/v2\/comments?post=637256"}],"version-history":[{"count":0,"href":"https:\/\/www.europesays.com\/fr\/wp-json\/wp\/v2\/posts\/637256\/revisions"}],"wp:featuredmedia":[{"embeddable":true,"href":"https:\/\/www.europesays.com\/fr\/wp-json\/wp\/v2\/media\/637257"}],"wp:attachment":[{"href":"https:\/\/www.europesays.com\/fr\/wp-json\/wp\/v2\/media?parent=637256"}],"wp:term":[{"taxonomy":"category","embeddable":true,"href":"https:\/\/www.europesays.com\/fr\/wp-json\/wp\/v2\/categories?post=637256"},{"taxonomy":"post_tag","embeddable":true,"href":"https:\/\/www.europesays.com\/fr\/wp-json\/wp\/v2\/tags?post=637256"}],"curies":[{"name":"wp","href":"https:\/\/api.w.org\/{rel}","templated":true}]}}