{"id":637258,"date":"2026-01-03T00:24:17","date_gmt":"2026-01-03T00:24:17","guid":{"rendered":"https:\/\/www.europesays.com\/fr\/637258\/"},"modified":"2026-01-03T00:24:17","modified_gmt":"2026-01-03T00:24:17","slug":"nantes-veut-tenter-le-coup-romain-del-castillo-france-fc-nantes","status":"publish","type":"post","link":"https:\/\/www.europesays.com\/fr\/637258\/","title":{"rendered":"Nantes veut tenter le coup Romain Del Castillo &#8211; France &#8211; FC Nantes"},"content":{"rendered":"<p>Romain Del Canari.<\/p>\n<p>Actuellement 17e de Ligue 1, le FC Nantes est en train de r\u00e9aliser un mercato hivernal d\u2019enfer. Apr\u00e8s avoir r\u00e9ussi \u00e0 attirer <a target=\"_blank\" href=\"https:\/\/www.sofoot.com\/breves\/ligue-1-officiel-remy-cabella-sengage-avec-le-fc-nantes\" rel=\"noopener\">R\u00e9my Cabella<\/a> et Deivor Machado \u00e0 la surprise g\u00e9n\u00e9rale, l\u2019octuple champion de France veut profiter de son statut pour <strong>convaincre Romain Del Castillo<\/strong>, pourtant toujours titulaire au Stade brestois.<\/p>\n<p>Selon <a target=\"_blank\" href=\"https:\/\/www.lequipe.fr\/Football\/Actualites\/Mercato-nantes-pense-au-brestois-romain-del-castillo\/1630733\" rel=\"noopener\">L\u2019\u00c9quipe<\/a>, le club a lanc\u00e9 les discussions, mais les n\u00e9gociations n\u2019en sont qu\u2019aux pr\u00e9mices. Surtout que le joueur form\u00e9 \u00e0 Lyon est encore sous contrat avec Brest jusqu\u2019en juin 2027. <strong>Meilleur buteur de la saison des Ty-Zefs<\/strong>, Del Castillo ne compte pas (encore) quitter la Bretagne.<\/p>\n<p>Et il n\u2019a aucun int\u00e9r\u00eat \u00e0 rejoindre Nantes, club contre lequel il a le plus gagn\u00e9 dans sa carri\u00e8re.<\/p>\n<p>\t\t\t\t\t\t\t\t\t\t<a class=\"lien-connexe\" href=\"https:\/\/www.sofoot.com\/breves\/ligue-1-brest-fait-plier-metz-dans-un-finish-fou-awaziem-marque-dans-deux-camps-differents-lors-de-nantes-lorient\" target=\"_blank\" rel=\"noopener\">Brest fait plier Metz au finish, Awaziem marque dans deux camps avec Nantes<\/a>\t\t\t\t\t<\/p>\n","protected":false},"excerpt":{"rendered":"Romain Del Canari. Actuellement 17e de Ligue 1, le FC Nantes est en train de r\u00e9aliser un mercato&hellip;\n","protected":false},"author":2,"featured_media":637259,"comment_status":"","ping_status":"","sticky":false,"template":"","format":"standard","meta":{"footnotes":""},"categories":[2818],"tags":[1111,47,11,61,69,65,64,1777,674,63,1011,27,68,66,766,12,62,2636,70,25,67],"class_list":{"0":"post-637258","1":"post","2":"type-post","3":"status-publish","4":"format-standard","5":"has-post-thumbnail","7":"category-nantes","8":"tag-actu","9":"tag-actualite","10":"tag-actualites","11":"tag-actus-football","12":"tag-bundesliga","13":"tag-championnats-europeens","14":"tag-equipe-de-france","15":"tag-eu","16":"tag-europe","17":"tag-football","18":"tag-fr","19":"tag-france","20":"tag-ligua","21":"tag-ligue-1","22":"tag-nantes","23":"tag-news","24":"tag-news-foot","25":"tag-pays-de-la-loire","26":"tag-premier-league","27":"tag-republique-francaise","28":"tag-serie-a"},"share_on_mastodon":{"url":"https:\/\/pubeurope.com\/@fr\/115828323920874671","error":""},"_links":{"self":[{"href":"https:\/\/www.europesays.com\/fr\/wp-json\/wp\/v2\/posts\/637258","targetHints":{"allow":["GET"]}}],"collection":[{"href":"https:\/\/www.europesays.com\/fr\/wp-json\/wp\/v2\/posts"}],"about":[{"href":"https:\/\/www.europesays.com\/fr\/wp-json\/wp\/v2\/types\/post"}],"author":[{"embeddable":true,"href":"https:\/\/www.europesays.com\/fr\/wp-json\/wp\/v2\/users\/2"}],"replies":[{"embeddable":true,"href":"https:\/\/www.europesays.com\/fr\/wp-json\/wp\/v2\/comments?post=637258"}],"version-history":[{"count":0,"href":"https:\/\/www.europesays.com\/fr\/wp-json\/wp\/v2\/posts\/637258\/revisions"}],"wp:featuredmedia":[{"embeddable":true,"href":"https:\/\/www.europesays.com\/fr\/wp-json\/wp\/v2\/media\/637259"}],"wp:attachment":[{"href":"https:\/\/www.europesays.com\/fr\/wp-json\/wp\/v2\/media?parent=637258"}],"wp:term":[{"taxonomy":"category","embeddable":true,"href":"https:\/\/www.europesays.com\/fr\/wp-json\/wp\/v2\/categories?post=637258"},{"taxonomy":"post_tag","embeddable":true,"href":"https:\/\/www.europesays.com\/fr\/wp-json\/wp\/v2\/tags?post=637258"}],"curies":[{"name":"wp","href":"https:\/\/api.w.org\/{rel}","templated":true}]}}