{"id":637270,"date":"2026-01-03T00:32:13","date_gmt":"2026-01-03T00:32:13","guid":{"rendered":"https:\/\/www.europesays.com\/fr\/637270\/"},"modified":"2026-01-03T00:32:13","modified_gmt":"2026-01-03T00:32:13","slug":"un-corps-retrouve-dans-le-coffre-dune-voiture-incendiee-a-marseille-actualites","status":"publish","type":"post","link":"https:\/\/www.europesays.com\/fr\/637270\/","title":{"rendered":"Un corps retrouv\u00e9 dans le coffre d&rsquo;une voiture incendi\u00e9e \u00e0 Marseille : Actualit\u00e9s"},"content":{"rendered":"<p class=\"lead \">Un corps a \u00e9t\u00e9 retrouv\u00e9 par les pompiers \u00e0 Marseille dans le coffre d&rsquo;une voiture incendi\u00e9e et un jeune de 19 ans a \u00e9t\u00e9 interpell\u00e9, a-t-on appris vendredi de sources concordantes.<\/p>\n<p class=\"lead \">Les marins-pompiers de Marseille sont intervenus vers 23H20 jeudi soir, avenue des Arnavaux dans le nord de la ville, pour un feu de voiture, ont-ils expliqu\u00e9 \u00e0 l&rsquo;AFP. C&rsquo;est l\u00e0 qu&rsquo;ils ont trouv\u00e9, dans le coffre, un corps sans vie.<\/p>\n<p class=\"lead \">Une source polici\u00e8re a confirm\u00e9 \u00e0 l&rsquo;AFP la d\u00e9couverte d&rsquo;un corps \u00ab\u00a0calcin\u00e9\u00a0\u00bb. Et une autre source a indiqu\u00e9 qu&rsquo;un jeune de 19 ans, connu de la justice, avait \u00e9t\u00e9 plac\u00e9 en garde \u00e0 vue.<\/p>\n<p class=\"lead \">Le parquet de Marseille, qui a pr\u00e9cis\u00e9 de son c\u00f4t\u00e9 \u00e0 l&rsquo;AFP que le corps n&rsquo;avait pas \u00e9t\u00e9 identifi\u00e9 \u00e0 ce stade, a ouvert une enqu\u00eate des chefs d&rsquo;assassinat en bande organis\u00e9e, association de malfaiteurs, d\u00e9gradation de biens par incendie en bande organis\u00e9e et recel de vol en bande organis\u00e9e.<\/p>\n<p class=\"lead \">L&rsquo;enqu\u00eate a \u00e9t\u00e9 confi\u00e9e \u00e0 la Division de la criminalit\u00e9 organis\u00e9e et sp\u00e9cialis\u00e9e (DCOS).<\/p>\n<p class=\"lead \">Le mode op\u00e9ratoire laisse penser \u00e0 un assassinat sur fond de trafic de drogue et si cette piste se confirmait il s&rsquo;agirait du premier narchomicide \u00e0 Marseille de 2026, d\u00e8s le premier jour de l&rsquo;ann\u00e9e.<\/p>\n<p class=\"lead \">Selon un d\u00e9compte de l&rsquo;AFP, 19 personnes ont perdu la vie dans des assassinats li\u00e9s au trafic de drogue en 2025 dans le d\u00e9partement des Bouches-du-Rh\u00f4ne, la grande majorit\u00e9 \u00e0 Marseille.<\/p>\n<p class=\"lead \">Le jour de No\u00ebl, un corps avait d\u00e9j\u00e0 \u00e9t\u00e9 retrouv\u00e9 dans une voiture incendi\u00e9e \u00e0 Sept\u00e8mes-les-Vallons, une commune limitrophe de Marseille. La voiture avait \u00e9t\u00e9 signal\u00e9e vol\u00e9e.<\/p>\n<p class=\"lead \">Le 13 novembre, la mort de Mehdi Kessaci, 20 ans, le petit fr\u00e8re du militant \u00e9cologiste et antidrogue Amine Kessaci, avait boulevers\u00e9 la ville. <\/p>\n<p class=\"small font-weight-bold text-gray3 \"> publi\u00e9 le 2 janvier \u00e0 19h43, AFP<\/p>\n<p>                             Partager<\/p>\n","protected":false},"excerpt":{"rendered":"Un corps a \u00e9t\u00e9 retrouv\u00e9 par les pompiers \u00e0 Marseille dans le coffre d&rsquo;une voiture incendi\u00e9e et un&hellip;\n","protected":false},"author":2,"featured_media":637271,"comment_status":"","ping_status":"","sticky":false,"template":"","format":"standard","meta":{"footnotes":""},"categories":[2814],"tags":[1111,11,1777,674,1011,27,2683,1310,884,12,882,25],"class_list":{"0":"post-637270","1":"post","2":"type-post","3":"status-publish","4":"format-standard","5":"has-post-thumbnail","7":"category-marseille","8":"tag-actu","9":"tag-actualites","10":"tag-eu","11":"tag-europe","12":"tag-fr","13":"tag-france","14":"tag-homicide","15":"tag-incendie","16":"tag-marseille","17":"tag-news","18":"tag-provence-alpes-cote-dazur","19":"tag-republique-francaise"},"share_on_mastodon":{"url":"https:\/\/pubeurope.com\/@fr\/115828355544801442","error":""},"_links":{"self":[{"href":"https:\/\/www.europesays.com\/fr\/wp-json\/wp\/v2\/posts\/637270","targetHints":{"allow":["GET"]}}],"collection":[{"href":"https:\/\/www.europesays.com\/fr\/wp-json\/wp\/v2\/posts"}],"about":[{"href":"https:\/\/www.europesays.com\/fr\/wp-json\/wp\/v2\/types\/post"}],"author":[{"embeddable":true,"href":"https:\/\/www.europesays.com\/fr\/wp-json\/wp\/v2\/users\/2"}],"replies":[{"embeddable":true,"href":"https:\/\/www.europesays.com\/fr\/wp-json\/wp\/v2\/comments?post=637270"}],"version-history":[{"count":0,"href":"https:\/\/www.europesays.com\/fr\/wp-json\/wp\/v2\/posts\/637270\/revisions"}],"wp:featuredmedia":[{"embeddable":true,"href":"https:\/\/www.europesays.com\/fr\/wp-json\/wp\/v2\/media\/637271"}],"wp:attachment":[{"href":"https:\/\/www.europesays.com\/fr\/wp-json\/wp\/v2\/media?parent=637270"}],"wp:term":[{"taxonomy":"category","embeddable":true,"href":"https:\/\/www.europesays.com\/fr\/wp-json\/wp\/v2\/categories?post=637270"},{"taxonomy":"post_tag","embeddable":true,"href":"https:\/\/www.europesays.com\/fr\/wp-json\/wp\/v2\/tags?post=637270"}],"curies":[{"name":"wp","href":"https:\/\/api.w.org\/{rel}","templated":true}]}}