{"id":637272,"date":"2026-01-03T00:33:15","date_gmt":"2026-01-03T00:33:15","guid":{"rendered":"https:\/\/www.europesays.com\/fr\/637272\/"},"modified":"2026-01-03T00:33:15","modified_gmt":"2026-01-03T00:33:15","slug":"qui-sont-ces-lyonnais-decores-en-2026","status":"publish","type":"post","link":"https:\/\/www.europesays.com\/fr\/637272\/","title":{"rendered":"qui sont ces Lyonnais d\u00e9cor\u00e9s en 2026 ?"},"content":{"rendered":"<p>                            <img loading=\"lazy\" width=\"1013\" height=\"675\" class=\"attachment-article size-article wp-post-image lazyload\" alt=\"\" decoding=\"async\" src=\"https:\/\/www.europesays.com\/fr\/wp-content\/uploads\/2026\/01\/000_1K16YG-scaled.jpg\" data-eio-rwidth=\"1013\" data-eio-rheight=\"675\"\/><\/p>\n<p>Le Caladois, Laurent Solly, ancien directeur g\u00e9n\u00e9ral de Facebook France. (Photo de Thomas SAMSON \/ AFP)<\/p>\n<p class=\"content\" style=\"font-size:1.2em;font-weight:700\">La liste de la promotion 2026 de la L\u00e9gion d&rsquo;honneur a \u00e9t\u00e9 d\u00e9voil\u00e9e ce jeudi 1er janvier. Zoom sur les personnalit\u00e9s lyonnaises pr\u00e9sentes.<\/p>\n<p>Qui dit nouvelle ann\u00e9e, dit forc\u00e9ment l\u00e9gion d&rsquo;honneur. Publi\u00e9e au journal officiel ce 1er janvier, la liste distingue plusieurs personnalit\u00e9s dont l&rsquo;\u00e9crivain Boualem Sansal, l&rsquo;acteur Jean-Paul Rouve, ou encore l&rsquo;ancien d\u00e9put\u00e9 Andr\u00e9 Chassaigne. <\/p>\n<p>En outre, des Lyonnais ont \u00e9galement \u00e9t\u00e9 d\u00e9cor\u00e9s de cette c\u00e9l\u00e8bre distinction cr\u00e9\u00e9e en 1802 par Napol\u00e9on Bonaparte. Parmi eux, on retrouve entre autres,  l&rsquo;ancien pr\u00e9sident de la Banque centrale europ\u00e9enne, Jean-Claude-Trichet qui passe de commandeur \u00e0 grand officier de la L\u00e9gion d&rsquo;honneur. <\/p>\n<p><strong>Lire aussi :<\/strong> <a href=\"https:\/\/www.lyoncapitale.fr\/actualite\/qui-seront-les-figures-du-rhone-recompensees-par-la-legion-d-honneur-le-14-juillet\" target=\"_blank\" rel=\"noreferrer noopener\">Qui seront les figures du Rh\u00f4ne r\u00e9compens\u00e9es par la L\u00e9gion d&rsquo;honneur le 14 juillet ?<\/a><\/p>\n<p>Laurent Solly nomm\u00e9 chevalier, la rectrice de l&rsquo;acad\u00e9mie de Lyon \u00e9lev\u00e9e officer<\/p>\n<p>Le grand rabbin de France Ha\u00efm Korsia, n\u00e9 \u00e0 Lyon, est \u00e9lev\u00e9 au grade de commandeur. Josiane Beaud, ancienne directrice r\u00e9gionale de la SNCF et pr\u00e9sidente de la commission intergouvernementale du Lyon-Turin, devient officier sur proposition du minist\u00e8re des transports, \u00e0 l&rsquo;instar de l&rsquo;actuelle rectrice de l&rsquo;acad\u00e9mie de Lyon, Anne Bisagni-Faure.<\/p>\n<p>\u00c0 noter plusieurs entr\u00e9es au grade de chevalier, \u00e0 commencer par l&rsquo;ancien dirigeant de Meta en France et dans une partie de l&rsquo;Europe Laurent Solly, <a href=\"https:\/\/www.lyoncapitale.fr\/actualite\/le-rhodanien-laurent-solly-quitte-meta-bientot-patron-du-groupe-les-echos-le-parisien\" target=\"_blank\" rel=\"noopener\">d<\/a><a href=\"https:\/\/www.lyoncapitale.fr\/actualite\/le-rhodanien-laurent-solly-quitte-meta-bientot-patron-du-groupe-les-echos-le-parisien\" target=\"_blank\" rel=\"noreferrer noopener\">ont l&rsquo;avenir pourrait bient\u00f4t s&rsquo;\u00e9crire du c\u00f4t\u00e9 du groupe LVMH.<\/a> Sa nomination a \u00e9t\u00e9 sollicit\u00e9e par le minist\u00e8re de l&rsquo;\u00e9conomie et du num\u00e9rique. Un autre minist\u00e8re, celui de la culture, a propos\u00e9 le nom de la r\u00e9alisatrice lyonnaise Diane Kurys que l&rsquo;on connait notamment pour le film Sagan. Enfin, le natif de Thizy (Rh\u00f4ne), Pascal Demurger, directeur g\u00e9n\u00e9ral de la mutuelle d&rsquo;assurance MAIF, est \u00e9galement nomm\u00e9 chevalier.<\/p>\n<p><strong>Lire aussi :<\/strong> <a href=\"https:\/\/www.lyoncapitale.fr\/actualite\/lyon-yann-cucherat-distingue-de-la-legion-d-honneur-dans-la-promotion-speciale-des-jo\" target=\"_blank\" rel=\"noreferrer noopener\">Lyon : Yann Cucherat distingu\u00e9 de la L\u00e9gion d&rsquo;honneur dans la promotion sp\u00e9ciale des JO<\/a><\/p>\n","protected":false},"excerpt":{"rendered":"Le Caladois, Laurent Solly, ancien directeur g\u00e9n\u00e9ral de Facebook France. (Photo de Thomas SAMSON \/ AFP) La liste&hellip;\n","protected":false},"author":2,"featured_media":637273,"comment_status":"","ping_status":"","sticky":false,"template":"","format":"standard","meta":{"footnotes":""},"categories":[1889],"tags":[1111,11,2430,1777,674,1011,27,2428,12,25],"class_list":{"0":"post-637272","1":"post","2":"type-post","3":"status-publish","4":"format-standard","5":"has-post-thumbnail","7":"category-lyon","8":"tag-actu","9":"tag-actualites","10":"tag-auvergne-rhone-alpes","11":"tag-eu","12":"tag-europe","13":"tag-fr","14":"tag-france","15":"tag-lyon","16":"tag-news","17":"tag-republique-francaise"},"share_on_mastodon":{"url":"https:\/\/pubeurope.com\/@fr\/115828359468733111","error":""},"_links":{"self":[{"href":"https:\/\/www.europesays.com\/fr\/wp-json\/wp\/v2\/posts\/637272","targetHints":{"allow":["GET"]}}],"collection":[{"href":"https:\/\/www.europesays.com\/fr\/wp-json\/wp\/v2\/posts"}],"about":[{"href":"https:\/\/www.europesays.com\/fr\/wp-json\/wp\/v2\/types\/post"}],"author":[{"embeddable":true,"href":"https:\/\/www.europesays.com\/fr\/wp-json\/wp\/v2\/users\/2"}],"replies":[{"embeddable":true,"href":"https:\/\/www.europesays.com\/fr\/wp-json\/wp\/v2\/comments?post=637272"}],"version-history":[{"count":0,"href":"https:\/\/www.europesays.com\/fr\/wp-json\/wp\/v2\/posts\/637272\/revisions"}],"wp:featuredmedia":[{"embeddable":true,"href":"https:\/\/www.europesays.com\/fr\/wp-json\/wp\/v2\/media\/637273"}],"wp:attachment":[{"href":"https:\/\/www.europesays.com\/fr\/wp-json\/wp\/v2\/media?parent=637272"}],"wp:term":[{"taxonomy":"category","embeddable":true,"href":"https:\/\/www.europesays.com\/fr\/wp-json\/wp\/v2\/categories?post=637272"},{"taxonomy":"post_tag","embeddable":true,"href":"https:\/\/www.europesays.com\/fr\/wp-json\/wp\/v2\/tags?post=637272"}],"curies":[{"name":"wp","href":"https:\/\/api.w.org\/{rel}","templated":true}]}}