{"id":637274,"date":"2026-01-03T00:34:34","date_gmt":"2026-01-03T00:34:34","guid":{"rendered":"https:\/\/www.europesays.com\/fr\/637274\/"},"modified":"2026-01-03T00:34:34","modified_gmt":"2026-01-03T00:34:34","slug":"top-14-la-compo-de-la-section-paloise-pour-le-match-a-lyon-le-premier-de-lannee","status":"publish","type":"post","link":"https:\/\/www.europesays.com\/fr\/637274\/","title":{"rendered":"Top 14 : la compo de la Section Paloise pour le match \u00e0 Lyon, le premier de l&rsquo;ann\u00e9e"},"content":{"rendered":"<p>La Section Paloise (2e) entame la phase retour du Top 14 ce samedi \u00e0 16h35 \u00e0 Lyon (12e). Le staff b\u00e9arnais reconduit une bonne partie des vainqueurs de Montpellier, avec en plus un retour d&rsquo;importance\u00a0: Th\u00e9o Attissogbe est rempla\u00e7ant apr\u00e8s trois gros mois d&rsquo;absence.<\/p>\n<p>C&rsquo;est \u00e0 Gerland que la Section Paloise, 2e du Top 14 \u00e0 mi-saison, entame la phase retour du championnat ce samedi (16h35). Chez le LOU, 12e du championnat, les B\u00e9arnais vont pouvoir compter sur <strong>l&rsquo;ossature de l&rsquo;\u00e9quipe qui a battu Montpellier<\/strong>\u00a0<a class=\"IciLink ici-link IciArticleLink g-ici-body-regular-1 underline brand svelte-1chfe2s\" href=\"https:\/\/www.francebleu.fr\/sports\/rugby\/videos-un-peu-frustre-de-s-etre-mis-le-feu-les-reactions-de-la-section-paloise-apres-la-victoire-contre-montpellier-9461715\" target=\"_blank\" rel=\"noopener\">le week-end dernier (35-33)<\/a>, pendant que l&rsquo;\u00e9quipe de Karim Ghezal s&rsquo;inclinait \u00e0 Castres (36-22).\u00a0<a class=\"IciLink ici-link IciArticleLink g-ici-body-regular-1 underline brand svelte-1chfe2s\" href=\"https:\/\/www.francebleu.fr\/sports\/rugby\/section-paloise-beka-gorgadze-absent-au-moins-4-semaines-theo-attissogbe-de-retour-4407209\" target=\"_blank\" rel=\"noopener\">Beka Gorgadze est forfait<\/a>, il souffre d&rsquo;une fracture du pouce, mais la Section va en revanche pouvoir compter sur un retour de poids, celui de son ailier ou arri\u00e8re international, <strong>Th\u00e9o Attissogbe<\/strong>, remis sur pied apr\u00e8s son entorse du genou \u00e0 Clermont lors de la 3e journ\u00e9e.<\/p>\n<p>Les \u00e9quipes<\/p>\n<p><strong>Lyon\u00a0:<\/strong> 15. Tchaptchet\u00a0; 14. Masi, 13. Maraku, 12. Millet, 11. M. Ioane\u00a0; 10. Berdeu, 9. B. Couilloud (cap) ; 7. Shvangiradze, 8. S. Simmonds, 6. Cretin\u00a0; 5. Guillard, 4. William\u00a0; 3. Aptsiauri, 2. Chat, 1. Kaabeche.<br \/>Rempla\u00e7ants\u00a0: 16. G. Marchand, 17. J. Rey, 18. Botha, 19. Lambey, 20. Gonzalez, 21. M\u00e9liande, 22. Mathiron, 23. Gomes Sa<\/p>\n<p><strong>Section Paloise\u00a0:<\/strong> 15. Mondinant\u00a0; 14. Arfeuil, 13. Brau-Boirie, 12. Decron, 11. Grandidier-Nkanang\u00a0; 10. Desperes, 9. Robson\u00a0; 7. Hewat, 8. Isa, 6. Zegueur\u00a0; 5. Capelli, 4. Auradou\u00a0; 3. Laclayat, 2. L. Rey (cap), 1. Etchebehere.<br \/>Rempla\u00e7ants\u00a0: 16. Delhommel, 17. S\u00e9n\u00e9ca, 18. Maximin, 19. Credoz, 20. T. Souverbie, 21. Valentino, 22. Attissogbe, 23. Zabala.<\/p>\n<p>loading<\/p>\n<p>loading<\/p>\n","protected":false},"excerpt":{"rendered":"La Section Paloise (2e) entame la phase retour du Top 14 ce samedi \u00e0 16h35 \u00e0 Lyon (12e).&hellip;\n","protected":false},"author":2,"featured_media":637275,"comment_status":"","ping_status":"","sticky":false,"template":"","format":"standard","meta":{"footnotes":""},"categories":[1889],"tags":[1111,11,2430,1777,674,1011,27,2428,12,25],"class_list":{"0":"post-637274","1":"post","2":"type-post","3":"status-publish","4":"format-standard","5":"has-post-thumbnail","7":"category-lyon","8":"tag-actu","9":"tag-actualites","10":"tag-auvergne-rhone-alpes","11":"tag-eu","12":"tag-europe","13":"tag-fr","14":"tag-france","15":"tag-lyon","16":"tag-news","17":"tag-republique-francaise"},"share_on_mastodon":{"url":"https:\/\/pubeurope.com\/@fr\/115828363257699060","error":""},"_links":{"self":[{"href":"https:\/\/www.europesays.com\/fr\/wp-json\/wp\/v2\/posts\/637274","targetHints":{"allow":["GET"]}}],"collection":[{"href":"https:\/\/www.europesays.com\/fr\/wp-json\/wp\/v2\/posts"}],"about":[{"href":"https:\/\/www.europesays.com\/fr\/wp-json\/wp\/v2\/types\/post"}],"author":[{"embeddable":true,"href":"https:\/\/www.europesays.com\/fr\/wp-json\/wp\/v2\/users\/2"}],"replies":[{"embeddable":true,"href":"https:\/\/www.europesays.com\/fr\/wp-json\/wp\/v2\/comments?post=637274"}],"version-history":[{"count":0,"href":"https:\/\/www.europesays.com\/fr\/wp-json\/wp\/v2\/posts\/637274\/revisions"}],"wp:featuredmedia":[{"embeddable":true,"href":"https:\/\/www.europesays.com\/fr\/wp-json\/wp\/v2\/media\/637275"}],"wp:attachment":[{"href":"https:\/\/www.europesays.com\/fr\/wp-json\/wp\/v2\/media?parent=637274"}],"wp:term":[{"taxonomy":"category","embeddable":true,"href":"https:\/\/www.europesays.com\/fr\/wp-json\/wp\/v2\/categories?post=637274"},{"taxonomy":"post_tag","embeddable":true,"href":"https:\/\/www.europesays.com\/fr\/wp-json\/wp\/v2\/tags?post=637274"}],"curies":[{"name":"wp","href":"https:\/\/api.w.org\/{rel}","templated":true}]}}