{"id":637286,"date":"2026-01-03T00:41:11","date_gmt":"2026-01-03T00:41:11","guid":{"rendered":"https:\/\/www.europesays.com\/fr\/637286\/"},"modified":"2026-01-03T00:41:11","modified_gmt":"2026-01-03T00:41:11","slug":"2025-a-marque-lavancee-la-plus-significative-des-forces-russes-en-ukraine","status":"publish","type":"post","link":"https:\/\/www.europesays.com\/fr\/637286\/","title":{"rendered":"2025 a marqu\u00e9 l\u2019avanc\u00e9e la plus significative des forces russes en Ukraine"},"content":{"rendered":"<p>Les troupes du Kremlin auraient conquis plus de 5\u00a0600 km\u00b2 de territoire l\u2019ann\u00e9e derni\u00e8re et ont acc\u00e9l\u00e9r\u00e9 leur offensive dans le Donbass, r\u00e9gion \u00e0 l\u2019est de l\u2019Ukraine revendiqu\u00e9e par Poutine.<\/p>\n<p class=\"c-paragraph\">L\u2019ann\u00e9e 2025 a marqu\u00e9 l\u2019avanc\u00e9e la plus significative des forces russes en Ukraine depuis le lancement de leur invasion en f\u00e9vrier\u00a02022.<\/p>\n<p class=\"c-paragraph\">Les troupes du Kremlin auraient conquis plus de 5\u00a0600 km\u00b2 de territoire l\u2019ann\u00e9e derni\u00e8re, soit plus que durant\u00a02023 et\u00a02024 combin\u00e9s, selon une analyse de l\u2019Agence France-Presse. Quatre ans apr\u00e8s le d\u00e9clenchement du conflit, la Russie contr\u00f4lerait approximativement 19,4\u00a0% du territoire ukrainien, ce qui repr\u00e9sente un peu plus de 116\u00a0000\u00a0km2.<\/p>\n<p class=\"c-paragraph\">Comme le souligne le m\u00e9dia ind\u00e9pendant <a href=\"https:\/\/english.nv.ua\/nation\/as-of-mid-december-2025-russian-advances-in-key-directions-had-reached-a-maximum-depth-of-34-km-50572741.html\" target=\"_self\" rel=\"noopener\" title=\"https:\/\/english.nv.ua\/nation\/as-of-mid-december-2025-russian-advances-in-key-directions-had-reached-a-maximum-depth-of-34-km-50572741.html\">The New voice of Ukraine<\/a> (NV), pr\u00e8s de 80\u00a0% de ces gains englobent les villes de Lyman, Kostyantynivka, Pokrovsk, Novopavlivka, Oleksandrivka et Huliaipole.<\/p>\n<p class=\"newsletter-subscription__disclaimer\">En vous inscrivant, vous acceptez les <a class=\"c-link newsletter-subscription__legal-link\" href=\"https:\/\/www.lepoint.fr\/html\/cgu\/\" target=\"_blank\" rel=\"noopener\">conditions g\u00e9n\u00e9rales d&rsquo;utilisation<\/a> et notre <a class=\"c-link newsletter-subscription__legal-link\" href=\"https:\/\/www.lepoint.fr\/html\/politique-de-protection-donnees-personnelles\/\" target=\"_blank\" rel=\"noopener\">politique de confidentialit\u00e9<\/a>.<\/p>\n<p>Acc\u00e9l\u00e9ration de l\u2019offensive russe dans le Donbass<\/p>\n<p class=\"c-paragraph\">Mais les chiffres varient selon les sources. Le g\u00e9n\u00e9ral Valery Gerasimov, chef d\u2019\u00e9tat-major des forces russes, parle, lui, de 6\u00a0640\u00a0km2 de territoire ukrainien conquis en 2025, dont 334 villages. Quand les donn\u00e9es de <a href=\"https:\/\/deepstatemap.live\/en#6\/49.4383200\/32.0526800\" target=\"_self\" rel=\"noopener\" title=\"https:\/\/deepstatemap.live\/en#6\/49.4383200\/32.0526800\">DeepState<\/a> publi\u00e9es le 1er\u00a0janvier montrent un gain de 4\u00a0336\u00a0km2 l\u2019ann\u00e9e derni\u00e8re.<\/p>\n<p class=\"c-paragraph\">Gerasimov affirme aussi que les avanc\u00e9es enregistr\u00e9es en d\u00e9cembre ont \u00e9t\u00e9 les plus rapides de l\u2019ann\u00e9e. Mais les donn\u00e9es de l\u2019Institut pour l\u2019\u00e9tude de la guerre (ISW) et du Critical Threats Project (CTP), des centres am\u00e9ricains sp\u00e9cialis\u00e9s dans l\u2019\u00e9tude des conflits, montrent que l\u2019arm\u00e9e russe s\u2019est empar\u00e9e de 244\u00a0km2 de terres ukrainiennes en d\u00e9cembre, sa plus faible progression depuis le mois de mars.<\/p>\n<p class=\"c-paragraph\">En revanche, une acc\u00e9l\u00e9ration de l\u2019offensive russe est notable en fin d\u2019ann\u00e9e dans le Donbass, r\u00e9gion \u00e0 l\u2019est de l\u2019Ukraine riche en charbon, acier, m\u00e9tallurgie et industrie lourde, revendiqu\u00e9e par Vladimir Poutine.<\/p>\n<p>L\u2019\u00e9vacuation de plus de 3\u00a0000 enfants<\/p>\n<p class=\"c-paragraph\">Nos confr\u00e8res de NV observent que \u00ab\u00a0les plus importantes pertes territoriales ont \u00e9t\u00e9 enregistr\u00e9es dans l\u2019oblast de Donetsk, o\u00f9 78,1\u00a0% de la r\u00e9gion est d\u00e9sormais occup\u00e9e\u00a0\u00bb et dont 10,6\u00a0% ont \u00e9t\u00e9 conquis en 2025.<\/p>\n<p class=\"c-paragraph\">La progression de l\u2019arm\u00e9e russe est moins significative en 2025 qu\u2019en 2022 \u2013 lorsqu\u2019elle avait conquis des dizaines de milliers de km2 en quelques semaines \u2013 mais demeure satisfaisante pour Moscou. Signe de cette progression, Kiev a d\u00e9cr\u00e9t\u00e9, vendredi soir, l\u2019\u00e9vacuation obligatoire de plus de 3\u00a0000 enfants accompagn\u00e9s de leurs parents dans les r\u00e9gions de Zaporijjia (sud) et Dnipropetrovsk (centre-est).<\/p>\n","protected":false},"excerpt":{"rendered":"Les troupes du Kremlin auraient conquis plus de 5\u00a0600 km\u00b2 de territoire l\u2019ann\u00e9e derni\u00e8re et ont acc\u00e9l\u00e9r\u00e9 leur&hellip;\n","protected":false},"author":2,"featured_media":637287,"comment_status":"","ping_status":"","sticky":false,"template":"","format":"standard","meta":{"footnotes":""},"categories":[1591],"tags":[11,1887,12,1885,1886,132,220],"class_list":{"0":"post-637286","1":"post","2":"type-post","3":"status-publish","4":"format-standard","5":"has-post-thumbnail","7":"category-russie","8":"tag-actualites","9":"tag-federation-de-russie","10":"tag-news","11":"tag-russia","12":"tag-russian-federation","13":"tag-russie","14":"tag-ukraine"},"share_on_mastodon":{"url":"https:\/\/pubeurope.com\/@fr\/115828390860534526","error":""},"_links":{"self":[{"href":"https:\/\/www.europesays.com\/fr\/wp-json\/wp\/v2\/posts\/637286","targetHints":{"allow":["GET"]}}],"collection":[{"href":"https:\/\/www.europesays.com\/fr\/wp-json\/wp\/v2\/posts"}],"about":[{"href":"https:\/\/www.europesays.com\/fr\/wp-json\/wp\/v2\/types\/post"}],"author":[{"embeddable":true,"href":"https:\/\/www.europesays.com\/fr\/wp-json\/wp\/v2\/users\/2"}],"replies":[{"embeddable":true,"href":"https:\/\/www.europesays.com\/fr\/wp-json\/wp\/v2\/comments?post=637286"}],"version-history":[{"count":0,"href":"https:\/\/www.europesays.com\/fr\/wp-json\/wp\/v2\/posts\/637286\/revisions"}],"wp:featuredmedia":[{"embeddable":true,"href":"https:\/\/www.europesays.com\/fr\/wp-json\/wp\/v2\/media\/637287"}],"wp:attachment":[{"href":"https:\/\/www.europesays.com\/fr\/wp-json\/wp\/v2\/media?parent=637286"}],"wp:term":[{"taxonomy":"category","embeddable":true,"href":"https:\/\/www.europesays.com\/fr\/wp-json\/wp\/v2\/categories?post=637286"},{"taxonomy":"post_tag","embeddable":true,"href":"https:\/\/www.europesays.com\/fr\/wp-json\/wp\/v2\/tags?post=637286"}],"curies":[{"name":"wp","href":"https:\/\/api.w.org\/{rel}","templated":true}]}}