{"id":637288,"date":"2026-01-03T00:42:15","date_gmt":"2026-01-03T00:42:15","guid":{"rendered":"https:\/\/www.europesays.com\/fr\/637288\/"},"modified":"2026-01-03T00:42:15","modified_gmt":"2026-01-03T00:42:15","slug":"guerre-en-ukraine-volodymyr-zelensky-annonce-son-intention-de-remplacer-son-ministre-de-la-defense","status":"publish","type":"post","link":"https:\/\/www.europesays.com\/fr\/637288\/","title":{"rendered":"Guerre en Ukraine\u00a0: Volodymyr Zelensky annonce son intention de remplacer son ministre de la D\u00e9fense"},"content":{"rendered":"<p>\u00ab\u00a0J\u2019ai d\u00e9cid\u00e9 de modifier la structure du minist\u00e8re ukrainien de la D\u00e9fense. J\u2019ai propos\u00e9 \u00e0 Mykha\u00eflo Fedorov le poste de nouveau ministre ukrainien de la D\u00e9fense\u00a0\u00bb, a d\u00e9clar\u00e9 M. Zelensky dans son adresse quotidienne diffus\u00e9e sur les r\u00e9seaux sociaux.<\/p>\n<p>\u00c2g\u00e9 de 34 ans, M. Fedorov est actuellement vice-Premier ministre et ministre de la Transformation num\u00e9rique. D\u00e8s le d\u00e9but de la guerre, il a \u00e9t\u00e9 impliqu\u00e9 dans le d\u00e9veloppement de technologies militaires. C\u2019est lui qui, deux jours apr\u00e8s le d\u00e9but de l\u2019invasion russe, a sollicit\u00e9 Elon Musk via X, alors encore Twitter, afin d\u2019activer le r\u00e9seau Starlink au-dessus de l\u2019Ukraine. Quelques heures plus tard, Musk avait confirm\u00e9 que le service \u00e9tait op\u00e9rationnel.<\/p>\n<p><a href=\"https:\/\/www.rtbf.be\/article\/guerre-en-ukraine-en-quete-d-un-nouveau-souffle-volodymyr-zelensky-opere-un-remaniement-majeur-de-son-gouvernement-11576290\" target=\"_blank\" rel=\"noopener\">Le poste de ministre de la D\u00e9fense est actuellement occup\u00e9 par Denys Chmyhal<\/a>, qui \u00e9tait encore Premier ministre jusqu\u2019\u00e0 l\u2019\u00e9t\u00e9 dernier.<\/p>\n<p>Dans son message vid\u00e9o quotidien, Volodymyr Zelensky a \u00e9galement indiqu\u00e9 que Denys Chmyhal avait accompli un bon travail et qu\u2019un autre poste au sein du gouvernement lui avait \u00e9t\u00e9 propos\u00e9.<\/p>\n","protected":false},"excerpt":{"rendered":"\u00ab\u00a0J\u2019ai d\u00e9cid\u00e9 de modifier la structure du minist\u00e8re ukrainien de la D\u00e9fense. J\u2019ai propos\u00e9 \u00e0 Mykha\u00eflo Fedorov le&hellip;\n","protected":false},"author":2,"featured_media":637289,"comment_status":"","ping_status":"","sticky":false,"template":"","format":"standard","meta":{"footnotes":""},"categories":[1590],"tags":[11,1777,674,12,220],"class_list":{"0":"post-637288","1":"post","2":"type-post","3":"status-publish","4":"format-standard","5":"has-post-thumbnail","7":"category-ukraine","8":"tag-actualites","9":"tag-eu","10":"tag-europe","11":"tag-news","12":"tag-ukraine"},"share_on_mastodon":{"url":"https:\/\/pubeurope.com\/@fr\/115828394906571577","error":""},"_links":{"self":[{"href":"https:\/\/www.europesays.com\/fr\/wp-json\/wp\/v2\/posts\/637288","targetHints":{"allow":["GET"]}}],"collection":[{"href":"https:\/\/www.europesays.com\/fr\/wp-json\/wp\/v2\/posts"}],"about":[{"href":"https:\/\/www.europesays.com\/fr\/wp-json\/wp\/v2\/types\/post"}],"author":[{"embeddable":true,"href":"https:\/\/www.europesays.com\/fr\/wp-json\/wp\/v2\/users\/2"}],"replies":[{"embeddable":true,"href":"https:\/\/www.europesays.com\/fr\/wp-json\/wp\/v2\/comments?post=637288"}],"version-history":[{"count":0,"href":"https:\/\/www.europesays.com\/fr\/wp-json\/wp\/v2\/posts\/637288\/revisions"}],"wp:featuredmedia":[{"embeddable":true,"href":"https:\/\/www.europesays.com\/fr\/wp-json\/wp\/v2\/media\/637289"}],"wp:attachment":[{"href":"https:\/\/www.europesays.com\/fr\/wp-json\/wp\/v2\/media?parent=637288"}],"wp:term":[{"taxonomy":"category","embeddable":true,"href":"https:\/\/www.europesays.com\/fr\/wp-json\/wp\/v2\/categories?post=637288"},{"taxonomy":"post_tag","embeddable":true,"href":"https:\/\/www.europesays.com\/fr\/wp-json\/wp\/v2\/tags?post=637288"}],"curies":[{"name":"wp","href":"https:\/\/api.w.org\/{rel}","templated":true}]}}