{"id":637290,"date":"2026-01-03T00:43:11","date_gmt":"2026-01-03T00:43:11","guid":{"rendered":"https:\/\/www.europesays.com\/fr\/637290\/"},"modified":"2026-01-03T00:43:11","modified_gmt":"2026-01-03T00:43:11","slug":"trump-assure-avoir-reussi-avec-brio-un-nouvel-examen-cognitif-et-etre-en-parfaite-sante","status":"publish","type":"post","link":"https:\/\/www.europesays.com\/fr\/637290\/","title":{"rendered":"Trump assure avoir \u00ab\u00a0r\u00e9ussi avec brio\u00a0\u00bb un nouvel examen cognitif et \u00eatre en \u00ab\u00a0parfaite sant\u00e9\u00a0\u00bb"},"content":{"rendered":"<p>Le pr\u00e9sident am\u00e9ricain <a href=\"https:\/\/www.20minutes.fr\/dossier\/donald_trump\" target=\"_blank\" class=\"c-link c-link--is-underlined\" rel=\"noopener\">Donald Trump<\/a> a de nouveau affirm\u00e9 \u00eatre en \u00ab\u00a0parfaite sant\u00e9\u00a0\u00bb, d\u00e9clarant avoir valid\u00e9 sans difficult\u00e9 un examen cognitif r\u00e9cent. Dans un message publi\u00e9 sur son r\u00e9seau Truth Social, le r\u00e9publicain de 79 ans assure avoir \u00ab\u00a0r\u00e9pondu correctement \u00e0 100\u00a0% des questions pos\u00e9es\u00a0\u00bb et souligne qu\u2019il s\u2019agit de la \u00ab\u00a0troisi\u00e8me fois cons\u00e9cutive\u00a0\u00bb qu\u2019il obtient ce r\u00e9sultat, une performance qu\u2019il pr\u00e9sente comme exceptionnelle.<\/p>\n<p>Cette communication intervient alors que <a href=\"https:\/\/www.20minutes.fr\/monde\/etats-unis\/4193984-20260102-etats-unis-trump-donne-raison-hematomes-recurrents\" target=\"_blank\" class=\"c-link c-link--is-underlined\" rel=\"noopener\">les interrogations sur l\u2019\u00e9tat de sant\u00e9<\/a> du plus \u00e2g\u00e9 des pr\u00e9sidents jamais \u00e9lus aux <a href=\"https:\/\/www.20minutes.fr\/monde\/etats-unis\/\" target=\"_blank\" class=\"c-link c-link--is-underlined\" rel=\"noopener\">Etats-Unis<\/a> se sont intensifi\u00e9es. Plusieurs articles de presse ont r\u00e9cemment \u00e9voqu\u00e9 un ralentissement de son rythme, aliment\u00e9 par des images le montrant apparemment somnolent lors d\u2019\u00e9v\u00e9nements publics, ainsi que par l\u2019apparition d\u2019h\u00e9matomes sur sa main droite et de chevilles visiblement enfl\u00e9es.<\/p>\n<\/p>\n<p>\u00ab\u00a0Je veux un joli sang fluide\u00a0\u00bb<\/p>\n<p>Interrog\u00e9, jeudi, par le Wall Street Journal, Donald Trump a r\u00e9pondu point par point aux critiques. Il a attribu\u00e9 les marques sur sa main \u00e0 sa consommation quotidienne d\u2019aspirine, expliquant prendre \u00ab\u00a0325 milligrammes\u00a0\u00bb afin de \u00ab\u00a0liqu\u00e9fier le sang\u00a0\u00bb. \u00ab\u00a0Je ne veux pas que du sang \u00e9pais irrigue mon c\u0153ur. Je veux un joli sang fluide\u00a0\u00bb, a-t-il d\u00e9clar\u00e9, tout en niant s\u2019\u00eatre assoupi en public, accusant les m\u00e9dias de l\u2019avoir simplement photographi\u00e9 \u00ab\u00a0en train de cligner des yeux\u00a0\u00bb.<\/p>\n<p><a href=\"https:\/\/www.20minutes.fr\/dossier\/donald_trump\" target=\"_blank\" class=\"c-link c-btn c-btn--primary\" rel=\"noopener\">Tous nos articles sur Donald Trump<\/a><\/p>\n<p>Depuis son retour \u00e0 la <a href=\"https:\/\/www.20minutes.fr\/dossier\/maison_blanche\" target=\"_blank\" class=\"c-link c-link--is-underlined\" rel=\"noopener\">Maison-Blanche<\/a> il y a pr\u00e8s d\u2019un an, le pr\u00e9sident multiplie les signaux destin\u00e9s \u00e0 rassurer sur sa capacit\u00e9 \u00e0 gouverner. Apr\u00e8s avoir fait publier un compte rendu m\u00e9dical d\u00e9taill\u00e9 au printemps, il a vu son m\u00e9decin r\u00e9affirmer \u00e0 l\u2019automne qu\u2019il \u00e9tait en excellente sant\u00e9. Une strat\u00e9gie qui contraste avec les attaques r\u00e9p\u00e9t\u00e9es men\u00e9es lors de la pr\u00e9c\u00e9dente campagne contre son rival d\u00e9mocrate Joe Biden, r\u00e9guli\u00e8rement d\u00e9crit par Donald Trump comme diminu\u00e9 sur le plan cognitif.<\/p>\n","protected":false},"excerpt":{"rendered":"Le pr\u00e9sident am\u00e9ricain Donald Trump a de nouveau affirm\u00e9 \u00eatre en \u00ab\u00a0parfaite sant\u00e9\u00a0\u00bb, d\u00e9clarant avoir valid\u00e9 sans difficult\u00e9&hellip;\n","protected":false},"author":2,"featured_media":637291,"comment_status":"","ping_status":"","sticky":false,"template":"","format":"standard","meta":{"footnotes":""},"categories":[1589],"tags":[47,11,75,73,1866,457,78,225,74,12,71,1864,1865,1863,308,22283],"class_list":{"0":"post-637290","1":"post","2":"type-post","3":"status-publish","4":"format-standard","5":"has-post-thumbnail","7":"category-etats-unis","8":"tag-actualite","9":"tag-actualites","10":"tag-donald-trump","11":"tag-etats-unis","12":"tag-etats-unis-damerique","13":"tag-joe-biden","14":"tag-maison-blanche","15":"tag-medicament","16":"tag-monde","17":"tag-news","18":"tag-sante","19":"tag-united-states","20":"tag-united-states-of-america","21":"tag-us","22":"tag-usa","23":"tag-wall-street-journal"},"share_on_mastodon":{"url":"https:\/\/pubeurope.com\/@fr\/115828398731907094","error":""},"_links":{"self":[{"href":"https:\/\/www.europesays.com\/fr\/wp-json\/wp\/v2\/posts\/637290","targetHints":{"allow":["GET"]}}],"collection":[{"href":"https:\/\/www.europesays.com\/fr\/wp-json\/wp\/v2\/posts"}],"about":[{"href":"https:\/\/www.europesays.com\/fr\/wp-json\/wp\/v2\/types\/post"}],"author":[{"embeddable":true,"href":"https:\/\/www.europesays.com\/fr\/wp-json\/wp\/v2\/users\/2"}],"replies":[{"embeddable":true,"href":"https:\/\/www.europesays.com\/fr\/wp-json\/wp\/v2\/comments?post=637290"}],"version-history":[{"count":0,"href":"https:\/\/www.europesays.com\/fr\/wp-json\/wp\/v2\/posts\/637290\/revisions"}],"wp:featuredmedia":[{"embeddable":true,"href":"https:\/\/www.europesays.com\/fr\/wp-json\/wp\/v2\/media\/637291"}],"wp:attachment":[{"href":"https:\/\/www.europesays.com\/fr\/wp-json\/wp\/v2\/media?parent=637290"}],"wp:term":[{"taxonomy":"category","embeddable":true,"href":"https:\/\/www.europesays.com\/fr\/wp-json\/wp\/v2\/categories?post=637290"},{"taxonomy":"post_tag","embeddable":true,"href":"https:\/\/www.europesays.com\/fr\/wp-json\/wp\/v2\/tags?post=637290"}],"curies":[{"name":"wp","href":"https:\/\/api.w.org\/{rel}","templated":true}]}}