{"id":637294,"date":"2026-01-03T00:45:56","date_gmt":"2026-01-03T00:45:56","guid":{"rendered":"https:\/\/www.europesays.com\/fr\/637294\/"},"modified":"2026-01-03T00:45:56","modified_gmt":"2026-01-03T00:45:56","slug":"braquage-spectaculaire-en-allemagne-30-millions-deuros-derobes-dans-une-banque","status":"publish","type":"post","link":"https:\/\/www.europesays.com\/fr\/637294\/","title":{"rendered":"Braquage Spectaculaire En Allemagne : 30 Millions D&rsquo;euros D\u00e9rob\u00e9s Dans Une Banque"},"content":{"rendered":"<p class=\"\" data-is=\"component-paragraph\">Les autorit\u00e9s allemandes poursuivent ce mercredi leurs recherches intensives pour retrouver les auteurs d&rsquo;un cambriolage spectaculaire perp\u00e9tr\u00e9 dans une succursale de la banque Sparkasse \u00e0 Gelsenkirchen, dans l&rsquo;ouest du pays. Les malfaiteurs ont r\u00e9ussi \u00e0 d\u00e9rober de l&rsquo;argent liquide, de l&rsquo;or et des bijoux pour une valeur totale de 35 millions de dollars, apr\u00e8s avoir forc\u00e9 plus de 3 000 coffres-forts priv\u00e9s.<\/p>\n<p class=\"\" data-is=\"component-paragraph\">Le vol de grande ampleur a \u00e9t\u00e9 ex\u00e9cut\u00e9 avec une pr\u00e9cision chirurgicale. Les cambrioleurs ont utilis\u00e9 une grosse perceuse pour percer un tunnel \u00e0 travers le mur en b\u00e9ton jusqu&rsquo;\u00e0 la chambre forte souterraine, en acc\u00e9dant par un parking voisin. Cette op\u00e9ration d&rsquo;envergure a n\u00e9cessit\u00e9 un temps consid\u00e9rable : les enqu\u00eateurs soup\u00e7onnent le gang d&rsquo;avoir pass\u00e9 une grande partie du week-end dernier enferm\u00e9 \u00e0 l&rsquo;int\u00e9rieur du coffre-fort, cambriolant m\u00e9thodiquement un coffre apr\u00e8s l&rsquo;autre.<\/p>\n<p class=\"\" data-is=\"component-paragraph\">Les malfaiteurs ont profit\u00e9 de la p\u00e9riode creuse des f\u00eates de No\u00ebl, durant laquelle la plupart des banques et des commerces en Allemagne sont ferm\u00e9s d\u00e8s le soir du 24 d\u00e9cembre. Le vol n&rsquo;a \u00e9t\u00e9 d\u00e9couvert que t\u00f4t le lundi 29 d\u00e9cembre, lorsque l&rsquo;alarme incendie s&rsquo;est d\u00e9clench\u00e9e. Les services d&rsquo;urgence ont alors constat\u00e9 le trou b\u00e9ant perc\u00e9 dans le mur par les cambrioleurs.<\/p>\n<p class=\"\" data-is=\"component-paragraph\">Des t\u00e9moins ont rapport\u00e9 avoir aper\u00e7u plusieurs hommes transportant de gros sacs dans la cage d&rsquo;escalier du parking voisin samedi soir. Les images des cam\u00e9ras de surveillance ont r\u00e9v\u00e9l\u00e9 qu&rsquo;une Audi RS 6 avait quitt\u00e9 le parking aux premi\u00e8res heures de lundi matin, avec des hommes masqu\u00e9s \u00e0 bord. La plaque d&rsquo;immatriculation du v\u00e9hicule avait \u00e9t\u00e9 vol\u00e9e plus t\u00f4t dans la journ\u00e9e \u00e0 Hanovre, \u00e0 plus de 200 kilom\u00e8tres au nord-est de Gelsenkirchen, t\u00e9moignant d&rsquo;une pr\u00e9paration minutieuse.<\/p>\n<p class=\"\" data-is=\"component-paragraph\">Un porte-parole de la police locale a qualifi\u00e9 hier le braquage d'\u00a0\u00bbex\u00e9cut\u00e9 avec un grand professionnalisme\u00a0\u00bb, le comparant au film \u00ab\u00a0Ocean&rsquo;s Eleven\u00a0\u00bb. \u00ab\u00a0Il ne fait aucun doute que les braqueurs \u00e9taient bien pr\u00e9par\u00e9s\u00a0\u00bb, a-t-il d\u00e9clar\u00e9. Selon les autorit\u00e9s, plus de 95 % des coffres-forts priv\u00e9s pr\u00e9sents sur les lieux ont \u00e9t\u00e9 forc\u00e9s lors du cambriolage, chaque coffre ayant une valeur assur\u00e9e moyenne de 10 000 euros.<\/p>\n<p><img alt=\"Video poster\" class=\"video-poster\" data-is=\"lazy-image\" data-observed-item-id=\"https:\/\/api.i24news.tv\/fr\/brightcove\/6384099334112\/poster\"\/>Cambriolage au Louvre : deux suspects interpell\u00e9s<\/p>\n<p class=\"\" data-is=\"component-paragraph\"><b class=\"\" data-is=\"component-bold\">Sc\u00e8nes de col\u00e8re devant l&rsquo;agence bancaire<\/b><\/p>\n<p class=\"\" data-is=\"component-paragraph\">Des centaines de clients de la banque se sont rassembl\u00e9s mardi devant l&rsquo;agence, exigeant des explications sur les \u00e9v\u00e9nements et des informations sur le sort de leurs \u00e9conomies. La banque est rest\u00e9e ferm\u00e9e toute la matin\u00e9e suite \u00e0 des menaces prof\u00e9r\u00e9es contre ses employ\u00e9s. La police a d\u00fb emp\u00eacher des clients m\u00e9contents de p\u00e9n\u00e9trer dans l&rsquo;\u00e9tablissement.<\/p>\n<p class=\"\" data-is=\"component-paragraph\">\u00ab\u00a0Je n&rsquo;ai pas ferm\u00e9 l&rsquo;\u0153il de la nuit. Ils ne nous donnent aucune information\u00a0\u00bb, a d\u00e9clar\u00e9 un client au quotidien allemand Die Welt. Cet homme a pr\u00e9cis\u00e9 qu&rsquo;il utilisait le coffre-fort de la banque depuis 25 ans et qu&rsquo;il y conservait ses \u00e9conomies pour sa retraite. Un autre client a indiqu\u00e9 qu&rsquo;il y entreposait de l&rsquo;argent liquide et des bijoux destin\u00e9s \u00e0 sa famille.<\/p>\n<p class=\"\" data-is=\"component-paragraph\">L&rsquo;ampleur du pr\u00e9judice et le professionnalisme dont ont fait preuve les cambrioleurs laissent penser qu&rsquo;il pourrait s&rsquo;agir d&rsquo;un gang criminel organis\u00e9 et exp\u00e9riment\u00e9. Les enqu\u00eateurs concentrent d\u00e9sormais leurs efforts sur l&rsquo;exploitation des images de vid\u00e9osurveillance et des t\u00e9moignages pour identifier et appr\u00e9hender les auteurs de ce braquage spectaculaire.<\/p>\n","protected":false},"excerpt":{"rendered":"Les autorit\u00e9s allemandes poursuivent ce mercredi leurs recherches intensives pour retrouver les auteurs d&rsquo;un cambriolage spectaculaire perp\u00e9tr\u00e9 dans&hellip;\n","protected":false},"author":2,"featured_media":637295,"comment_status":"","ping_status":"","sticky":false,"template":"","format":"standard","meta":{"footnotes":""},"categories":[1587],"tags":[11,672,1804,1805,1803,1777,674,1801,12,1802],"class_list":{"0":"post-637294","1":"post","2":"type-post","3":"status-publish","4":"format-standard","5":"has-post-thumbnail","7":"category-allemagne","8":"tag-actualites","9":"tag-allemagne","10":"tag-bundesrepublik-deutschland","11":"tag-de","12":"tag-deutschland","13":"tag-eu","14":"tag-europe","15":"tag-germany","16":"tag-news","17":"tag-republique-federale-dallemagne"},"share_on_mastodon":{"url":"https:\/\/pubeurope.com\/@fr\/115828410464325019","error":""},"_links":{"self":[{"href":"https:\/\/www.europesays.com\/fr\/wp-json\/wp\/v2\/posts\/637294","targetHints":{"allow":["GET"]}}],"collection":[{"href":"https:\/\/www.europesays.com\/fr\/wp-json\/wp\/v2\/posts"}],"about":[{"href":"https:\/\/www.europesays.com\/fr\/wp-json\/wp\/v2\/types\/post"}],"author":[{"embeddable":true,"href":"https:\/\/www.europesays.com\/fr\/wp-json\/wp\/v2\/users\/2"}],"replies":[{"embeddable":true,"href":"https:\/\/www.europesays.com\/fr\/wp-json\/wp\/v2\/comments?post=637294"}],"version-history":[{"count":0,"href":"https:\/\/www.europesays.com\/fr\/wp-json\/wp\/v2\/posts\/637294\/revisions"}],"wp:featuredmedia":[{"embeddable":true,"href":"https:\/\/www.europesays.com\/fr\/wp-json\/wp\/v2\/media\/637295"}],"wp:attachment":[{"href":"https:\/\/www.europesays.com\/fr\/wp-json\/wp\/v2\/media?parent=637294"}],"wp:term":[{"taxonomy":"category","embeddable":true,"href":"https:\/\/www.europesays.com\/fr\/wp-json\/wp\/v2\/categories?post=637294"},{"taxonomy":"post_tag","embeddable":true,"href":"https:\/\/www.europesays.com\/fr\/wp-json\/wp\/v2\/tags?post=637294"}],"curies":[{"name":"wp","href":"https:\/\/api.w.org\/{rel}","templated":true}]}}