{"id":637296,"date":"2026-01-03T00:47:12","date_gmt":"2026-01-03T00:47:12","guid":{"rendered":"https:\/\/www.europesays.com\/fr\/637296\/"},"modified":"2026-01-03T00:47:12","modified_gmt":"2026-01-03T00:47:12","slug":"au-moins-50-grands-brules-ont-ete-transferes-partout-en-europe","status":"publish","type":"post","link":"https:\/\/www.europesays.com\/fr\/637296\/","title":{"rendered":"au moins 50 grands br\u00fbl\u00e9s ont \u00e9t\u00e9 transf\u00e9r\u00e9s partout en Europe"},"content":{"rendered":"<p>Incendie \u00e0 Crans-Montana: au moins 50 grands br\u00fbl\u00e9s ont \u00e9t\u00e9 transf\u00e9r\u00e9s partout en EuropeSur le m\u00eame sujet<a href=\"https:\/\/www.bfmtv.com\/replay-emissions\/bfm-grand-soir\/video-drame-de-crans-montana-48-heures-apres-les-hommages-se-multiplient-02-01_VN-202601020579.html\" title=\"Drame de Crans-Montana : 48 heures apr\u00e8s, les hommages se multiplient - 02\/01\" target=\"_blank\" rel=\"noopener\"><img width=\"16\" height=\"9\" class=\"lozad\"  alt=\"Drame de Crans-Montana : 48 heures apr\u00e8s, les hommages se multiplient - 02\/01\"\/>17:57Drame de Crans-Montana : 48 heures apr\u00e8s, les hommages se multiplient &#8211; 02\/01<\/a><a href=\"https:\/\/www.bfmtv.com\/replay-emissions\/bfm-grand-soir\/video-crans-montana-la-nuit-du-drame-minute-par-minute-02-01_VN-202601020567.html\" title=\"Crans-Montana : la nuit du drame minute par minute - 02\/01\" target=\"_blank\" rel=\"noopener\"><img width=\"16\" height=\"9\" class=\"lozad\"  alt=\"Crans-Montana : la nuit du drame minute par minute - 02\/01\"\/>35:16Crans-Montana : la nuit du drame minute par minute &#8211; 02\/01<\/a><a href=\"https:\/\/www.bfmtv.com\/international\/europe\/suisse\/video-incendie-a-crans-montana-en-suisse-la-nuit-du-drame-minute-par-minute_VN-202601020555.html\" title=\"Incendie \u00e0 Crans-Montana en Suisse: la nuit du drame minute par minute\" target=\"_blank\" rel=\"noopener\"><img width=\"16\" height=\"9\" class=\"lozad\"  alt=\"Incendie \u00e0 Crans-Montana en Suisse: la nuit du drame minute par minute\"\/>5:55Incendie \u00e0 Crans-Montana en Suisse: la nuit du drame minute par minute<\/a><a href=\"https:\/\/www.bfmtv.com\/replay-emissions\/bfm-grand-soir\/video-suisse-40-morts-119-blesses-dont-14-francais-02-01_VN-202601020552.html\" title=\"Suisse : 40 morts, 119 bless\u00e9s dont 14 Fran\u00e7ais - 02\/01\" target=\"_blank\" rel=\"noopener\"><img width=\"16\" height=\"9\" class=\"lozad\"  alt=\"Suisse : 40 morts, 119 bless\u00e9s dont 14 Fran\u00e7ais - 02\/01\"\/>18:27Suisse : 40 morts, 119 bless\u00e9s dont 14 Fran\u00e7ais &#8211; 02\/01<\/a><a href=\"https:\/\/www.bfmtv.com\/international\/europe\/suisse\/video-incendie-a-crans-montana-au-moins-50-grands-brules-ont-ete-transferes-partout-en-europe_VN-202601020550.html\" title=\"Incendie \u00e0 Crans-Montana: au moins 50 grands br\u00fbl\u00e9s ont \u00e9t\u00e9 transf\u00e9r\u00e9s partout en Europe\" target=\"_blank\" rel=\"noopener\"><img width=\"16\" height=\"9\" class=\"lozad\"  alt=\"Incendie \u00e0 Crans-Montana: au moins 50 grands br\u00fbl\u00e9s ont \u00e9t\u00e9 transf\u00e9r\u00e9s partout en Europe\"\/>en lectureIncendie \u00e0 Crans-Montana: au moins 50 grands br\u00fbl\u00e9s ont \u00e9t\u00e9 transf\u00e9r\u00e9s partout en Europe<\/a><a href=\"https:\/\/www.bfmtv.com\/international\/europe\/suisse\/video-incendie-a-crans-montana-en-suisse-14-francais-sont-blesses-huit-ne-sont-pas-encore-localises_VN-202601020549.html\" title=\"Incendie \u00e0 Crans-Montana en Suisse: 14 Fran\u00e7ais sont bless\u00e9s, huit ne sont pas encore localis\u00e9s\" target=\"_blank\" rel=\"noopener\"><img width=\"16\" height=\"9\" class=\"lozad\"  alt=\"Incendie \u00e0 Crans-Montana en Suisse: 14 Fran\u00e7ais sont bless\u00e9s, huit ne sont pas encore localis\u00e9s\"\/>1:44Incendie \u00e0 Crans-Montana en Suisse: 14 Fran\u00e7ais sont bless\u00e9s, huit ne sont pas encore localis\u00e9s<\/a><a href=\"https:\/\/www.bfmtv.com\/international\/europe\/suisse\/video-ligne-rouge-crans-montana-le-recit-d-une-nuit-d-horreur_VN-202601020541.html\" title=\"LIGNE ROUGE - Crans-Montana: le r\u00e9cit d&#039;une nuit d&#039;horreur\" target=\"_blank\" rel=\"noopener\"><img width=\"16\" height=\"9\" class=\"lozad\"  alt=\"LIGNE ROUGE - Crans-Montana: le r\u00e9cit d'une nuit d'horreur\"\/>21:38LIGNE ROUGE &#8211; Crans-Montana: le r\u00e9cit d&rsquo;une nuit d&rsquo;horreur<\/a><a href=\"https:\/\/www.bfmtv.com\/international\/europe\/suisse\/video-ligne-rouge-crans-montana-le-recit-d-une-nuit-d-horreur_VN-202601020534.html\" title=\"LIGNE ROUGE - Crans-Montana: le r\u00e9cit d&#039;une nuit d&#039;horreur\" target=\"_blank\" rel=\"noopener\"><img width=\"16\" height=\"9\" class=\"lozad\"  alt=\"LIGNE ROUGE - Crans-Montana: le r\u00e9cit d'une nuit d'horreur\"\/>4:52LIGNE ROUGE &#8211; Crans-Montana: le r\u00e9cit d&rsquo;une nuit d&rsquo;horreur<\/a><a href=\"https:\/\/www.bfmtv.com\/international\/europe\/suisse\/video-ligne-rouge-crans-montana-le-recit-d-une-nuit-d-horreur_VN-202601020532.html\" title=\"LIGNE ROUGE - Crans-Montana: le r\u00e9cit d&#039;une nuit d&#039;horreur\" target=\"_blank\" rel=\"noopener\"><img width=\"16\" height=\"9\" class=\"lozad\"  alt=\"LIGNE ROUGE - Crans-Montana: le r\u00e9cit d'une nuit d'horreur\"\/>8:45LIGNE ROUGE &#8211; Crans-Montana: le r\u00e9cit d&rsquo;une nuit d&rsquo;horreur<\/a><a href=\"https:\/\/www.bfmtv.com\/international\/europe\/suisse\/video-de-nouvelles-images-ont-ete-publiees-sur-les-reseaux-sociaux-de-l-incendie-a-crans-montana-en-suisse_VN-202601020530.html\" title=\"De nouvelles images ont \u00e9t\u00e9 publi\u00e9es sur les r\u00e9seaux sociaux de l&#039;incendie \u00e0 Crans-Montana en Suisse\" target=\"_blank\" rel=\"noopener\"><img width=\"16\" height=\"9\" class=\"lozad\"  alt=\"De nouvelles images ont \u00e9t\u00e9 publi\u00e9es sur les r\u00e9seaux sociaux de l'incendie \u00e0 Crans-Montana en Suisse\"\/>1:33De nouvelles images ont \u00e9t\u00e9 publi\u00e9es sur les r\u00e9seaux sociaux de l&rsquo;incendie \u00e0 Crans-Montana en Suisse<\/a><a href=\"https:\/\/www.bfmtv.com\/international\/europe\/suisse\/video-j-ai-progresse-dans-le-couloir-et-j-ai-trouve-une-porte-paolo-habitant-de-crans-montana-raconte-le-moment-ou-il-a-secouru-des-victimes-de-l-incendie_VN-202601020529.html\" title=\"&quot;J&#039;ai progress\u00e9 dans le couloir, et j&#039;ai trouv\u00e9 une porte&quot;: Paolo, habitant de Crans-Montana, raconte le moment o\u00f9 il a secouru des victimes de l&#039;incendie\" target=\"_blank\" rel=\"noopener\"><img width=\"16\" height=\"9\" class=\"lozad\"  alt=\"&quot;J'ai progress\u00e9 dans le couloir, et j'ai trouv\u00e9 une porte&quot;: Paolo, habitant de Crans-Montana, raconte le moment o\u00f9 il a secouru des victimes de l'incendie\"\/>3:11&Prime;J&rsquo;ai progress\u00e9 dans le couloir, et j&rsquo;ai trouv\u00e9 une porte\u00a0\u00bb: Paolo, habitant de Crans-Montana, raconte le moment o\u00f9 il a secouru des victimes de l&rsquo;incendie<\/a><a href=\"https:\/\/www.bfmtv.com\/international\/europe\/suisse\/video-incendie-a-crans-montana-les-14-francais-blesses-ont-ete-pris-en-charge-declare-eleonore-caroit-ministre-chargee-de-la-francophonie-et-des-francais-de-l-etranger_VN-202601020528.html\" title=\"Incendie \u00e0 Crans-Montana: &quot;Les 14 Fran\u00e7ais bless\u00e9s ont \u00e9t\u00e9 pris en charge&quot;, d\u00e9clare \u00c9l\u00e9onore Caroit, ministre charg\u00e9e de la Francophonie et des Fran\u00e7ais de l&#039;\u00e9tranger\" target=\"_blank\" rel=\"noopener\"><img width=\"16\" height=\"9\" class=\"lozad\"  alt=\"Incendie \u00e0 Crans-Montana: &quot;Les 14 Fran\u00e7ais bless\u00e9s ont \u00e9t\u00e9 pris en charge&quot;, d\u00e9clare \u00c9l\u00e9onore Caroit, ministre charg\u00e9e de la Francophonie et des Fran\u00e7ais de l'\u00e9tranger\"\/>2:09Incendie \u00e0 Crans-Montana: \u00ab\u00a0Les 14 Fran\u00e7ais bless\u00e9s ont \u00e9t\u00e9 pris en charge\u00a0\u00bb, d\u00e9clare \u00c9l\u00e9onore Caroit, ministre charg\u00e9e de la Francophonie et des Fran\u00e7ais de l&rsquo;\u00e9tranger<\/a><a href=\"https:\/\/www.bfmtv.com\/international\/europe\/suisse\/video-incendie-a-crans-montana-le-bar-avait-ete-controle-trois-fois-en-dix-ans-selon-le-proprietaire-du-bar-presse-suisse_VN-202601020524.html\" title=\"Incendie \u00e0 Crans-Montana: le bar avait \u00e9t\u00e9 contr\u00f4l\u00e9 &quot;trois fois en dix ans&quot;, selon le propri\u00e9taire du bar (presse suisse)\" target=\"_blank\" rel=\"noopener\"><img width=\"16\" height=\"9\" class=\"lozad\"  alt=\"Incendie \u00e0 Crans-Montana: le bar avait \u00e9t\u00e9 contr\u00f4l\u00e9 &quot;trois fois en dix ans&quot;, selon le propri\u00e9taire du bar (presse suisse)\"\/>0:35Incendie \u00e0 Crans-Montana: le bar avait \u00e9t\u00e9 contr\u00f4l\u00e9 \u00ab\u00a0trois fois en dix ans\u00a0\u00bb, selon le propri\u00e9taire du bar (presse suisse)<\/a><a href=\"https:\/\/www.bfmtv.com\/international\/europe\/suisse\/video-incendie-a-crans-montana-tout-s-est-fait-dans-les-normes-assure-le-proprietaire-du-bar-a-la-presse-suisse_VN-202601020521.html\" title=\"Incendie \u00e0 Crans-Montana: &quot;Tout s&#039;est fait dans les normes&quot;, assure le propri\u00e9taire du bar \u00e0 la presse suisse\" target=\"_blank\" rel=\"noopener\"><img width=\"16\" height=\"9\" class=\"lozad\"  alt=\"Incendie \u00e0 Crans-Montana: &quot;Tout s'est fait dans les normes&quot;, assure le propri\u00e9taire du bar \u00e0 la presse suisse\"\/>0:24Incendie \u00e0 Crans-Montana: \u00ab\u00a0Tout s&rsquo;est fait dans les normes\u00a0\u00bb, assure le propri\u00e9taire du bar \u00e0 la presse suisse<\/a><a class=\"jumpToVideo\" target=\"_blank\"><img class=\"thumbnailPreview\"\/><\/a><\/p>\n","protected":false},"excerpt":{"rendered":"Incendie \u00e0 Crans-Montana: au moins 50 grands br\u00fbl\u00e9s ont \u00e9t\u00e9 transf\u00e9r\u00e9s partout en EuropeSur le m\u00eame sujet17:57Drame de&hellip;\n","protected":false},"author":2,"featured_media":637297,"comment_status":"","ping_status":"","sticky":false,"template":"","format":"standard","meta":{"footnotes":""},"categories":[1586],"tags":[11,1777,674,1011,27,12,25],"class_list":{"0":"post-637296","1":"post","2":"type-post","3":"status-publish","4":"format-standard","5":"has-post-thumbnail","7":"category-europe","8":"tag-actualites","9":"tag-eu","10":"tag-europe","11":"tag-fr","12":"tag-france","13":"tag-news","14":"tag-republique-francaise"},"share_on_mastodon":{"url":"https:\/\/pubeurope.com\/@fr\/115828414495900273","error":""},"_links":{"self":[{"href":"https:\/\/www.europesays.com\/fr\/wp-json\/wp\/v2\/posts\/637296","targetHints":{"allow":["GET"]}}],"collection":[{"href":"https:\/\/www.europesays.com\/fr\/wp-json\/wp\/v2\/posts"}],"about":[{"href":"https:\/\/www.europesays.com\/fr\/wp-json\/wp\/v2\/types\/post"}],"author":[{"embeddable":true,"href":"https:\/\/www.europesays.com\/fr\/wp-json\/wp\/v2\/users\/2"}],"replies":[{"embeddable":true,"href":"https:\/\/www.europesays.com\/fr\/wp-json\/wp\/v2\/comments?post=637296"}],"version-history":[{"count":0,"href":"https:\/\/www.europesays.com\/fr\/wp-json\/wp\/v2\/posts\/637296\/revisions"}],"wp:featuredmedia":[{"embeddable":true,"href":"https:\/\/www.europesays.com\/fr\/wp-json\/wp\/v2\/media\/637297"}],"wp:attachment":[{"href":"https:\/\/www.europesays.com\/fr\/wp-json\/wp\/v2\/media?parent=637296"}],"wp:term":[{"taxonomy":"category","embeddable":true,"href":"https:\/\/www.europesays.com\/fr\/wp-json\/wp\/v2\/categories?post=637296"},{"taxonomy":"post_tag","embeddable":true,"href":"https:\/\/www.europesays.com\/fr\/wp-json\/wp\/v2\/tags?post=637296"}],"curies":[{"name":"wp","href":"https:\/\/api.w.org\/{rel}","templated":true}]}}