{"id":637298,"date":"2026-01-03T00:48:11","date_gmt":"2026-01-03T00:48:11","guid":{"rendered":"https:\/\/www.europesays.com\/fr\/637298\/"},"modified":"2026-01-03T00:48:11","modified_gmt":"2026-01-03T00:48:11","slug":"un-nouveau-recours-du-polisario-sans-perspective-juridique-h24info","status":"publish","type":"post","link":"https:\/\/www.europesays.com\/fr\/637298\/","title":{"rendered":"un nouveau recours du Polisario sans perspective juridique , H24info"},"content":{"rendered":"<p>h3{color:#1f66ba;font-family:oxygen,source-sans-pro,Arial,-apple-system,BlinkMacSystemFont,Segoe\\ UI,Roboto,Oxygen-Sans,Ubuntu,Cantarell,Helvetica\\ Neue,Helvetica,sans-serif;font-size:1.25rem;font-weight:600;line-height:1.4;margin:8px 0}]]]]>]]><br \/>\nLa r\u00e9daction vous conseille<\/p>\n<p><a href=\"https:\/\/h24info.ma\/maroc\/maroc-france-une-importante-delegation-des-provinces-du-sud-recue-au-senat-francais\/\" class=\"h24-ranking-profile-link\" data-h24-domain=\"H24info\" target=\"_blank\" rel=\"noopener\"><\/p>\n<p>Maroc-France: une importante d\u00e9l\u00e9gation des provinces du Sud re\u00e7ue au S\u00e9nat fran\u00e7ais<br \/>\n<\/a><\/p>\n<p class=\"h24-ranking-profile-standfirst\">\nDans la continuit\u00e9 de ses d\u00e9marches judiciaires infructueuses, le Polisario a d\u00e9pos\u00e9 un nouveau recours devant le Tribunal de l\u2019Union <a href=\"https:\/\/h24info.ma\/maroc\/maroc-france-une-importante-delegation-des-provinces-du-sud-recue-au-senat-francais\/\" style=\"color:#002fff;\" target=\"_blank\" rel=\"noopener\">Lire la suite<\/a> <\/p>\n<p><a href=\"https:\/\/h24info.ma\/maroc\/mezzour-a-el-mundo-espace-aerien-du-sahara\/\" class=\"h24-ranking-profile-link\" data-h24-domain=\"H24info\" target=\"_blank\" rel=\"noopener\"><\/p>\n<p>Mezzour \u00e0 EL MUNDO: \u00ab\u00a0Le moment est venu de transf\u00e9rer \u00e0 Rabat la gestion de l\u2019espace a\u00e9rien du Sahara\u00a0\u00bb<br \/>\n<\/a><\/p>\n<p class=\"h24-ranking-profile-standfirst\">\nDans la continuit\u00e9 de ses d\u00e9marches judiciaires infructueuses, le Polisario a d\u00e9pos\u00e9 un nouveau recours devant le Tribunal de l\u2019Union <a href=\"https:\/\/h24info.ma\/maroc\/mezzour-a-el-mundo-espace-aerien-du-sahara\/\" style=\"color:#002fff;\" target=\"_blank\" rel=\"noopener\">Lire la suite<\/a> <\/p>\n<p><a href=\"https:\/\/h24info.ma\/h24\/medays-2025-president-gambien-cooperation-sud-sud\/\" class=\"h24-ranking-profile-link\" data-h24-domain=\"H24info\" target=\"_blank\" rel=\"noopener\"><\/p>\n<p>MEDays 2025: le pr\u00e9sident gambien salue le leadership du Maroc dans la coop\u00e9ration Sud-Sud<br \/>\n<\/a><\/p>\n<p class=\"h24-ranking-profile-standfirst\">\nDans la continuit\u00e9 de ses d\u00e9marches judiciaires infructueuses, le Polisario a d\u00e9pos\u00e9 un nouveau recours devant le Tribunal de l\u2019Union <a href=\"https:\/\/h24info.ma\/h24\/medays-2025-president-gambien-cooperation-sud-sud\/\" style=\"color:#002fff;\" target=\"_blank\" rel=\"noopener\">Lire la suite<\/a> <\/p>\n<p><a href=\"https:\/\/h24info.ma\/maroc\/la-revue-de-presse-de-ce-jeudi-27-novembre-2025\/\" class=\"h24-ranking-profile-link\" data-h24-domain=\"H24info\" target=\"_blank\" rel=\"noopener\"><\/p>\n<p>La revue de presse de ce jeudi 27 novembre 2025<br \/>\n<\/a><\/p>\n<p class=\"h24-ranking-profile-standfirst\">\nDans la continuit\u00e9 de ses d\u00e9marches judiciaires infructueuses, le Polisario a d\u00e9pos\u00e9 un nouveau recours devant le Tribunal de l\u2019Union <a href=\"https:\/\/h24info.ma\/maroc\/la-revue-de-presse-de-ce-jeudi-27-novembre-2025\/\" style=\"color:#002fff;\" target=\"_blank\" rel=\"noopener\">Lire la suite<\/a> <\/p>\n","protected":false},"excerpt":{"rendered":"h3{color:#1f66ba;font-family:oxygen,source-sans-pro,Arial,-apple-system,BlinkMacSystemFont,Segoe\\ UI,Roboto,Oxygen-Sans,Ubuntu,Cantarell,Helvetica\\ Neue,Helvetica,sans-serif;font-size:1.25rem;font-weight:600;line-height:1.4;margin:8px 0}]]]]&gt;]]&gt; La r\u00e9daction vous conseille Maroc-France: une importante d\u00e9l\u00e9gation des provinces du Sud re\u00e7ue au&hellip;\n","protected":false},"author":2,"featured_media":637299,"comment_status":"","ping_status":"","sticky":false,"template":"","format":"standard","meta":{"footnotes":""},"categories":[1586],"tags":[11,1777,674,1779,1011,27,12,25,1778,364],"class_list":{"0":"post-637298","1":"post","2":"type-post","3":"status-publish","4":"format-standard","5":"has-post-thumbnail","7":"category-europe","8":"tag-actualites","9":"tag-eu","10":"tag-europe","11":"tag-european-union","12":"tag-fr","13":"tag-france","14":"tag-news","15":"tag-republique-francaise","16":"tag-ue","17":"tag-union-europeenne"},"share_on_mastodon":{"url":"https:\/\/pubeurope.com\/@fr\/115828418369018229","error":""},"_links":{"self":[{"href":"https:\/\/www.europesays.com\/fr\/wp-json\/wp\/v2\/posts\/637298","targetHints":{"allow":["GET"]}}],"collection":[{"href":"https:\/\/www.europesays.com\/fr\/wp-json\/wp\/v2\/posts"}],"about":[{"href":"https:\/\/www.europesays.com\/fr\/wp-json\/wp\/v2\/types\/post"}],"author":[{"embeddable":true,"href":"https:\/\/www.europesays.com\/fr\/wp-json\/wp\/v2\/users\/2"}],"replies":[{"embeddable":true,"href":"https:\/\/www.europesays.com\/fr\/wp-json\/wp\/v2\/comments?post=637298"}],"version-history":[{"count":0,"href":"https:\/\/www.europesays.com\/fr\/wp-json\/wp\/v2\/posts\/637298\/revisions"}],"wp:featuredmedia":[{"embeddable":true,"href":"https:\/\/www.europesays.com\/fr\/wp-json\/wp\/v2\/media\/637299"}],"wp:attachment":[{"href":"https:\/\/www.europesays.com\/fr\/wp-json\/wp\/v2\/media?parent=637298"}],"wp:term":[{"taxonomy":"category","embeddable":true,"href":"https:\/\/www.europesays.com\/fr\/wp-json\/wp\/v2\/categories?post=637298"},{"taxonomy":"post_tag","embeddable":true,"href":"https:\/\/www.europesays.com\/fr\/wp-json\/wp\/v2\/tags?post=637298"}],"curies":[{"name":"wp","href":"https:\/\/api.w.org\/{rel}","templated":true}]}}