{"id":637307,"date":"2026-01-03T00:54:18","date_gmt":"2026-01-03T00:54:18","guid":{"rendered":"https:\/\/www.europesays.com\/fr\/637307\/"},"modified":"2026-01-03T00:54:18","modified_gmt":"2026-01-03T00:54:18","slug":"le-stade-rochelais-est-entre-en-contact-avec-theo-mcfarland-saracens","status":"publish","type":"post","link":"https:\/\/www.europesays.com\/fr\/637307\/","title":{"rendered":"Le Stade Rochelais est entr\u00e9 en contact avec Theo McFarland (Saracens)"},"content":{"rendered":"<p>Les Jaune et Noir, en tension au poste de seconde ligne, recherchent depuis plusieurs mois un joueur polyvalent \u00e0 m\u00eame d\u2019\u00e9voluer avec le num\u00e9ro\u00a05 dans le dos. Comme r\u00e9v\u00e9l\u00e9 par \u00ab\u00a0Midi Olympique\u00a0\u00bb, le Stade Rochelais est bien en contact avec l\u2019international samoan Theo McFarland (30\u00a0ans, 1,96\u00a0m, 115\u00a0kg et 24 s\u00e9lections au compteur). Capable de jouer 2e ou 3e ligne, celui-ci \u00e9volue depuis 2021 aux Saracens, o\u00f9 il a notamment palli\u00e9 le d\u00e9part de Will Skelton pour La\u00a0Rochelle.<\/p>\n","protected":false},"excerpt":{"rendered":"Les Jaune et Noir, en tension au poste de seconde ligne, recherchent depuis plusieurs mois un joueur polyvalent&hellip;\n","protected":false},"author":2,"featured_media":637308,"comment_status":"","ping_status":"","sticky":false,"template":"","format":"standard","meta":{"footnotes":""},"categories":[1416],"tags":[1011,27,479,1468,60],"class_list":{"0":"post-637307","1":"post","2":"type-post","3":"status-publish","4":"format-standard","5":"has-post-thumbnail","7":"category-rugby","8":"tag-fr","9":"tag-france","10":"tag-rugby","11":"tag-rugby-football","12":"tag-sports"},"share_on_mastodon":{"url":"https:\/\/pubeurope.com\/@fr\/115828441952230551","error":""},"_links":{"self":[{"href":"https:\/\/www.europesays.com\/fr\/wp-json\/wp\/v2\/posts\/637307","targetHints":{"allow":["GET"]}}],"collection":[{"href":"https:\/\/www.europesays.com\/fr\/wp-json\/wp\/v2\/posts"}],"about":[{"href":"https:\/\/www.europesays.com\/fr\/wp-json\/wp\/v2\/types\/post"}],"author":[{"embeddable":true,"href":"https:\/\/www.europesays.com\/fr\/wp-json\/wp\/v2\/users\/2"}],"replies":[{"embeddable":true,"href":"https:\/\/www.europesays.com\/fr\/wp-json\/wp\/v2\/comments?post=637307"}],"version-history":[{"count":0,"href":"https:\/\/www.europesays.com\/fr\/wp-json\/wp\/v2\/posts\/637307\/revisions"}],"wp:featuredmedia":[{"embeddable":true,"href":"https:\/\/www.europesays.com\/fr\/wp-json\/wp\/v2\/media\/637308"}],"wp:attachment":[{"href":"https:\/\/www.europesays.com\/fr\/wp-json\/wp\/v2\/media?parent=637307"}],"wp:term":[{"taxonomy":"category","embeddable":true,"href":"https:\/\/www.europesays.com\/fr\/wp-json\/wp\/v2\/categories?post=637307"},{"taxonomy":"post_tag","embeddable":true,"href":"https:\/\/www.europesays.com\/fr\/wp-json\/wp\/v2\/tags?post=637307"}],"curies":[{"name":"wp","href":"https:\/\/api.w.org\/{rel}","templated":true}]}}