{"id":637309,"date":"2026-01-03T00:55:14","date_gmt":"2026-01-03T00:55:14","guid":{"rendered":"https:\/\/www.europesays.com\/fr\/637309\/"},"modified":"2026-01-03T00:55:14","modified_gmt":"2026-01-03T00:55:14","slug":"la-france-se-projette-avec-ambition-avant-le-debut-de-la-competition","status":"publish","type":"post","link":"https:\/\/www.europesays.com\/fr\/637309\/","title":{"rendered":"la France se projette avec ambition avant le d\u00e9but de la comp\u00e9tition"},"content":{"rendered":"<p>\tUnited Cup 2026 : la France se projette avec ambition avant le d\u00e9but de la comp\u00e9tition<\/p>\n<p>\t\t\t\t<a href=\"https:\/\/www.universtennis.com\/\" target=\"_blank\" rel=\"noopener\">Univers Tennis<\/a>  United Cup : l\u2019\u00e9quipe de France avance avec ambition malgr\u00e9 un contexte d\u00e9licat<\/p>\n","protected":false},"excerpt":{"rendered":"United Cup 2026 : la France se projette avec ambition avant le d\u00e9but de la comp\u00e9tition Univers Tennis&hellip;\n","protected":false},"author":2,"featured_media":637310,"comment_status":"","ping_status":"","sticky":false,"template":"","format":"standard","meta":{"footnotes":""},"categories":[1415],"tags":[1011,27,60,1467,74388],"class_list":{"0":"post-637309","1":"post","2":"type-post","3":"status-publish","4":"format-standard","5":"has-post-thumbnail","7":"category-tennis","8":"tag-fr","9":"tag-france","10":"tag-sports","11":"tag-tennis","12":"tag-united-cup"},"share_on_mastodon":{"url":"https:\/\/pubeurope.com\/@fr\/115828445877677508","error":""},"_links":{"self":[{"href":"https:\/\/www.europesays.com\/fr\/wp-json\/wp\/v2\/posts\/637309","targetHints":{"allow":["GET"]}}],"collection":[{"href":"https:\/\/www.europesays.com\/fr\/wp-json\/wp\/v2\/posts"}],"about":[{"href":"https:\/\/www.europesays.com\/fr\/wp-json\/wp\/v2\/types\/post"}],"author":[{"embeddable":true,"href":"https:\/\/www.europesays.com\/fr\/wp-json\/wp\/v2\/users\/2"}],"replies":[{"embeddable":true,"href":"https:\/\/www.europesays.com\/fr\/wp-json\/wp\/v2\/comments?post=637309"}],"version-history":[{"count":0,"href":"https:\/\/www.europesays.com\/fr\/wp-json\/wp\/v2\/posts\/637309\/revisions"}],"wp:featuredmedia":[{"embeddable":true,"href":"https:\/\/www.europesays.com\/fr\/wp-json\/wp\/v2\/media\/637310"}],"wp:attachment":[{"href":"https:\/\/www.europesays.com\/fr\/wp-json\/wp\/v2\/media?parent=637309"}],"wp:term":[{"taxonomy":"category","embeddable":true,"href":"https:\/\/www.europesays.com\/fr\/wp-json\/wp\/v2\/categories?post=637309"},{"taxonomy":"post_tag","embeddable":true,"href":"https:\/\/www.europesays.com\/fr\/wp-json\/wp\/v2\/tags?post=637309"}],"curies":[{"name":"wp","href":"https:\/\/api.w.org\/{rel}","templated":true}]}}