{"id":637316,"date":"2026-01-03T01:02:12","date_gmt":"2026-01-03T01:02:12","guid":{"rendered":"https:\/\/www.europesays.com\/fr\/637316\/"},"modified":"2026-01-03T01:02:12","modified_gmt":"2026-01-03T01:02:12","slug":"depuis-plus-de-10-ans-zoe-benard-photographie-les-animaux-avec-passion","status":"publish","type":"post","link":"https:\/\/www.europesays.com\/fr\/637316\/","title":{"rendered":"Depuis plus de 10 ans, Zo\u00e9 B\u00e9nard photographie les animaux avec passion"},"content":{"rendered":"<p>                    Par<br \/>\n        <strong><br \/>\n            <a href=\"https:\/\/actu.fr\/auteur\/pauline-cottard\" title=\"Consulter tous les articles de Pauline Cottard\" target=\"_blank\" rel=\"noopener\">Pauline Cottard<\/a><br \/>\n                    <\/strong><\/p>\n<p>        Publi\u00e9 le<\/p>\n<p>            2 janv. 2026 \u00e0 12h00        <\/p>\n<p>Depuis le 1er octobre 2024, Zo\u00e9 B\u00e9nard, 24 ans, a lanc\u00e9 sa micro-entreprise et propose des photos en ext\u00e9rieur d\u2019animaux et d\u2019enfants dans le secteur autour de chez elle \u00e0 <a href=\"https:\/\/actu.fr\/normandie\/saint-etienne-la-thillaye_14575\" target=\"_blank\" rel=\"noopener\">Saint-Etienne-la-Thillaye<\/a>.<\/p>\n<p class=\" wall-content\">L\u2019id\u00e9e de se lancer dans la photo ne date pas d\u2019hier, depuis son enfance elle adore les animaux et pratique la photo en loisir : \u00ab\u00a0J\u2019ai toujours plus ou moins fait de la photo, et c\u2019est quand on a eu ma chienne quand j\u2019avais quatorze ans, une Jack Russell, que j\u2019ai d\u00e9cid\u00e9 de faire un compte Instagram qui lui \u00e9tait d\u00e9di\u00e9. J\u2019ai pris l\u2019appareil photo de mon p\u00e8re pour faire du joli contenu. On m\u2019a offert, au No\u00ebl suivant, mon premier appareil photo pour que je puisse alimenter le compte et faire des photos de qualit\u00e9, et je n\u2019ai plus arr\u00eat\u00e9.\u00a0\u00bb Avant de se lancer pleinement dans la photo, la jeune normande a fait des \u00e9tudes d\u2019auxiliaire v\u00e9t\u00e9rinaire, ce qui lui a permis de rester dans sa passion pour les animaux et de savoir comment agir avec eux pour faire des photos encore plus qualitatives.\u00a0<\/p>\n<p>    <img   decoding=\"async\" loading=\"lazy\" class=\"size-large\" src=\"https:\/\/www.europesays.com\/fr\/wp-content\/uploads\/2026\/01\/ba260a5d93596e7360a5d93592d360v-731x640.jpg\" alt=\"Exemple de photo prise par Zo\u00e9 Benard\" width=\"731\" height=\"640\"\/><br \/>\n    Exemple de photo prise par Zo\u00e9 B\u00e9nard \u00a9Photo remise par Zo\u00e9 B\u00e9nardC\u00e9l\u00e9brer l\u2019amour \u00e0 travers les photos<\/p>\n<p class=\" wall-content\">Zo\u00e9 B\u00e9nard propose \u00e9galement des prestations pour faire des photos de mariage, comp\u00e9tence qu\u2019elle a acquise par le biais de connaissances qui ont voulu que ce soit elle, leur photographe de mariage : \u00ab\u00a0Quand ils ont vu mes photos sur le compte Instagram de ma chienne, ils ont voulu que je fasse leurs photos de mariages. Cela m\u2019a permis d\u2019acqu\u00e9rir plus de comp\u00e9tences et d\u2019aller sur d\u2019autres choses que ma premi\u00e8re base sur les animaux.\u00a0\u00bb\u00a0<\/p>\n<p>    <img   decoding=\"async\" loading=\"lazy\" class=\"size-large\" src=\"https:\/\/www.europesays.com\/fr\/wp-content\/uploads\/2026\/01\/f5c4217e93596d9c4217e9359cdc42v-960x640.jpg\" alt=\"Exemple de photo de mariage prise par Zo\u00e9 Benard\" width=\"960\" height=\"640\"\/><br \/>\n    Exemple de photo de mariage prise par Zo\u00e9 B\u00e9nard \u00a9Photo remise par Zo\u00e9 B\u00e9nardBien diff\u00e9rencier les sujets \u00e0 photographier\u00a0<\/p>\n<p class=\" wall-content\">La jeune photographe nous explique comment bien capturer les animaux et quelle posture adopter pour les diff\u00e9rencier des photos d\u2019humains : \u00ab\u00a0Les photos d\u2019animaux sont l\u00e0 pour capter des micro-\u00e9motions, car ils bougent tout le temps. On doit s\u2019adapter \u00e0 eux et les mettre en confiance pour capturer l\u2019instant qui fera la photo parfaite. Les photos de mariages ou d\u2019enfants sont plus minimalistes et sobres pour vraiment faire un lien entre le sujet photographi\u00e9 et le d\u00e9cor ext\u00e9rieur. Je me forme encore pour vraiment pouvoir am\u00e9liorer mes photos et rendre une copie parfaite.\u00a0\u00bb\u00a0<\/p>\n<p>Vid\u00e9os : en ce moment sur ActuPhotographier le d\u00e9but d\u2019une vie\u2009: des photos de grossesses<\/p>\n<p>Au mois de f\u00e9vrier, la jeune photographe se formera pour faire des photos de femmes pendant leur grossesse ainsi que des photos de nouveaux n\u00e9s. Ce sera une nouvelle mani\u00e8re de travailler car comme elle le dit elle-m\u00eame\u2009: \u00ab\u2009Un ventre de femme enceinte ou un nouveau n\u00e9 c\u2019est tr\u00e8s d\u00e9licat, donc il faut faire attention.\u2009\u00bb La jeune entrepreneuse pourra proposer ces prestations vers le mois de mars, dans une pi\u00e8ce qu\u2019elle va am\u00e9nager chez elle, \u00e0 Saint-\u00c9tienne-la-Thillaye, pour pouvoir accueillir les familles.<\/p>\n<p>Demande de rendez-vous sur le site internet \u00ab\u00a0<a href=\"https:\/\/sites.google.com\/view\/zoebphotographe\/accueil?authuser=0\" target=\"_blank\" rel=\"noopener\">Zo\u00e9 B\u00e9nard Photographe<\/a>\u00a0\u00bb ou par message sur Instagram \u00ab\u00a0zoeephotographie\u00a0\u00bb. Par t\u00e9l\u00e9phone : 06 62 33 25 47. Par mail : <a href=\"https:\/\/actu.fr\/cdn-cgi\/l\/email-protection\" class=\"__cf_email__\" data-cfemail=\"6c1603090e1c040318030b1e0d1c04092c0b010d0500420f0301\" target=\"_blank\" rel=\"noopener\">[email\u00a0protected]<\/a>.\u00a0<\/p>\n<p class=\" wall-content\">Personnalisez votre actualit\u00e9 en ajoutant vos villes et m\u00e9dias en favori avec <a href=\"https:\/\/moncompte.actu.fr\" title=\"D\u00e9couvez Mon Actu\" rel=\"nofollow noopener\" data-trk=\"{&quot;cta&quot;:{&quot;action&quot;:&quot;https:\\\/\\\/moncompte.actu.fr&quot;,&quot;category&quot;:&quot;mon compte&quot;,&quot;from&quot;:&quot;article footer&quot;,&quot;name&quot;:&quot;Mon actu&quot;,&quot;type&quot;:&quot;cta&quot;}}\" target=\"_blank\">Mon Actu<\/a>.<\/p>\n","protected":false},"excerpt":{"rendered":"Par Pauline Cottard Publi\u00e9 le 2 janv. 2026 \u00e0 12h00 Depuis le 1er octobre 2024, Zo\u00e9 B\u00e9nard, 24&hellip;\n","protected":false},"author":2,"featured_media":637317,"comment_status":"","ping_status":"","sticky":false,"template":"","format":"standard","meta":{"footnotes":""},"categories":[1358],"tags":[1348,1384,1385,1386,58,59,1011,27,104],"class_list":{"0":"post-637316","1":"post","2":"type-post","3":"status-publish","4":"format-standard","5":"has-post-thumbnail","7":"category-arts-et-design","8":"tag-arts","9":"tag-arts-and-design","10":"tag-arts-et-design","11":"tag-design","12":"tag-divertissement","13":"tag-entertainment","14":"tag-fr","15":"tag-france","16":"tag-societe"},"share_on_mastodon":{"url":"https:\/\/pubeurope.com\/@fr\/115828473496599686","error":""},"_links":{"self":[{"href":"https:\/\/www.europesays.com\/fr\/wp-json\/wp\/v2\/posts\/637316","targetHints":{"allow":["GET"]}}],"collection":[{"href":"https:\/\/www.europesays.com\/fr\/wp-json\/wp\/v2\/posts"}],"about":[{"href":"https:\/\/www.europesays.com\/fr\/wp-json\/wp\/v2\/types\/post"}],"author":[{"embeddable":true,"href":"https:\/\/www.europesays.com\/fr\/wp-json\/wp\/v2\/users\/2"}],"replies":[{"embeddable":true,"href":"https:\/\/www.europesays.com\/fr\/wp-json\/wp\/v2\/comments?post=637316"}],"version-history":[{"count":0,"href":"https:\/\/www.europesays.com\/fr\/wp-json\/wp\/v2\/posts\/637316\/revisions"}],"wp:featuredmedia":[{"embeddable":true,"href":"https:\/\/www.europesays.com\/fr\/wp-json\/wp\/v2\/media\/637317"}],"wp:attachment":[{"href":"https:\/\/www.europesays.com\/fr\/wp-json\/wp\/v2\/media?parent=637316"}],"wp:term":[{"taxonomy":"category","embeddable":true,"href":"https:\/\/www.europesays.com\/fr\/wp-json\/wp\/v2\/categories?post=637316"},{"taxonomy":"post_tag","embeddable":true,"href":"https:\/\/www.europesays.com\/fr\/wp-json\/wp\/v2\/tags?post=637316"}],"curies":[{"name":"wp","href":"https:\/\/api.w.org\/{rel}","templated":true}]}}